{"id":6076,"date":"2024-10-04T18:15:29","date_gmt":"2024-10-04T16:15:29","guid":{"rendered":"https:\/\/www.bremer-buendnis.de\/2024\/10\/04\/souhrnne-video-swing-exchange-bremy-2024\/"},"modified":"2025-03-04T17:15:57","modified_gmt":"2025-03-04T16:15:57","slug":"souhrnne-video-swing-exchange-bremy-2024","status":"publish","type":"post","link":"https:\/\/www.bremer-buendnis.de\/cs\/2024\/10\/04\/souhrnne-video-swing-exchange-bremy-2024\/","title":{"rendered":"Souhrnn\u00e9 video: Swing-Exchange Br\u00e9my 2024"},"content":{"rendered":"\t\t<div data-elementor-type=\"wp-post\" data-elementor-id=\"6076\" class=\"elementor elementor-6076 elementor-3213\" data-elementor-post-type=\"post\">\n\t\t\t\t<div data-particle_enable=\"false\" data-particle-mobile-disabled=\"false\" class=\"elementor-element elementor-element-6bbf37f e-flex e-con-boxed e-con e-parent\" data-id=\"6bbf37f\" data-element_type=\"container\" data-e-type=\"container\">\n\t\t\t\t\t<div class=\"e-con-inner\">\n\t\t\t\t<div class=\"elementor-element elementor-element-e74927f elementor-widget elementor-widget-heading\" data-id=\"e74927f\" data-element_type=\"widget\" data-e-type=\"widget\" data-widget_type=\"heading.default\">\n\t\t\t\t<div class=\"elementor-widget-container\">\n\t\t\t\t\t<h1 class=\"elementor-heading-title elementor-size-default\">Souhrnn\u00e9 video: Swingov\u00e1 burza Br\u00e9my 2024<\/h1>\t\t\t\t<\/div>\n\t\t\t\t<\/div>\n\t\t\t\t\t<\/div>\n\t\t\t\t<\/div>\n\t\t<div data-particle_enable=\"false\" data-particle-mobile-disabled=\"false\" class=\"elementor-element elementor-element-91395fa e-grid e-con-boxed e-con e-parent\" data-id=\"91395fa\" data-element_type=\"container\" data-e-type=\"container\" data-settings=\"{&quot;background_background&quot;:&quot;classic&quot;}\">\n\t\t\t\t\t<div class=\"e-con-inner\">\n\t\t\t\t<div class=\"elementor-element elementor-element-48b2b99 elementor-widget elementor-widget-text-editor\" data-id=\"48b2b99\" data-element_type=\"widget\" data-e-type=\"widget\" data-widget_type=\"text-editor.default\">\n\t\t\t\t<div class=\"elementor-widget-container\">\n\t\t\t\t\t\t\t\t\t<p><strong>Byla to velk\u00e1 z\u00e1bava!<br \/><\/strong><\/p>\n<p>Shrnuj\u00edc\u00ed video z na\u0161eho v\u00edkendu Swing Exchange v srpnu 2024 najdete zde. Pod\u00edvejte se na dojmy z t\u00e9to akce v kr\u00e1tk\u00e9m videu. <\/p>\n<p>D\u011bkujeme v\u0161em \u00fa\u010dastn\u00edk\u016fm z cel\u00e9 Evropy. Bylo velmi p\u0159\u00edjemn\u00e9 nav\u00e1zat kontakty, spole\u010dn\u011b tan\u010dit, u\u010dit se a uct\u00edt pam\u00e1tku mlad\u00fdch swingov\u00fdch tane\u010dn\u00edk\u016f, kte\u0159\u00ed byli pron\u00e1sledov\u00e1ni nacistick\u00fdm re\u017eimem. <\/p>\n<p>Swing byl a je symbolem svobody a individuality. T\u011b\u0161\u00edme se na dal\u0161\u00ed akce v Praze v listopadu! <\/p>\n\t\t\t\t\t\t\t\t<\/div>\n\t\t\t\t<\/div>\n\t\t\t\t<div class=\"elementor-element elementor-element-d268e0a elementor-widget__width-initial elementor-widget elementor-widget-text-editor\" data-id=\"d268e0a\" data-element_type=\"widget\" data-e-type=\"widget\" data-widget_type=\"text-editor.default\">\n\t\t\t\t<div class=\"elementor-widget-container\">\n\t\t\t\t\t\t\t\t\t<p><div style=\"width: 525px;\" class=\"wp-video\"><video class=\"wp-video-shortcode\" id=\"video-6076-1\" width=\"525\" height=\"933\" preload=\"metadata\" controls=\"controls\"><source type=\"video\/mp4\" src=\"https:\/\/www.bremer-buendnis.de\/wp-content\/uploads\/2024\/10\/Recap-Video-Swing-Exchange.mp4?_=1\" \/><a href=\"https:\/\/www.bremer-buendnis.de\/wp-content\/uploads\/2024\/10\/Recap-Video-Swing-Exchange.mp4\">https:\/\/www.bremer-buendnis.de\/wp-content\/uploads\/2024\/10\/Recap-Video-Swing-Exchange.mp4<\/a><\/video><\/div><\/p>\n\t\t\t\t\t\t\t\t<\/div>\n\t\t\t\t<\/div>\n\t\t\t\t\t<\/div>\n\t\t\t\t<\/div>\n\t\t<div data-particle_enable=\"false\" data-particle-mobile-disabled=\"false\" class=\"elementor-element elementor-element-14e5fa6 e-flex e-con-boxed e-con e-parent\" data-id=\"14e5fa6\" data-element_type=\"container\" data-e-type=\"container\">\n\t\t\t\t\t<div class=\"e-con-inner\">\n\t\t\t\t\t<\/div>\n\t\t\t\t<\/div>\n\t\t\t\t<\/div>\n\t\t","protected":false},"excerpt":{"rendered":"<p>Souhrnn\u00e9 video: Swingov\u00e1 burza Br\u00e9my 2024 Byla to velk\u00e1 z\u00e1bava! Shrnuj\u00edc\u00ed video z na\u0161eho v\u00edkendu Swing Exchange v srpnu 2024 najdete zde. Pod\u00edvejte se na dojmy z t\u00e9to akce v kr\u00e1tk\u00e9m videu. D\u011bkujeme v\u0161em \u00fa\u010dastn\u00edk\u016fm z cel\u00e9 Evropy. Bylo velmi p\u0159\u00edjemn\u00e9 nav\u00e1zat kontakty, spole\u010dn\u011b tan\u010dit, u\u010dit se a uct\u00edt pam\u00e1tku mlad\u00fdch swingov\u00fdch tane\u010dn\u00edk\u016f, kte\u0159\u00ed byli &hellip; <\/p>\n<p class=\"link-more\"><a href=\"https:\/\/www.bremer-buendnis.de\/cs\/2024\/10\/04\/souhrnne-video-swing-exchange-bremy-2024\/\" class=\"more-link\">Pokra\u010dovat ve \u010dten\u00ed<span class=\"screen-reader-text\"> &#8222;Souhrnn\u00e9 video: Swing-Exchange Br\u00e9my 2024&#8220;<\/span><\/a><\/p>\n","protected":false},"author":11,"featured_media":5501,"comment_status":"closed","ping_status":"open","sticky":false,"template":"elementor_header_footer","format":"standard","meta":{"footnotes":"","_links_to":"","_links_to_target":""},"categories":[48,47],"tags":[],"class_list":["post-6076","post","type-post","status-publish","format-standard","has-post-thumbnail","hentry","category-swing-cs","category-zpravy"],"yoast_head":"<!-- This site is optimized with the Yoast SEO plugin v27.2 - https:\/\/yoast.com\/product\/yoast-seo-wordpress\/ -->\n<title>Souhrnn\u00e9 video: Swing-Exchange Br\u00e9my 2024 - Bremer B\u00fcndnis f\u00fcr deutsch-tschechische Zusammenarbeit<\/title>\n<meta name=\"robots\" content=\"index, follow, max-snippet:-1, max-image-preview:large, max-video-preview:-1\" \/>\n<link rel=\"canonical\" href=\"https:\/\/www.bremer-buendnis.de\/cs\/2024\/10\/04\/souhrnne-video-swing-exchange-bremy-2024\/\" \/>\n<meta property=\"og:locale\" content=\"cs_CZ\" \/>\n<meta property=\"og:type\" content=\"article\" \/>\n<meta property=\"og:title\" content=\"Souhrnn\u00e9 video: Swing-Exchange Br\u00e9my 2024 - Bremer B\u00fcndnis f\u00fcr deutsch-tschechische Zusammenarbeit\" \/>\n<meta property=\"og:description\" content=\"Souhrnn\u00e9 video: Swingov\u00e1 burza Br\u00e9my 2024 Byla to velk\u00e1 z\u00e1bava! Shrnuj\u00edc\u00ed video z na\u0161eho v\u00edkendu Swing Exchange v srpnu 2024 najdete zde. Pod\u00edvejte se na dojmy z t\u00e9to akce v kr\u00e1tk\u00e9m videu. D\u011bkujeme v\u0161em \u00fa\u010dastn\u00edk\u016fm z cel\u00e9 Evropy. Bylo velmi p\u0159\u00edjemn\u00e9 nav\u00e1zat kontakty, spole\u010dn\u011b tan\u010dit, u\u010dit se a uct\u00edt pam\u00e1tku mlad\u00fdch swingov\u00fdch tane\u010dn\u00edk\u016f, kte\u0159\u00ed byli &hellip; Pokra\u010dovat ve \u010dten\u00ed &quot;Souhrnn\u00e9 video: Swing-Exchange Br\u00e9my 2024&quot;\" \/>\n<meta property=\"og:url\" content=\"https:\/\/www.bremer-buendnis.de\/cs\/2024\/10\/04\/souhrnne-video-swing-exchange-bremy-2024\/\" \/>\n<meta property=\"og:site_name\" content=\"Bremer B\u00fcndnis f\u00fcr deutsch-tschechische Zusammenarbeit\" \/>\n<meta property=\"article:published_time\" content=\"2024-10-04T16:15:29+00:00\" \/>\n<meta property=\"article:modified_time\" content=\"2025-03-04T16:15:57+00:00\" \/>\n<meta property=\"og:image\" content=\"https:\/\/www.bremer-buendnis.de\/wp-content\/uploads\/2024\/10\/Recap-Video-Swing-Exchange-Snapshot-576x1024.png\" \/>\n\t<meta property=\"og:image:width\" content=\"576\" \/>\n\t<meta property=\"og:image:height\" content=\"1024\" \/>\n\t<meta property=\"og:image:type\" content=\"image\/png\" \/>\n<meta name=\"author\" content=\"Philipp Mangels\" \/>\n<meta name=\"twitter:card\" content=\"summary_large_image\" \/>\n<meta name=\"twitter:label1\" content=\"Napsal(a)\" \/>\n\t<meta name=\"twitter:data1\" content=\"Philipp Mangels\" \/>\n\t<meta name=\"twitter:label2\" content=\"Odhadovan\u00e1 doba \u010dten\u00ed\" \/>\n\t<meta name=\"twitter:data2\" content=\"1 minuta\" \/>\n<script type=\"application\/ld+json\" class=\"yoast-schema-graph\">{\"@context\":\"https:\/\/schema.org\",\"@graph\":[{\"@type\":\"Article\",\"@id\":\"https:\/\/www.bremer-buendnis.de\/cs\/2024\/10\/04\/souhrnne-video-swing-exchange-bremy-2024\/#article\",\"isPartOf\":{\"@id\":\"https:\/\/www.bremer-buendnis.de\/cs\/2024\/10\/04\/souhrnne-video-swing-exchange-bremy-2024\/\"},\"author\":{\"name\":\"Philipp Mangels\",\"@id\":\"https:\/\/www.bremer-buendnis.de\/cs\/#\/schema\/person\/e4409591824d602543e26f5cd7db8356\"},\"headline\":\"Souhrnn\u00e9 video: Swing-Exchange Br\u00e9my 2024\",\"datePublished\":\"2024-10-04T16:15:29+00:00\",\"dateModified\":\"2025-03-04T16:15:57+00:00\",\"mainEntityOfPage\":{\"@id\":\"https:\/\/www.bremer-buendnis.de\/cs\/2024\/10\/04\/souhrnne-video-swing-exchange-bremy-2024\/\"},\"wordCount\":120,\"publisher\":{\"@id\":\"https:\/\/www.bremer-buendnis.de\/cs\/#organization\"},\"image\":{\"@id\":\"https:\/\/www.bremer-buendnis.de\/cs\/2024\/10\/04\/souhrnne-video-swing-exchange-bremy-2024\/#primaryimage\"},\"thumbnailUrl\":\"https:\/\/www.bremer-buendnis.de\/wp-content\/uploads\/2024\/10\/Recap-Video-Swing-Exchange-Snapshot.png\",\"articleSection\":[\"Swing\",\"Zpr\u00e1vy\"],\"inLanguage\":\"cs\"},{\"@type\":\"WebPage\",\"@id\":\"https:\/\/www.bremer-buendnis.de\/cs\/2024\/10\/04\/souhrnne-video-swing-exchange-bremy-2024\/\",\"url\":\"https:\/\/www.bremer-buendnis.de\/cs\/2024\/10\/04\/souhrnne-video-swing-exchange-bremy-2024\/\",\"name\":\"Souhrnn\u00e9 video: Swing-Exchange Br\u00e9my 2024 - Bremer B\u00fcndnis f\u00fcr deutsch-tschechische Zusammenarbeit\",\"isPartOf\":{\"@id\":\"https:\/\/www.bremer-buendnis.de\/cs\/#website\"},\"primaryImageOfPage\":{\"@id\":\"https:\/\/www.bremer-buendnis.de\/cs\/2024\/10\/04\/souhrnne-video-swing-exchange-bremy-2024\/#primaryimage\"},\"image\":{\"@id\":\"https:\/\/www.bremer-buendnis.de\/cs\/2024\/10\/04\/souhrnne-video-swing-exchange-bremy-2024\/#primaryimage\"},\"thumbnailUrl\":\"https:\/\/www.bremer-buendnis.de\/wp-content\/uploads\/2024\/10\/Recap-Video-Swing-Exchange-Snapshot.png\",\"datePublished\":\"2024-10-04T16:15:29+00:00\",\"dateModified\":\"2025-03-04T16:15:57+00:00\",\"breadcrumb\":{\"@id\":\"https:\/\/www.bremer-buendnis.de\/cs\/2024\/10\/04\/souhrnne-video-swing-exchange-bremy-2024\/#breadcrumb\"},\"inLanguage\":\"cs\",\"potentialAction\":[{\"@type\":\"ReadAction\",\"target\":[\"https:\/\/www.bremer-buendnis.de\/cs\/2024\/10\/04\/souhrnne-video-swing-exchange-bremy-2024\/\"]}]},{\"@type\":\"ImageObject\",\"inLanguage\":\"cs\",\"@id\":\"https:\/\/www.bremer-buendnis.de\/cs\/2024\/10\/04\/souhrnne-video-swing-exchange-bremy-2024\/#primaryimage\",\"url\":\"https:\/\/www.bremer-buendnis.de\/wp-content\/uploads\/2024\/10\/Recap-Video-Swing-Exchange-Snapshot.png\",\"contentUrl\":\"https:\/\/www.bremer-buendnis.de\/wp-content\/uploads\/2024\/10\/Recap-Video-Swing-Exchange-Snapshot.png\",\"width\":1080,\"height\":1920},{\"@type\":\"BreadcrumbList\",\"@id\":\"https:\/\/www.bremer-buendnis.de\/cs\/2024\/10\/04\/souhrnne-video-swing-exchange-bremy-2024\/#breadcrumb\",\"itemListElement\":[{\"@type\":\"ListItem\",\"position\":1,\"name\":\"Startseite\",\"item\":\"https:\/\/www.bremer-buendnis.de\/cs\/domovska-stranka\/\"},{\"@type\":\"ListItem\",\"position\":2,\"name\":\"Souhrnn\u00e9 video: Swing-Exchange Br\u00e9my 2024\"}]},{\"@type\":\"WebSite\",\"@id\":\"https:\/\/www.bremer-buendnis.de\/cs\/#website\",\"url\":\"https:\/\/www.bremer-buendnis.de\/cs\/\",\"name\":\"Bremer B\u00fcndnis f\u00fcr deutsch-tschechische Zusammenarbeit\",\"description\":\"Das Bremer B\u00fcndnis f\u00fcr deutsch-tschechische Zusammenarbeit e.V. b\u00fcndelt Ideen und Aktivit\u00e4ten mit dem Ziel, die deutsch-tschechische Zusammenarbeit zu f\u00f6rdern und deren Akteure zu vernetzen.\",\"publisher\":{\"@id\":\"https:\/\/www.bremer-buendnis.de\/cs\/#organization\"},\"potentialAction\":[{\"@type\":\"SearchAction\",\"target\":{\"@type\":\"EntryPoint\",\"urlTemplate\":\"https:\/\/www.bremer-buendnis.de\/cs\/?s={search_term_string}\"},\"query-input\":{\"@type\":\"PropertyValueSpecification\",\"valueRequired\":true,\"valueName\":\"search_term_string\"}}],\"inLanguage\":\"cs\"},{\"@type\":\"Organization\",\"@id\":\"https:\/\/www.bremer-buendnis.de\/cs\/#organization\",\"name\":\"Bremer B\u00fcndnis f\u00fcr deutsch-tschechische Zusammenarbeit\",\"url\":\"https:\/\/www.bremer-buendnis.de\/cs\/\",\"logo\":{\"@type\":\"ImageObject\",\"inLanguage\":\"cs\",\"@id\":\"https:\/\/www.bremer-buendnis.de\/cs\/#\/schema\/logo\/image\/\",\"url\":\"https:\/\/www.bremer-buendnis.de\/wp-content\/uploads\/2019\/12\/cropped-BB_Logo-long_white-1.png\",\"contentUrl\":\"https:\/\/www.bremer-buendnis.de\/wp-content\/uploads\/2019\/12\/cropped-BB_Logo-long_white-1.png\",\"width\":691,\"height\":250,\"caption\":\"Bremer B\u00fcndnis f\u00fcr deutsch-tschechische Zusammenarbeit\"},\"image\":{\"@id\":\"https:\/\/www.bremer-buendnis.de\/cs\/#\/schema\/logo\/image\/\"}},{\"@type\":\"Person\",\"@id\":\"https:\/\/www.bremer-buendnis.de\/cs\/#\/schema\/person\/e4409591824d602543e26f5cd7db8356\",\"name\":\"Philipp Mangels\",\"image\":{\"@type\":\"ImageObject\",\"inLanguage\":\"cs\",\"@id\":\"https:\/\/secure.gravatar.com\/avatar\/927e4e763dad8f387a528e5b9739ec56decc3b808346a5b987f0a77ac0134f05?s=96&d=mm&r=g\",\"url\":\"https:\/\/secure.gravatar.com\/avatar\/927e4e763dad8f387a528e5b9739ec56decc3b808346a5b987f0a77ac0134f05?s=96&d=mm&r=g\",\"contentUrl\":\"https:\/\/secure.gravatar.com\/avatar\/927e4e763dad8f387a528e5b9739ec56decc3b808346a5b987f0a77ac0134f05?s=96&d=mm&r=g\",\"caption\":\"Philipp Mangels\"},\"url\":\"https:\/\/www.bremer-buendnis.de\/cs\/author\/philipp-mangels\/\"}]}<\/script>\n<!-- \/ Yoast SEO plugin. -->","yoast_head_json":{"title":"Souhrnn\u00e9 video: Swing-Exchange Br\u00e9my 2024 - Bremer B\u00fcndnis f\u00fcr deutsch-tschechische Zusammenarbeit","robots":{"index":"index","follow":"follow","max-snippet":"max-snippet:-1","max-image-preview":"max-image-preview:large","max-video-preview":"max-video-preview:-1"},"canonical":"https:\/\/www.bremer-buendnis.de\/cs\/2024\/10\/04\/souhrnne-video-swing-exchange-bremy-2024\/","og_locale":"cs_CZ","og_type":"article","og_title":"Souhrnn\u00e9 video: Swing-Exchange Br\u00e9my 2024 - Bremer B\u00fcndnis f\u00fcr deutsch-tschechische Zusammenarbeit","og_description":"Souhrnn\u00e9 video: Swingov\u00e1 burza Br\u00e9my 2024 Byla to velk\u00e1 z\u00e1bava! Shrnuj\u00edc\u00ed video z na\u0161eho v\u00edkendu Swing Exchange v srpnu 2024 najdete zde. Pod\u00edvejte se na dojmy z t\u00e9to akce v kr\u00e1tk\u00e9m videu. D\u011bkujeme v\u0161em \u00fa\u010dastn\u00edk\u016fm z cel\u00e9 Evropy. Bylo velmi p\u0159\u00edjemn\u00e9 nav\u00e1zat kontakty, spole\u010dn\u011b tan\u010dit, u\u010dit se a uct\u00edt pam\u00e1tku mlad\u00fdch swingov\u00fdch tane\u010dn\u00edk\u016f, kte\u0159\u00ed byli &hellip; Pokra\u010dovat ve \u010dten\u00ed \"Souhrnn\u00e9 video: Swing-Exchange Br\u00e9my 2024\"","og_url":"https:\/\/www.bremer-buendnis.de\/cs\/2024\/10\/04\/souhrnne-video-swing-exchange-bremy-2024\/","og_site_name":"Bremer B\u00fcndnis f\u00fcr deutsch-tschechische Zusammenarbeit","article_published_time":"2024-10-04T16:15:29+00:00","article_modified_time":"2025-03-04T16:15:57+00:00","og_image":[{"width":576,"height":1024,"url":"https:\/\/www.bremer-buendnis.de\/wp-content\/uploads\/2024\/10\/Recap-Video-Swing-Exchange-Snapshot-576x1024.png","type":"image\/png"}],"author":"Philipp Mangels","twitter_card":"summary_large_image","twitter_misc":{"Napsal(a)":"Philipp Mangels","Odhadovan\u00e1 doba \u010dten\u00ed":"1 minuta"},"schema":{"@context":"https:\/\/schema.org","@graph":[{"@type":"Article","@id":"https:\/\/www.bremer-buendnis.de\/cs\/2024\/10\/04\/souhrnne-video-swing-exchange-bremy-2024\/#article","isPartOf":{"@id":"https:\/\/www.bremer-buendnis.de\/cs\/2024\/10\/04\/souhrnne-video-swing-exchange-bremy-2024\/"},"author":{"name":"Philipp Mangels","@id":"https:\/\/www.bremer-buendnis.de\/cs\/#\/schema\/person\/e4409591824d602543e26f5cd7db8356"},"headline":"Souhrnn\u00e9 video: Swing-Exchange Br\u00e9my 2024","datePublished":"2024-10-04T16:15:29+00:00","dateModified":"2025-03-04T16:15:57+00:00","mainEntityOfPage":{"@id":"https:\/\/www.bremer-buendnis.de\/cs\/2024\/10\/04\/souhrnne-video-swing-exchange-bremy-2024\/"},"wordCount":120,"publisher":{"@id":"https:\/\/www.bremer-buendnis.de\/cs\/#organization"},"image":{"@id":"https:\/\/www.bremer-buendnis.de\/cs\/2024\/10\/04\/souhrnne-video-swing-exchange-bremy-2024\/#primaryimage"},"thumbnailUrl":"https:\/\/www.bremer-buendnis.de\/wp-content\/uploads\/2024\/10\/Recap-Video-Swing-Exchange-Snapshot.png","articleSection":["Swing","Zpr\u00e1vy"],"inLanguage":"cs"},{"@type":"WebPage","@id":"https:\/\/www.bremer-buendnis.de\/cs\/2024\/10\/04\/souhrnne-video-swing-exchange-bremy-2024\/","url":"https:\/\/www.bremer-buendnis.de\/cs\/2024\/10\/04\/souhrnne-video-swing-exchange-bremy-2024\/","name":"Souhrnn\u00e9 video: Swing-Exchange Br\u00e9my 2024 - Bremer B\u00fcndnis f\u00fcr deutsch-tschechische Zusammenarbeit","isPartOf":{"@id":"https:\/\/www.bremer-buendnis.de\/cs\/#website"},"primaryImageOfPage":{"@id":"https:\/\/www.bremer-buendnis.de\/cs\/2024\/10\/04\/souhrnne-video-swing-exchange-bremy-2024\/#primaryimage"},"image":{"@id":"https:\/\/www.bremer-buendnis.de\/cs\/2024\/10\/04\/souhrnne-video-swing-exchange-bremy-2024\/#primaryimage"},"thumbnailUrl":"https:\/\/www.bremer-buendnis.de\/wp-content\/uploads\/2024\/10\/Recap-Video-Swing-Exchange-Snapshot.png","datePublished":"2024-10-04T16:15:29+00:00","dateModified":"2025-03-04T16:15:57+00:00","breadcrumb":{"@id":"https:\/\/www.bremer-buendnis.de\/cs\/2024\/10\/04\/souhrnne-video-swing-exchange-bremy-2024\/#breadcrumb"},"inLanguage":"cs","potentialAction":[{"@type":"ReadAction","target":["https:\/\/www.bremer-buendnis.de\/cs\/2024\/10\/04\/souhrnne-video-swing-exchange-bremy-2024\/"]}]},{"@type":"ImageObject","inLanguage":"cs","@id":"https:\/\/www.bremer-buendnis.de\/cs\/2024\/10\/04\/souhrnne-video-swing-exchange-bremy-2024\/#primaryimage","url":"https:\/\/www.bremer-buendnis.de\/wp-content\/uploads\/2024\/10\/Recap-Video-Swing-Exchange-Snapshot.png","contentUrl":"https:\/\/www.bremer-buendnis.de\/wp-content\/uploads\/2024\/10\/Recap-Video-Swing-Exchange-Snapshot.png","width":1080,"height":1920},{"@type":"BreadcrumbList","@id":"https:\/\/www.bremer-buendnis.de\/cs\/2024\/10\/04\/souhrnne-video-swing-exchange-bremy-2024\/#breadcrumb","itemListElement":[{"@type":"ListItem","position":1,"name":"Startseite","item":"https:\/\/www.bremer-buendnis.de\/cs\/domovska-stranka\/"},{"@type":"ListItem","position":2,"name":"Souhrnn\u00e9 video: Swing-Exchange Br\u00e9my 2024"}]},{"@type":"WebSite","@id":"https:\/\/www.bremer-buendnis.de\/cs\/#website","url":"https:\/\/www.bremer-buendnis.de\/cs\/","name":"Bremer B\u00fcndnis f\u00fcr deutsch-tschechische Zusammenarbeit","description":"Das Bremer B\u00fcndnis f\u00fcr deutsch-tschechische Zusammenarbeit e.V. b\u00fcndelt Ideen und Aktivit\u00e4ten mit dem Ziel, die deutsch-tschechische Zusammenarbeit zu f\u00f6rdern und deren Akteure zu vernetzen.","publisher":{"@id":"https:\/\/www.bremer-buendnis.de\/cs\/#organization"},"potentialAction":[{"@type":"SearchAction","target":{"@type":"EntryPoint","urlTemplate":"https:\/\/www.bremer-buendnis.de\/cs\/?s={search_term_string}"},"query-input":{"@type":"PropertyValueSpecification","valueRequired":true,"valueName":"search_term_string"}}],"inLanguage":"cs"},{"@type":"Organization","@id":"https:\/\/www.bremer-buendnis.de\/cs\/#organization","name":"Bremer B\u00fcndnis f\u00fcr deutsch-tschechische Zusammenarbeit","url":"https:\/\/www.bremer-buendnis.de\/cs\/","logo":{"@type":"ImageObject","inLanguage":"cs","@id":"https:\/\/www.bremer-buendnis.de\/cs\/#\/schema\/logo\/image\/","url":"https:\/\/www.bremer-buendnis.de\/wp-content\/uploads\/2019\/12\/cropped-BB_Logo-long_white-1.png","contentUrl":"https:\/\/www.bremer-buendnis.de\/wp-content\/uploads\/2019\/12\/cropped-BB_Logo-long_white-1.png","width":691,"height":250,"caption":"Bremer B\u00fcndnis f\u00fcr deutsch-tschechische Zusammenarbeit"},"image":{"@id":"https:\/\/www.bremer-buendnis.de\/cs\/#\/schema\/logo\/image\/"}},{"@type":"Person","@id":"https:\/\/www.bremer-buendnis.de\/cs\/#\/schema\/person\/e4409591824d602543e26f5cd7db8356","name":"Philipp Mangels","image":{"@type":"ImageObject","inLanguage":"cs","@id":"https:\/\/secure.gravatar.com\/avatar\/927e4e763dad8f387a528e5b9739ec56decc3b808346a5b987f0a77ac0134f05?s=96&d=mm&r=g","url":"https:\/\/secure.gravatar.com\/avatar\/927e4e763dad8f387a528e5b9739ec56decc3b808346a5b987f0a77ac0134f05?s=96&d=mm&r=g","contentUrl":"https:\/\/secure.gravatar.com\/avatar\/927e4e763dad8f387a528e5b9739ec56decc3b808346a5b987f0a77ac0134f05?s=96&d=mm&r=g","caption":"Philipp Mangels"},"url":"https:\/\/www.bremer-buendnis.de\/cs\/author\/philipp-mangels\/"}]}},"_links":{"self":[{"href":"https:\/\/www.bremer-buendnis.de\/cs\/wp-json\/wp\/v2\/posts\/6076","targetHints":{"allow":["GET"]}}],"collection":[{"href":"https:\/\/www.bremer-buendnis.de\/cs\/wp-json\/wp\/v2\/posts"}],"about":[{"href":"https:\/\/www.bremer-buendnis.de\/cs\/wp-json\/wp\/v2\/types\/post"}],"author":[{"embeddable":true,"href":"https:\/\/www.bremer-buendnis.de\/cs\/wp-json\/wp\/v2\/users\/11"}],"replies":[{"embeddable":true,"href":"https:\/\/www.bremer-buendnis.de\/cs\/wp-json\/wp\/v2\/comments?post=6076"}],"version-history":[{"count":1,"href":"https:\/\/www.bremer-buendnis.de\/cs\/wp-json\/wp\/v2\/posts\/6076\/revisions"}],"predecessor-version":[{"id":6077,"href":"https:\/\/www.bremer-buendnis.de\/cs\/wp-json\/wp\/v2\/posts\/6076\/revisions\/6077"}],"wp:featuredmedia":[{"embeddable":true,"href":"https:\/\/www.bremer-buendnis.de\/cs\/wp-json\/wp\/v2\/media\/5501"}],"wp:attachment":[{"href":"https:\/\/www.bremer-buendnis.de\/cs\/wp-json\/wp\/v2\/media?parent=6076"}],"wp:term":[{"taxonomy":"category","embeddable":true,"href":"https:\/\/www.bremer-buendnis.de\/cs\/wp-json\/wp\/v2\/categories?post=6076"},{"taxonomy":"post_tag","embeddable":true,"href":"https:\/\/www.bremer-buendnis.de\/cs\/wp-json\/wp\/v2\/tags?post=6076"}],"curies":[{"name":"wp","href":"https:\/\/api.w.org\/{rel}","templated":true}]}}