{"id":6092,"date":"2024-04-06T11:47:30","date_gmt":"2024-04-06T09:47:30","guid":{"rendered":"https:\/\/www.bremer-buendnis.de\/2024\/04\/06\/zahajeni-projektu-nacistickeho-bezpravi-degenerate-music\/"},"modified":"2025-03-04T17:18:38","modified_gmt":"2025-03-04T16:18:38","slug":"zahajeni-projektu-nacistickeho-bezpravi-degenerate-music","status":"publish","type":"post","link":"https:\/\/www.bremer-buendnis.de\/cs\/2024\/04\/06\/zahajeni-projektu-nacistickeho-bezpravi-degenerate-music\/","title":{"rendered":"Zah\u00e1jen\u00ed projektu nacistick\u00e9ho bezpr\u00e1v\u00ed &#8222;Degenerate Music&#8220;"},"content":{"rendered":"\t\t<div data-elementor-type=\"wp-post\" data-elementor-id=\"6092\" class=\"elementor elementor-6092 elementor-2766\" data-elementor-post-type=\"post\">\n\t\t\t\t<div data-particle_enable=\"false\" data-particle-mobile-disabled=\"false\" class=\"elementor-element elementor-element-6bbf37f e-flex e-con-boxed e-con e-parent\" data-id=\"6bbf37f\" data-element_type=\"container\" data-e-type=\"container\">\n\t\t\t\t\t<div class=\"e-con-inner\">\n\t\t\t\t<div class=\"elementor-element elementor-element-e74927f elementor-widget elementor-widget-heading\" data-id=\"e74927f\" data-element_type=\"widget\" data-e-type=\"widget\" data-widget_type=\"heading.default\">\n\t\t\t\t<div class=\"elementor-widget-container\">\n\t\t\t\t\t<h1 class=\"elementor-heading-title elementor-size-default\">Zah\u00e1jen\u00ed projektu nacistick\u00e9ho bezpr\u00e1v\u00ed \"Degenerate Music\"<\/h1>\t\t\t\t<\/div>\n\t\t\t\t<\/div>\n\t\t\t\t\t<\/div>\n\t\t\t\t<\/div>\n\t\t<div data-particle_enable=\"false\" data-particle-mobile-disabled=\"false\" class=\"elementor-element elementor-element-91395fa e-grid e-con-boxed e-con e-parent\" data-id=\"91395fa\" data-element_type=\"container\" data-e-type=\"container\" data-settings=\"{&quot;background_background&quot;:&quot;classic&quot;}\">\n\t\t\t\t\t<div class=\"e-con-inner\">\n\t\t\t\t<div class=\"elementor-element elementor-element-97c21c1 elementor-widget elementor-widget-image\" data-id=\"97c21c1\" data-element_type=\"widget\" data-e-type=\"widget\" data-widget_type=\"image.default\">\n\t\t\t\t<div class=\"elementor-widget-container\">\n\t\t\t\t\t\t\t\t\t\t\t\t<figure class=\"wp-caption\">\n\t\t\t\t\t\t\t\t\t\t<img fetchpriority=\"high\" decoding=\"async\" width=\"740\" height=\"493\" src=\"https:\/\/www.bremer-buendnis.de\/wp-content\/uploads\/2024\/04\/P1009370-Enhanced-NR-768x512.jpg\" class=\"attachment-medium_large size-medium_large wp-image-5312\" alt=\"\" srcset=\"https:\/\/www.bremer-buendnis.de\/wp-content\/uploads\/2024\/04\/P1009370-Enhanced-NR-768x512.jpg 768w, https:\/\/www.bremer-buendnis.de\/wp-content\/uploads\/2024\/04\/P1009370-Enhanced-NR-300x200.jpg 300w, https:\/\/www.bremer-buendnis.de\/wp-content\/uploads\/2024\/04\/P1009370-Enhanced-NR-1024x682.jpg 1024w, https:\/\/www.bremer-buendnis.de\/wp-content\/uploads\/2024\/04\/P1009370-Enhanced-NR-1536x1023.jpg 1536w, https:\/\/www.bremer-buendnis.de\/wp-content\/uploads\/2024\/04\/P1009370-Enhanced-NR.jpg 2048w\" sizes=\"100vw\" \/>\t\t\t\t\t\t\t\t\t\t\t<figcaption class=\"widget-image-caption wp-caption-text\">Foto: Moritz R\u00f6ber<\/figcaption>\n\t\t\t\t\t\t\t\t\t\t<\/figure>\n\t\t\t\t\t\t\t\t\t<\/div>\n\t\t\t\t<\/div>\n\t\t\t\t<div class=\"elementor-element elementor-element-48b2b99 elementor-widget elementor-widget-text-editor\" data-id=\"48b2b99\" data-element_type=\"widget\" data-e-type=\"widget\" data-widget_type=\"text-editor.default\">\n\t\t\t\t<div class=\"elementor-widget-container\">\n\t\t\t\t\t\t\t\t\t<p class=\"_ap3a _aaco _aacu _aacx _aad7 _aade\" dir=\"auto\">Zah\u00e1jen\u00ed festivalu &#8222;Jak se d\u011bl\u00e1 jaro&#8220; prezentac\u00ed na\u0161eho projektu.<\/p>\n<p>Na za\u010d\u00e1tku prob\u011bhla vzru\u0161uj\u00edc\u00ed panelov\u00e1 diskuse s Birgit K\u00f6hler, Petrem Kourou a Andrzejem Rumianowskim o \u010desk\u00fdch &#8222;Pot\u00e1pk\u00e1ch&#8220;, br\u00e9msk\u00fdch &#8222;Swing Kids&#8220;, v\u00fdskytu swingov\u00e9 ml\u00e1de\u017ee obecn\u011b a pron\u00e1sledov\u00e1n\u00ed jazzov\u00fdch hudebn\u00edk\u016f v Polsku.<\/p>\n<p>Pot\u00e9 El\u00e9na a Christin uk\u00e1zaly z\u00e1kladn\u00ed rytmy lindy hopu.  <br \/>Ti dva doslova donutili \u00fa\u010dastn\u00edky &#8222;sk\u00e1kat&#8220;.<\/p>\n<p>Na z\u00e1v\u011br vystoupila &#8222;nejlep\u0161\u00ed swingov\u00e1 kapela&#8220; v \u010cesk\u00e9 republice (Jakub \u0160afr &amp; Swing Trio Avalon) spole\u010dn\u011b se Sophi\u00ed Lamo\u0161.  <\/p>\n<p>Tanec pokra\u010doval dlouho do noci.  <\/p>\n<p>D\u011bkujeme v\u0161em, kte\u0159\u00ed se z\u00fa\u010dastnili, a cel\u00e9mu t\u00fdmu za tento n\u00e1dhern\u00fd ve\u010der!<\/p>\n\t\t\t\t\t\t\t\t<\/div>\n\t\t\t\t<\/div>\n\t\t\t\t\t<\/div>\n\t\t\t\t<\/div>\n\t\t<div data-particle_enable=\"false\" data-particle-mobile-disabled=\"false\" class=\"elementor-element elementor-element-fe7b55e e-flex e-con-boxed e-con e-parent\" data-id=\"fe7b55e\" data-element_type=\"container\" data-e-type=\"container\">\n\t\t\t\t\t<div class=\"e-con-inner\">\n\t\t\t\t<div class=\"elementor-element elementor-element-befe52a elementor-widget elementor-widget-heading\" data-id=\"befe52a\" data-element_type=\"widget\" data-e-type=\"widget\" data-widget_type=\"heading.default\">\n\t\t\t\t<div class=\"elementor-widget-container\">\n\t\t\t\t\t<h2 class=\"elementor-heading-title elementor-size-default\">Dojmy z akce<\/h2>\t\t\t\t<\/div>\n\t\t\t\t<\/div>\n\t\t\t\t\t<\/div>\n\t\t\t\t<\/div>\n\t\t<div data-particle_enable=\"false\" data-particle-mobile-disabled=\"false\" class=\"elementor-element elementor-element-9a9436e e-flex e-con-boxed e-con e-parent\" data-id=\"9a9436e\" data-element_type=\"container\" data-e-type=\"container\">\n\t\t\t\t\t<div class=\"e-con-inner\">\n\t\t\t\t<div class=\"elementor-element elementor-element-2a3cd87 elementor-widget elementor-widget-gallery\" data-id=\"2a3cd87\" data-element_type=\"widget\" data-e-type=\"widget\" data-settings=\"{&quot;lazyload&quot;:&quot;yes&quot;,&quot;gallery_layout&quot;:&quot;grid&quot;,&quot;columns&quot;:4,&quot;columns_tablet&quot;:2,&quot;columns_mobile&quot;:1,&quot;gap&quot;:{&quot;unit&quot;:&quot;px&quot;,&quot;size&quot;:10,&quot;sizes&quot;:[]},&quot;gap_tablet&quot;:{&quot;unit&quot;:&quot;px&quot;,&quot;size&quot;:10,&quot;sizes&quot;:[]},&quot;gap_mobile&quot;:{&quot;unit&quot;:&quot;px&quot;,&quot;size&quot;:10,&quot;sizes&quot;:[]},&quot;link_to&quot;:&quot;file&quot;,&quot;aspect_ratio&quot;:&quot;3:2&quot;,&quot;overlay_background&quot;:&quot;yes&quot;,&quot;content_hover_animation&quot;:&quot;fade-in&quot;}\" data-widget_type=\"gallery.default\">\n\t\t\t\t<div class=\"elementor-widget-container\">\n\t\t\t\t\t\t\t<div class=\"elementor-gallery__container\">\n\t\t\t\t\t\t\t<a class=\"e-gallery-item elementor-gallery-item elementor-animated-content\" href=\"https:\/\/www.bremer-buendnis.de\/wp-content\/uploads\/2024\/04\/P1009215.jpg\" data-elementor-open-lightbox=\"yes\" data-elementor-lightbox-slideshow=\"2a3cd87\" data-elementor-lightbox-title=\"Foto: Moritz R\u00f6ber\" data-e-action-hash=\"#elementor-action%3Aaction%3Dlightbox%26settings%3DeyJpZCI6Mjc2OCwidXJsIjoiaHR0cHM6XC9cL3d3dy5icmVtZXItYnVlbmRuaXMuZGVcL3dwLWNvbnRlbnRcL3VwbG9hZHNcLzIwMjRcLzA0XC9QMTAwOTIxNS5qcGciLCJzbGlkZXNob3ciOiIyYTNjZDg3In0%3D\" data-lbwps-width=\"2048\" data-lbwps-height=\"1364\" data-lbwps-srcsmall=\"https:\/\/www.bremer-buendnis.de\/wp-content\/uploads\/2024\/04\/P1009215-300x200.jpg\" data-lbwps-title=\"Foto: Moritz R\u00f6ber\">\n\t\t\t\t\t<div class=\"e-gallery-image elementor-gallery-item__image\" data-thumbnail=\"https:\/\/www.bremer-buendnis.de\/wp-content\/uploads\/2024\/04\/P1009215-300x200.jpg\" data-width=\"300\" data-height=\"200\" aria-label=\"\" role=\"img\" ><\/div>\n\t\t\t\t\t\t\t\t\t\t\t<div class=\"elementor-gallery-item__overlay\"><\/div>\n\t\t\t\t\t\t\t\t\t\t\t\t\t\t<\/a>\n\t\t\t\t\t\t\t<a class=\"e-gallery-item elementor-gallery-item elementor-animated-content\" href=\"https:\/\/www.bremer-buendnis.de\/wp-content\/uploads\/2024\/04\/P1009406-Enhanced-NR.jpg\" data-elementor-open-lightbox=\"yes\" data-elementor-lightbox-slideshow=\"2a3cd87\" data-elementor-lightbox-title=\"Foto: Moritz R\u00f6ber\" data-e-action-hash=\"#elementor-action%3Aaction%3Dlightbox%26settings%3DeyJpZCI6Mjc2OSwidXJsIjoiaHR0cHM6XC9cL3d3dy5icmVtZXItYnVlbmRuaXMuZGVcL3dwLWNvbnRlbnRcL3VwbG9hZHNcLzIwMjRcLzA0XC9QMTAwOTQwNi1FbmhhbmNlZC1OUi5qcGciLCJzbGlkZXNob3ciOiIyYTNjZDg3In0%3D\" data-lbwps-width=\"2048\" data-lbwps-height=\"1364\" data-lbwps-srcsmall=\"https:\/\/www.bremer-buendnis.de\/wp-content\/uploads\/2024\/04\/P1009406-Enhanced-NR-300x200.jpg\" data-lbwps-title=\"Foto: Moritz R\u00f6ber\">\n\t\t\t\t\t<div class=\"e-gallery-image elementor-gallery-item__image\" data-thumbnail=\"https:\/\/www.bremer-buendnis.de\/wp-content\/uploads\/2024\/04\/P1009406-Enhanced-NR-300x200.jpg\" data-width=\"300\" data-height=\"200\" aria-label=\"\" role=\"img\" ><\/div>\n\t\t\t\t\t\t\t\t\t\t\t<div class=\"elementor-gallery-item__overlay\"><\/div>\n\t\t\t\t\t\t\t\t\t\t\t\t\t\t<\/a>\n\t\t\t\t\t\t\t<a class=\"e-gallery-item elementor-gallery-item elementor-animated-content\" href=\"https:\/\/www.bremer-buendnis.de\/wp-content\/uploads\/2024\/04\/P1850328-Enhanced-NR.jpg\" data-elementor-open-lightbox=\"yes\" data-elementor-lightbox-slideshow=\"2a3cd87\" data-elementor-lightbox-title=\"Foto: Moritz R\u00f6ber\" data-e-action-hash=\"#elementor-action%3Aaction%3Dlightbox%26settings%3DeyJpZCI6Mjc3MCwidXJsIjoiaHR0cHM6XC9cL3d3dy5icmVtZXItYnVlbmRuaXMuZGVcL3dwLWNvbnRlbnRcL3VwbG9hZHNcLzIwMjRcLzA0XC9QMTg1MDMyOC1FbmhhbmNlZC1OUi5qcGciLCJzbGlkZXNob3ciOiIyYTNjZDg3In0%3D\" data-lbwps-width=\"2048\" data-lbwps-height=\"1365\" data-lbwps-srcsmall=\"https:\/\/www.bremer-buendnis.de\/wp-content\/uploads\/2024\/04\/P1850328-Enhanced-NR-300x200.jpg\" data-lbwps-title=\"Foto: Moritz R\u00f6ber\">\n\t\t\t\t\t<div class=\"e-gallery-image elementor-gallery-item__image\" data-thumbnail=\"https:\/\/www.bremer-buendnis.de\/wp-content\/uploads\/2024\/04\/P1850328-Enhanced-NR-300x200.jpg\" data-width=\"300\" data-height=\"200\" aria-label=\"\" role=\"img\" ><\/div>\n\t\t\t\t\t\t\t\t\t\t\t<div class=\"elementor-gallery-item__overlay\"><\/div>\n\t\t\t\t\t\t\t\t\t\t\t\t\t\t<\/a>\n\t\t\t\t\t\t\t<a class=\"e-gallery-item elementor-gallery-item elementor-animated-content\" href=\"https:\/\/www.bremer-buendnis.de\/wp-content\/uploads\/2024\/04\/P1009318-Enhanced-NR.jpg\" data-elementor-open-lightbox=\"yes\" data-elementor-lightbox-slideshow=\"2a3cd87\" data-elementor-lightbox-title=\"Foto: Moritz R\u00f6ber\" data-e-action-hash=\"#elementor-action%3Aaction%3Dlightbox%26settings%3DeyJpZCI6Mjc3MSwidXJsIjoiaHR0cHM6XC9cL3d3dy5icmVtZXItYnVlbmRuaXMuZGVcL3dwLWNvbnRlbnRcL3VwbG9hZHNcLzIwMjRcLzA0XC9QMTAwOTMxOC1FbmhhbmNlZC1OUi5qcGciLCJzbGlkZXNob3ciOiIyYTNjZDg3In0%3D\" data-lbwps-width=\"1364\" data-lbwps-height=\"2048\" data-lbwps-srcsmall=\"https:\/\/www.bremer-buendnis.de\/wp-content\/uploads\/2024\/04\/P1009318-Enhanced-NR-200x300.jpg\" data-lbwps-title=\"Foto: Moritz R\u00f6ber\">\n\t\t\t\t\t<div class=\"e-gallery-image elementor-gallery-item__image\" data-thumbnail=\"https:\/\/www.bremer-buendnis.de\/wp-content\/uploads\/2024\/04\/P1009318-Enhanced-NR-200x300.jpg\" data-width=\"200\" data-height=\"300\" aria-label=\"\" role=\"img\" ><\/div>\n\t\t\t\t\t\t\t\t\t\t\t<div class=\"elementor-gallery-item__overlay\"><\/div>\n\t\t\t\t\t\t\t\t\t\t\t\t\t\t<\/a>\n\t\t\t\t\t\t\t<a class=\"e-gallery-item elementor-gallery-item elementor-animated-content\" href=\"https:\/\/www.bremer-buendnis.de\/wp-content\/uploads\/2024\/04\/P1850326-Enhanced-NR-1.jpg\" data-elementor-open-lightbox=\"yes\" data-elementor-lightbox-slideshow=\"2a3cd87\" data-elementor-lightbox-title=\"Foto: Moritz R\u00f6ber\" data-e-action-hash=\"#elementor-action%3Aaction%3Dlightbox%26settings%3DeyJpZCI6Mjc3MiwidXJsIjoiaHR0cHM6XC9cL3d3dy5icmVtZXItYnVlbmRuaXMuZGVcL3dwLWNvbnRlbnRcL3VwbG9hZHNcLzIwMjRcLzA0XC9QMTg1MDMyNi1FbmhhbmNlZC1OUi0xLmpwZyIsInNsaWRlc2hvdyI6IjJhM2NkODcifQ%3D%3D\" data-lbwps-width=\"2048\" data-lbwps-height=\"1365\" data-lbwps-srcsmall=\"https:\/\/www.bremer-buendnis.de\/wp-content\/uploads\/2024\/04\/P1850326-Enhanced-NR-1-300x200.jpg\" data-lbwps-title=\"Foto: Moritz R\u00f6ber\">\n\t\t\t\t\t<div class=\"e-gallery-image elementor-gallery-item__image\" data-thumbnail=\"https:\/\/www.bremer-buendnis.de\/wp-content\/uploads\/2024\/04\/P1850326-Enhanced-NR-1-300x200.jpg\" data-width=\"300\" data-height=\"200\" aria-label=\"\" role=\"img\" ><\/div>\n\t\t\t\t\t\t\t\t\t\t\t<div class=\"elementor-gallery-item__overlay\"><\/div>\n\t\t\t\t\t\t\t\t\t\t\t\t\t\t<\/a>\n\t\t\t\t\t\t\t<a class=\"e-gallery-item elementor-gallery-item elementor-animated-content\" href=\"https:\/\/www.bremer-buendnis.de\/wp-content\/uploads\/2024\/04\/P1009212-Enhanced-NR.jpg\" data-elementor-open-lightbox=\"yes\" data-elementor-lightbox-slideshow=\"2a3cd87\" data-elementor-lightbox-title=\"Foto: Moritz R\u00f6ber\" data-e-action-hash=\"#elementor-action%3Aaction%3Dlightbox%26settings%3DeyJpZCI6Mjc3MywidXJsIjoiaHR0cHM6XC9cL3d3dy5icmVtZXItYnVlbmRuaXMuZGVcL3dwLWNvbnRlbnRcL3VwbG9hZHNcLzIwMjRcLzA0XC9QMTAwOTIxMi1FbmhhbmNlZC1OUi5qcGciLCJzbGlkZXNob3ciOiIyYTNjZDg3In0%3D\" data-lbwps-width=\"2048\" data-lbwps-height=\"1364\" data-lbwps-srcsmall=\"https:\/\/www.bremer-buendnis.de\/wp-content\/uploads\/2024\/04\/P1009212-Enhanced-NR-300x200.jpg\" data-lbwps-title=\"Foto: Moritz R\u00f6ber\">\n\t\t\t\t\t<div class=\"e-gallery-image elementor-gallery-item__image\" data-thumbnail=\"https:\/\/www.bremer-buendnis.de\/wp-content\/uploads\/2024\/04\/P1009212-Enhanced-NR-300x200.jpg\" data-width=\"300\" data-height=\"200\" aria-label=\"\" role=\"img\" ><\/div>\n\t\t\t\t\t\t\t\t\t\t\t<div class=\"elementor-gallery-item__overlay\"><\/div>\n\t\t\t\t\t\t\t\t\t\t\t\t\t\t<\/a>\n\t\t\t\t\t\t\t<a class=\"e-gallery-item elementor-gallery-item elementor-animated-content\" href=\"https:\/\/www.bremer-buendnis.de\/wp-content\/uploads\/2024\/04\/P1009401-Enhanced-NR.jpg\" data-elementor-open-lightbox=\"yes\" data-elementor-lightbox-slideshow=\"2a3cd87\" data-elementor-lightbox-title=\"Foto: Moritz R\u00f6ber\" data-e-action-hash=\"#elementor-action%3Aaction%3Dlightbox%26settings%3DeyJpZCI6Mjc3NCwidXJsIjoiaHR0cHM6XC9cL3d3dy5icmVtZXItYnVlbmRuaXMuZGVcL3dwLWNvbnRlbnRcL3VwbG9hZHNcLzIwMjRcLzA0XC9QMTAwOTQwMS1FbmhhbmNlZC1OUi5qcGciLCJzbGlkZXNob3ciOiIyYTNjZDg3In0%3D\" data-lbwps-width=\"2048\" data-lbwps-height=\"1364\" data-lbwps-srcsmall=\"https:\/\/www.bremer-buendnis.de\/wp-content\/uploads\/2024\/04\/P1009401-Enhanced-NR-300x200.jpg\" data-lbwps-title=\"Foto: Moritz R\u00f6ber\">\n\t\t\t\t\t<div class=\"e-gallery-image elementor-gallery-item__image\" data-thumbnail=\"https:\/\/www.bremer-buendnis.de\/wp-content\/uploads\/2024\/04\/P1009401-Enhanced-NR-300x200.jpg\" data-width=\"300\" data-height=\"200\" aria-label=\"\" role=\"img\" ><\/div>\n\t\t\t\t\t\t\t\t\t\t\t<div class=\"elementor-gallery-item__overlay\"><\/div>\n\t\t\t\t\t\t\t\t\t\t\t\t\t\t<\/a>\n\t\t\t\t\t\t\t<a class=\"e-gallery-item elementor-gallery-item elementor-animated-content\" href=\"https:\/\/www.bremer-buendnis.de\/wp-content\/uploads\/2024\/04\/P1009191.jpg\" data-elementor-open-lightbox=\"yes\" data-elementor-lightbox-slideshow=\"2a3cd87\" data-elementor-lightbox-title=\"Foto: Moritz R\u00f6ber\" data-e-action-hash=\"#elementor-action%3Aaction%3Dlightbox%26settings%3DeyJpZCI6Mjc3NSwidXJsIjoiaHR0cHM6XC9cL3d3dy5icmVtZXItYnVlbmRuaXMuZGVcL3dwLWNvbnRlbnRcL3VwbG9hZHNcLzIwMjRcLzA0XC9QMTAwOTE5MS5qcGciLCJzbGlkZXNob3ciOiIyYTNjZDg3In0%3D\" data-lbwps-width=\"2048\" data-lbwps-height=\"1364\" data-lbwps-srcsmall=\"https:\/\/www.bremer-buendnis.de\/wp-content\/uploads\/2024\/04\/P1009191-300x200.jpg\" data-lbwps-title=\"Foto: Moritz R\u00f6ber\">\n\t\t\t\t\t<div class=\"e-gallery-image elementor-gallery-item__image\" data-thumbnail=\"https:\/\/www.bremer-buendnis.de\/wp-content\/uploads\/2024\/04\/P1009191-300x200.jpg\" data-width=\"300\" data-height=\"200\" aria-label=\"\" role=\"img\" ><\/div>\n\t\t\t\t\t\t\t\t\t\t\t<div class=\"elementor-gallery-item__overlay\"><\/div>\n\t\t\t\t\t\t\t\t\t\t\t\t\t\t<\/a>\n\t\t\t\t\t\t\t<a class=\"e-gallery-item elementor-gallery-item elementor-animated-content\" href=\"https:\/\/www.bremer-buendnis.de\/wp-content\/uploads\/2024\/04\/P1009419-Enhanced-NR.jpg\" data-elementor-open-lightbox=\"yes\" data-elementor-lightbox-slideshow=\"2a3cd87\" data-elementor-lightbox-title=\"Foto: Moritz R\u00f6ber\" data-e-action-hash=\"#elementor-action%3Aaction%3Dlightbox%26settings%3DeyJpZCI6Mjc3NiwidXJsIjoiaHR0cHM6XC9cL3d3dy5icmVtZXItYnVlbmRuaXMuZGVcL3dwLWNvbnRlbnRcL3VwbG9hZHNcLzIwMjRcLzA0XC9QMTAwOTQxOS1FbmhhbmNlZC1OUi5qcGciLCJzbGlkZXNob3ciOiIyYTNjZDg3In0%3D\" data-lbwps-width=\"2048\" data-lbwps-height=\"1364\" data-lbwps-srcsmall=\"https:\/\/www.bremer-buendnis.de\/wp-content\/uploads\/2024\/04\/P1009419-Enhanced-NR-300x200.jpg\" data-lbwps-title=\"Foto: Moritz R\u00f6ber\">\n\t\t\t\t\t<div class=\"e-gallery-image elementor-gallery-item__image\" data-thumbnail=\"https:\/\/www.bremer-buendnis.de\/wp-content\/uploads\/2024\/04\/P1009419-Enhanced-NR-300x200.jpg\" data-width=\"300\" data-height=\"200\" aria-label=\"\" role=\"img\" ><\/div>\n\t\t\t\t\t\t\t\t\t\t\t<div class=\"elementor-gallery-item__overlay\"><\/div>\n\t\t\t\t\t\t\t\t\t\t\t\t\t\t<\/a>\n\t\t\t\t\t\t\t<a class=\"e-gallery-item elementor-gallery-item elementor-animated-content\" href=\"https:\/\/www.bremer-buendnis.de\/wp-content\/uploads\/2024\/04\/P1009295-Enhanced-NR.jpg\" data-elementor-open-lightbox=\"yes\" data-elementor-lightbox-slideshow=\"2a3cd87\" data-elementor-lightbox-title=\"Foto: Moritz R\u00f6ber\" data-e-action-hash=\"#elementor-action%3Aaction%3Dlightbox%26settings%3DeyJpZCI6Mjc3NywidXJsIjoiaHR0cHM6XC9cL3d3dy5icmVtZXItYnVlbmRuaXMuZGVcL3dwLWNvbnRlbnRcL3VwbG9hZHNcLzIwMjRcLzA0XC9QMTAwOTI5NS1FbmhhbmNlZC1OUi5qcGciLCJzbGlkZXNob3ciOiIyYTNjZDg3In0%3D\" data-lbwps-width=\"1638\" data-lbwps-height=\"2048\" data-lbwps-srcsmall=\"https:\/\/www.bremer-buendnis.de\/wp-content\/uploads\/2024\/04\/P1009295-Enhanced-NR-240x300.jpg\" data-lbwps-title=\"Foto: Moritz R\u00f6ber\">\n\t\t\t\t\t<div class=\"e-gallery-image elementor-gallery-item__image\" data-thumbnail=\"https:\/\/www.bremer-buendnis.de\/wp-content\/uploads\/2024\/04\/P1009295-Enhanced-NR-240x300.jpg\" data-width=\"240\" data-height=\"300\" aria-label=\"\" role=\"img\" ><\/div>\n\t\t\t\t\t\t\t\t\t\t\t<div class=\"elementor-gallery-item__overlay\"><\/div>\n\t\t\t\t\t\t\t\t\t\t\t\t\t\t<\/a>\n\t\t\t\t\t\t\t<a class=\"e-gallery-item elementor-gallery-item elementor-animated-content\" href=\"https:\/\/www.bremer-buendnis.de\/wp-content\/uploads\/2024\/04\/P1850307-Enhanced-NR.jpg\" data-elementor-open-lightbox=\"yes\" data-elementor-lightbox-slideshow=\"2a3cd87\" data-elementor-lightbox-title=\"Foto: Moritz R\u00f6ber\" data-e-action-hash=\"#elementor-action%3Aaction%3Dlightbox%26settings%3DeyJpZCI6Mjc3OCwidXJsIjoiaHR0cHM6XC9cL3d3dy5icmVtZXItYnVlbmRuaXMuZGVcL3dwLWNvbnRlbnRcL3VwbG9hZHNcLzIwMjRcLzA0XC9QMTg1MDMwNy1FbmhhbmNlZC1OUi5qcGciLCJzbGlkZXNob3ciOiIyYTNjZDg3In0%3D\" data-lbwps-width=\"2048\" data-lbwps-height=\"1365\" data-lbwps-srcsmall=\"https:\/\/www.bremer-buendnis.de\/wp-content\/uploads\/2024\/04\/P1850307-Enhanced-NR-300x200.jpg\" data-lbwps-title=\"Foto: Moritz R\u00f6ber\">\n\t\t\t\t\t<div class=\"e-gallery-image elementor-gallery-item__image\" data-thumbnail=\"https:\/\/www.bremer-buendnis.de\/wp-content\/uploads\/2024\/04\/P1850307-Enhanced-NR-300x200.jpg\" data-width=\"300\" data-height=\"200\" aria-label=\"\" role=\"img\" ><\/div>\n\t\t\t\t\t\t\t\t\t\t\t<div class=\"elementor-gallery-item__overlay\"><\/div>\n\t\t\t\t\t\t\t\t\t\t\t\t\t\t<\/a>\n\t\t\t\t\t\t\t<a class=\"e-gallery-item elementor-gallery-item elementor-animated-content\" href=\"https:\/\/www.bremer-buendnis.de\/wp-content\/uploads\/2024\/04\/P1009241.jpg\" data-elementor-open-lightbox=\"yes\" data-elementor-lightbox-slideshow=\"2a3cd87\" data-elementor-lightbox-title=\"Foto: Moritz R\u00f6ber\" data-e-action-hash=\"#elementor-action%3Aaction%3Dlightbox%26settings%3DeyJpZCI6Mjc3OSwidXJsIjoiaHR0cHM6XC9cL3d3dy5icmVtZXItYnVlbmRuaXMuZGVcL3dwLWNvbnRlbnRcL3VwbG9hZHNcLzIwMjRcLzA0XC9QMTAwOTI0MS5qcGciLCJzbGlkZXNob3ciOiIyYTNjZDg3In0%3D\" data-lbwps-width=\"2048\" data-lbwps-height=\"1364\" data-lbwps-srcsmall=\"https:\/\/www.bremer-buendnis.de\/wp-content\/uploads\/2024\/04\/P1009241-300x200.jpg\" data-lbwps-title=\"Foto: Moritz R\u00f6ber\">\n\t\t\t\t\t<div class=\"e-gallery-image elementor-gallery-item__image\" data-thumbnail=\"https:\/\/www.bremer-buendnis.de\/wp-content\/uploads\/2024\/04\/P1009241-300x200.jpg\" data-width=\"300\" data-height=\"200\" aria-label=\"\" role=\"img\" ><\/div>\n\t\t\t\t\t\t\t\t\t\t\t<div class=\"elementor-gallery-item__overlay\"><\/div>\n\t\t\t\t\t\t\t\t\t\t\t\t\t\t<\/a>\n\t\t\t\t\t\t\t<a class=\"e-gallery-item elementor-gallery-item elementor-animated-content\" href=\"https:\/\/www.bremer-buendnis.de\/wp-content\/uploads\/2024\/04\/P1850248-Enhanced-NR.jpg\" data-elementor-open-lightbox=\"yes\" data-elementor-lightbox-slideshow=\"2a3cd87\" data-elementor-lightbox-title=\"Foto: Moritz R\u00f6ber\" data-e-action-hash=\"#elementor-action%3Aaction%3Dlightbox%26settings%3DeyJpZCI6Mjc4MCwidXJsIjoiaHR0cHM6XC9cL3d3dy5icmVtZXItYnVlbmRuaXMuZGVcL3dwLWNvbnRlbnRcL3VwbG9hZHNcLzIwMjRcLzA0XC9QMTg1MDI0OC1FbmhhbmNlZC1OUi5qcGciLCJzbGlkZXNob3ciOiIyYTNjZDg3In0%3D\" data-lbwps-width=\"2048\" data-lbwps-height=\"1365\" data-lbwps-srcsmall=\"https:\/\/www.bremer-buendnis.de\/wp-content\/uploads\/2024\/04\/P1850248-Enhanced-NR-300x200.jpg\" data-lbwps-title=\"Foto: Moritz R\u00f6ber\">\n\t\t\t\t\t<div class=\"e-gallery-image elementor-gallery-item__image\" data-thumbnail=\"https:\/\/www.bremer-buendnis.de\/wp-content\/uploads\/2024\/04\/P1850248-Enhanced-NR-300x200.jpg\" data-width=\"300\" data-height=\"200\" aria-label=\"\" role=\"img\" ><\/div>\n\t\t\t\t\t\t\t\t\t\t\t<div class=\"elementor-gallery-item__overlay\"><\/div>\n\t\t\t\t\t\t\t\t\t\t\t\t\t\t<\/a>\n\t\t\t\t\t\t\t<a class=\"e-gallery-item elementor-gallery-item elementor-animated-content\" href=\"https:\/\/www.bremer-buendnis.de\/wp-content\/uploads\/2024\/04\/P1850208-Enhanced-NR.jpg\" data-elementor-open-lightbox=\"yes\" data-elementor-lightbox-slideshow=\"2a3cd87\" data-elementor-lightbox-title=\"Foto: Moritz R\u00f6ber\" data-e-action-hash=\"#elementor-action%3Aaction%3Dlightbox%26settings%3DeyJpZCI6Mjc4MSwidXJsIjoiaHR0cHM6XC9cL3d3dy5icmVtZXItYnVlbmRuaXMuZGVcL3dwLWNvbnRlbnRcL3VwbG9hZHNcLzIwMjRcLzA0XC9QMTg1MDIwOC1FbmhhbmNlZC1OUi5qcGciLCJzbGlkZXNob3ciOiIyYTNjZDg3In0%3D\" data-lbwps-width=\"2048\" data-lbwps-height=\"1365\" data-lbwps-srcsmall=\"https:\/\/www.bremer-buendnis.de\/wp-content\/uploads\/2024\/04\/P1850208-Enhanced-NR-300x200.jpg\" data-lbwps-title=\"Foto: Moritz R\u00f6ber\">\n\t\t\t\t\t<div class=\"e-gallery-image elementor-gallery-item__image\" data-thumbnail=\"https:\/\/www.bremer-buendnis.de\/wp-content\/uploads\/2024\/04\/P1850208-Enhanced-NR-300x200.jpg\" data-width=\"300\" data-height=\"200\" aria-label=\"\" role=\"img\" ><\/div>\n\t\t\t\t\t\t\t\t\t\t\t<div class=\"elementor-gallery-item__overlay\"><\/div>\n\t\t\t\t\t\t\t\t\t\t\t\t\t\t<\/a>\n\t\t\t\t\t\t\t<a class=\"e-gallery-item elementor-gallery-item elementor-animated-content\" href=\"https:\/\/www.bremer-buendnis.de\/wp-content\/uploads\/2024\/04\/P1009381-Enhanced-NR.jpg\" data-elementor-open-lightbox=\"yes\" data-elementor-lightbox-slideshow=\"2a3cd87\" data-elementor-lightbox-title=\"Foto: Moritz R\u00f6ber\" data-e-action-hash=\"#elementor-action%3Aaction%3Dlightbox%26settings%3DeyJpZCI6Mjc4MiwidXJsIjoiaHR0cHM6XC9cL3d3dy5icmVtZXItYnVlbmRuaXMuZGVcL3dwLWNvbnRlbnRcL3VwbG9hZHNcLzIwMjRcLzA0XC9QMTAwOTM4MS1FbmhhbmNlZC1OUi5qcGciLCJzbGlkZXNob3ciOiIyYTNjZDg3In0%3D\" data-lbwps-width=\"1463\" data-lbwps-height=\"2048\" data-lbwps-srcsmall=\"https:\/\/www.bremer-buendnis.de\/wp-content\/uploads\/2024\/04\/P1009381-Enhanced-NR-214x300.jpg\" data-lbwps-title=\"Foto: Moritz R\u00f6ber\">\n\t\t\t\t\t<div class=\"e-gallery-image elementor-gallery-item__image\" data-thumbnail=\"https:\/\/www.bremer-buendnis.de\/wp-content\/uploads\/2024\/04\/P1009381-Enhanced-NR-214x300.jpg\" data-width=\"214\" data-height=\"300\" aria-label=\"\" role=\"img\" ><\/div>\n\t\t\t\t\t\t\t\t\t\t\t<div class=\"elementor-gallery-item__overlay\"><\/div>\n\t\t\t\t\t\t\t\t\t\t\t\t\t\t<\/a>\n\t\t\t\t\t\t\t<a class=\"e-gallery-item elementor-gallery-item elementor-animated-content\" href=\"https:\/\/www.bremer-buendnis.de\/wp-content\/uploads\/2024\/04\/P1009202.jpg\" data-elementor-open-lightbox=\"yes\" data-elementor-lightbox-slideshow=\"2a3cd87\" data-elementor-lightbox-title=\"Foto: Moritz R\u00f6ber\" data-e-action-hash=\"#elementor-action%3Aaction%3Dlightbox%26settings%3DeyJpZCI6Mjc4MywidXJsIjoiaHR0cHM6XC9cL3d3dy5icmVtZXItYnVlbmRuaXMuZGVcL3dwLWNvbnRlbnRcL3VwbG9hZHNcLzIwMjRcLzA0XC9QMTAwOTIwMi5qcGciLCJzbGlkZXNob3ciOiIyYTNjZDg3In0%3D\" data-lbwps-width=\"1364\" data-lbwps-height=\"2048\" data-lbwps-srcsmall=\"https:\/\/www.bremer-buendnis.de\/wp-content\/uploads\/2024\/04\/P1009202-200x300.jpg\" data-lbwps-title=\"Foto: Moritz R\u00f6ber\">\n\t\t\t\t\t<div class=\"e-gallery-image elementor-gallery-item__image\" data-thumbnail=\"https:\/\/www.bremer-buendnis.de\/wp-content\/uploads\/2024\/04\/P1009202-200x300.jpg\" data-width=\"200\" data-height=\"300\" aria-label=\"\" role=\"img\" ><\/div>\n\t\t\t\t\t\t\t\t\t\t\t<div class=\"elementor-gallery-item__overlay\"><\/div>\n\t\t\t\t\t\t\t\t\t\t\t\t\t\t<\/a>\n\t\t\t\t\t\t\t<a class=\"e-gallery-item elementor-gallery-item elementor-animated-content\" href=\"https:\/\/www.bremer-buendnis.de\/wp-content\/uploads\/2024\/04\/P1850295-Enhanced-NR.jpg\" data-elementor-open-lightbox=\"yes\" data-elementor-lightbox-slideshow=\"2a3cd87\" data-elementor-lightbox-title=\"Foto: Moritz R\u00f6ber\" data-e-action-hash=\"#elementor-action%3Aaction%3Dlightbox%26settings%3DeyJpZCI6Mjc4NCwidXJsIjoiaHR0cHM6XC9cL3d3dy5icmVtZXItYnVlbmRuaXMuZGVcL3dwLWNvbnRlbnRcL3VwbG9hZHNcLzIwMjRcLzA0XC9QMTg1MDI5NS1FbmhhbmNlZC1OUi5qcGciLCJzbGlkZXNob3ciOiIyYTNjZDg3In0%3D\" data-lbwps-width=\"2048\" data-lbwps-height=\"1365\" data-lbwps-srcsmall=\"https:\/\/www.bremer-buendnis.de\/wp-content\/uploads\/2024\/04\/P1850295-Enhanced-NR-300x200.jpg\" data-lbwps-title=\"Foto: Moritz R\u00f6ber\">\n\t\t\t\t\t<div class=\"e-gallery-image elementor-gallery-item__image\" data-thumbnail=\"https:\/\/www.bremer-buendnis.de\/wp-content\/uploads\/2024\/04\/P1850295-Enhanced-NR-300x200.jpg\" data-width=\"300\" data-height=\"200\" aria-label=\"\" role=\"img\" ><\/div>\n\t\t\t\t\t\t\t\t\t\t\t<div class=\"elementor-gallery-item__overlay\"><\/div>\n\t\t\t\t\t\t\t\t\t\t\t\t\t\t<\/a>\n\t\t\t\t\t\t\t<a class=\"e-gallery-item elementor-gallery-item elementor-animated-content\" href=\"https:\/\/www.bremer-buendnis.de\/wp-content\/uploads\/2024\/04\/P1009301-Enhanced-NR.jpg\" data-elementor-open-lightbox=\"yes\" data-elementor-lightbox-slideshow=\"2a3cd87\" data-elementor-lightbox-title=\"Foto: Moritz R\u00f6ber\" data-e-action-hash=\"#elementor-action%3Aaction%3Dlightbox%26settings%3DeyJpZCI6Mjc4NSwidXJsIjoiaHR0cHM6XC9cL3d3dy5icmVtZXItYnVlbmRuaXMuZGVcL3dwLWNvbnRlbnRcL3VwbG9hZHNcLzIwMjRcLzA0XC9QMTAwOTMwMS1FbmhhbmNlZC1OUi5qcGciLCJzbGlkZXNob3ciOiIyYTNjZDg3In0%3D\" data-lbwps-width=\"1638\" data-lbwps-height=\"2048\" data-lbwps-srcsmall=\"https:\/\/www.bremer-buendnis.de\/wp-content\/uploads\/2024\/04\/P1009301-Enhanced-NR-240x300.jpg\" data-lbwps-title=\"Foto: Moritz R\u00f6ber\">\n\t\t\t\t\t<div class=\"e-gallery-image elementor-gallery-item__image\" data-thumbnail=\"https:\/\/www.bremer-buendnis.de\/wp-content\/uploads\/2024\/04\/P1009301-Enhanced-NR-240x300.jpg\" data-width=\"240\" data-height=\"300\" aria-label=\"\" role=\"img\" ><\/div>\n\t\t\t\t\t\t\t\t\t\t\t<div class=\"elementor-gallery-item__overlay\"><\/div>\n\t\t\t\t\t\t\t\t\t\t\t\t\t\t<\/a>\n\t\t\t\t\t\t\t<a class=\"e-gallery-item elementor-gallery-item elementor-animated-content\" href=\"https:\/\/www.bremer-buendnis.de\/wp-content\/uploads\/2024\/04\/P1009329-2.jpg\" data-elementor-open-lightbox=\"yes\" data-elementor-lightbox-slideshow=\"2a3cd87\" data-elementor-lightbox-title=\"Foto: Moritz R\u00f6ber\" data-e-action-hash=\"#elementor-action%3Aaction%3Dlightbox%26settings%3DeyJpZCI6Mjc4NiwidXJsIjoiaHR0cHM6XC9cL3d3dy5icmVtZXItYnVlbmRuaXMuZGVcL3dwLWNvbnRlbnRcL3VwbG9hZHNcLzIwMjRcLzA0XC9QMTAwOTMyOS0yLmpwZyIsInNsaWRlc2hvdyI6IjJhM2NkODcifQ%3D%3D\" data-lbwps-width=\"1638\" data-lbwps-height=\"2048\" data-lbwps-srcsmall=\"https:\/\/www.bremer-buendnis.de\/wp-content\/uploads\/2024\/04\/P1009329-2-240x300.jpg\" data-lbwps-title=\"Foto: Moritz R\u00f6ber\">\n\t\t\t\t\t<div class=\"e-gallery-image elementor-gallery-item__image\" data-thumbnail=\"https:\/\/www.bremer-buendnis.de\/wp-content\/uploads\/2024\/04\/P1009329-2-240x300.jpg\" data-width=\"240\" data-height=\"300\" aria-label=\"\" role=\"img\" ><\/div>\n\t\t\t\t\t\t\t\t\t\t\t<div class=\"elementor-gallery-item__overlay\"><\/div>\n\t\t\t\t\t\t\t\t\t\t\t\t\t\t<\/a>\n\t\t\t\t\t\t\t<a class=\"e-gallery-item elementor-gallery-item elementor-animated-content\" href=\"https:\/\/www.bremer-buendnis.de\/wp-content\/uploads\/2024\/04\/P1850205.jpg\" data-elementor-open-lightbox=\"yes\" data-elementor-lightbox-slideshow=\"2a3cd87\" data-elementor-lightbox-title=\"Foto: Moritz R\u00f6ber\" data-e-action-hash=\"#elementor-action%3Aaction%3Dlightbox%26settings%3DeyJpZCI6Mjc4NywidXJsIjoiaHR0cHM6XC9cL3d3dy5icmVtZXItYnVlbmRuaXMuZGVcL3dwLWNvbnRlbnRcL3VwbG9hZHNcLzIwMjRcLzA0XC9QMTg1MDIwNS5qcGciLCJzbGlkZXNob3ciOiIyYTNjZDg3In0%3D\" data-lbwps-width=\"2048\" data-lbwps-height=\"1365\" data-lbwps-srcsmall=\"https:\/\/www.bremer-buendnis.de\/wp-content\/uploads\/2024\/04\/P1850205-300x200.jpg\" data-lbwps-title=\"Foto: Moritz R\u00f6ber\">\n\t\t\t\t\t<div class=\"e-gallery-image elementor-gallery-item__image\" data-thumbnail=\"https:\/\/www.bremer-buendnis.de\/wp-content\/uploads\/2024\/04\/P1850205-300x200.jpg\" data-width=\"300\" data-height=\"200\" aria-label=\"\" role=\"img\" ><\/div>\n\t\t\t\t\t\t\t\t\t\t\t<div class=\"elementor-gallery-item__overlay\"><\/div>\n\t\t\t\t\t\t\t\t\t\t\t\t\t\t<\/a>\n\t\t\t\t\t\t\t<a class=\"e-gallery-item elementor-gallery-item elementor-animated-content\" href=\"https:\/\/www.bremer-buendnis.de\/wp-content\/uploads\/2024\/04\/P1850265.jpg\" data-elementor-open-lightbox=\"yes\" data-elementor-lightbox-slideshow=\"2a3cd87\" data-elementor-lightbox-title=\"Foto: Moritz R\u00f6ber\" data-e-action-hash=\"#elementor-action%3Aaction%3Dlightbox%26settings%3DeyJpZCI6Mjc4OCwidXJsIjoiaHR0cHM6XC9cL3d3dy5icmVtZXItYnVlbmRuaXMuZGVcL3dwLWNvbnRlbnRcL3VwbG9hZHNcLzIwMjRcLzA0XC9QMTg1MDI2NS5qcGciLCJzbGlkZXNob3ciOiIyYTNjZDg3In0%3D\" data-lbwps-width=\"2048\" data-lbwps-height=\"1365\" data-lbwps-srcsmall=\"https:\/\/www.bremer-buendnis.de\/wp-content\/uploads\/2024\/04\/P1850265-300x200.jpg\" data-lbwps-title=\"Foto: Moritz R\u00f6ber\">\n\t\t\t\t\t<div class=\"e-gallery-image elementor-gallery-item__image\" data-thumbnail=\"https:\/\/www.bremer-buendnis.de\/wp-content\/uploads\/2024\/04\/P1850265-300x200.jpg\" data-width=\"300\" data-height=\"200\" aria-label=\"\" role=\"img\" ><\/div>\n\t\t\t\t\t\t\t\t\t\t\t<div class=\"elementor-gallery-item__overlay\"><\/div>\n\t\t\t\t\t\t\t\t\t\t\t\t\t\t<\/a>\n\t\t\t\t\t\t\t<a class=\"e-gallery-item elementor-gallery-item elementor-animated-content\" href=\"https:\/\/www.bremer-buendnis.de\/wp-content\/uploads\/2024\/04\/P1009213.jpg\" data-elementor-open-lightbox=\"yes\" data-elementor-lightbox-slideshow=\"2a3cd87\" data-elementor-lightbox-title=\"Foto: Moritz R\u00f6ber\" data-e-action-hash=\"#elementor-action%3Aaction%3Dlightbox%26settings%3DeyJpZCI6Mjc4OSwidXJsIjoiaHR0cHM6XC9cL3d3dy5icmVtZXItYnVlbmRuaXMuZGVcL3dwLWNvbnRlbnRcL3VwbG9hZHNcLzIwMjRcLzA0XC9QMTAwOTIxMy5qcGciLCJzbGlkZXNob3ciOiIyYTNjZDg3In0%3D\" data-lbwps-width=\"1364\" data-lbwps-height=\"2048\" data-lbwps-srcsmall=\"https:\/\/www.bremer-buendnis.de\/wp-content\/uploads\/2024\/04\/P1009213-200x300.jpg\" data-lbwps-title=\"Foto: Moritz R\u00f6ber\">\n\t\t\t\t\t<div class=\"e-gallery-image elementor-gallery-item__image\" data-thumbnail=\"https:\/\/www.bremer-buendnis.de\/wp-content\/uploads\/2024\/04\/P1009213-200x300.jpg\" data-width=\"200\" data-height=\"300\" aria-label=\"\" role=\"img\" ><\/div>\n\t\t\t\t\t\t\t\t\t\t\t<div class=\"elementor-gallery-item__overlay\"><\/div>\n\t\t\t\t\t\t\t\t\t\t\t\t\t\t<\/a>\n\t\t\t\t\t\t\t<a class=\"e-gallery-item elementor-gallery-item elementor-animated-content\" href=\"https:\/\/www.bremer-buendnis.de\/wp-content\/uploads\/2024\/04\/P1009197.jpg\" data-elementor-open-lightbox=\"yes\" data-elementor-lightbox-slideshow=\"2a3cd87\" data-elementor-lightbox-title=\"Foto: Moritz R\u00f6ber\" data-e-action-hash=\"#elementor-action%3Aaction%3Dlightbox%26settings%3DeyJpZCI6Mjc5MCwidXJsIjoiaHR0cHM6XC9cL3d3dy5icmVtZXItYnVlbmRuaXMuZGVcL3dwLWNvbnRlbnRcL3VwbG9hZHNcLzIwMjRcLzA0XC9QMTAwOTE5Ny5qcGciLCJzbGlkZXNob3ciOiIyYTNjZDg3In0%3D\" data-lbwps-width=\"2048\" data-lbwps-height=\"1364\" data-lbwps-srcsmall=\"https:\/\/www.bremer-buendnis.de\/wp-content\/uploads\/2024\/04\/P1009197-300x200.jpg\" data-lbwps-title=\"Foto: Moritz R\u00f6ber\">\n\t\t\t\t\t<div class=\"e-gallery-image elementor-gallery-item__image\" data-thumbnail=\"https:\/\/www.bremer-buendnis.de\/wp-content\/uploads\/2024\/04\/P1009197-300x200.jpg\" data-width=\"300\" data-height=\"200\" aria-label=\"\" role=\"img\" ><\/div>\n\t\t\t\t\t\t\t\t\t\t\t<div class=\"elementor-gallery-item__overlay\"><\/div>\n\t\t\t\t\t\t\t\t\t\t\t\t\t\t<\/a>\n\t\t\t\t\t\t\t<a class=\"e-gallery-item elementor-gallery-item elementor-animated-content\" href=\"https:\/\/www.bremer-buendnis.de\/wp-content\/uploads\/2024\/04\/P1009178-Enhanced-NR.jpg\" data-elementor-open-lightbox=\"yes\" data-elementor-lightbox-slideshow=\"2a3cd87\" data-elementor-lightbox-title=\"Foto: Moritz R\u00f6ber\" data-e-action-hash=\"#elementor-action%3Aaction%3Dlightbox%26settings%3DeyJpZCI6Mjc5MSwidXJsIjoiaHR0cHM6XC9cL3d3dy5icmVtZXItYnVlbmRuaXMuZGVcL3dwLWNvbnRlbnRcL3VwbG9hZHNcLzIwMjRcLzA0XC9QMTAwOTE3OC1FbmhhbmNlZC1OUi5qcGciLCJzbGlkZXNob3ciOiIyYTNjZDg3In0%3D\" data-lbwps-width=\"2048\" data-lbwps-height=\"1364\" data-lbwps-srcsmall=\"https:\/\/www.bremer-buendnis.de\/wp-content\/uploads\/2024\/04\/P1009178-Enhanced-NR-300x200.jpg\" data-lbwps-title=\"Foto: Moritz R\u00f6ber\">\n\t\t\t\t\t<div class=\"e-gallery-image elementor-gallery-item__image\" data-thumbnail=\"https:\/\/www.bremer-buendnis.de\/wp-content\/uploads\/2024\/04\/P1009178-Enhanced-NR-300x200.jpg\" data-width=\"300\" data-height=\"200\" aria-label=\"\" role=\"img\" ><\/div>\n\t\t\t\t\t\t\t\t\t\t\t<div class=\"elementor-gallery-item__overlay\"><\/div>\n\t\t\t\t\t\t\t\t\t\t\t\t\t\t<\/a>\n\t\t\t\t\t\t\t<a class=\"e-gallery-item elementor-gallery-item elementor-animated-content\" href=\"https:\/\/www.bremer-buendnis.de\/wp-content\/uploads\/2024\/04\/P1009370-Enhanced-NR-1.jpg\" data-elementor-open-lightbox=\"yes\" data-elementor-lightbox-slideshow=\"2a3cd87\" data-elementor-lightbox-title=\"Foto: Moritz R\u00f6ber\" data-e-action-hash=\"#elementor-action%3Aaction%3Dlightbox%26settings%3DeyJpZCI6Mjc5MiwidXJsIjoiaHR0cHM6XC9cL3d3dy5icmVtZXItYnVlbmRuaXMuZGVcL3dwLWNvbnRlbnRcL3VwbG9hZHNcLzIwMjRcLzA0XC9QMTAwOTM3MC1FbmhhbmNlZC1OUi0xLmpwZyIsInNsaWRlc2hvdyI6IjJhM2NkODcifQ%3D%3D\" data-lbwps-width=\"2048\" data-lbwps-height=\"1364\" data-lbwps-srcsmall=\"https:\/\/www.bremer-buendnis.de\/wp-content\/uploads\/2024\/04\/P1009370-Enhanced-NR-1-300x200.jpg\" data-lbwps-title=\"Foto: Moritz R\u00f6ber\">\n\t\t\t\t\t<div class=\"e-gallery-image elementor-gallery-item__image\" data-thumbnail=\"https:\/\/www.bremer-buendnis.de\/wp-content\/uploads\/2024\/04\/P1009370-Enhanced-NR-1-300x200.jpg\" data-width=\"300\" data-height=\"200\" aria-label=\"NS-Unrecht &quot;Entartete Musik&quot;\" role=\"img\" ><\/div>\n\t\t\t\t\t\t\t\t\t\t\t<div class=\"elementor-gallery-item__overlay\"><\/div>\n\t\t\t\t\t\t\t\t\t\t\t\t\t\t<\/a>\n\t\t\t\t\t\t\t<a class=\"e-gallery-item elementor-gallery-item elementor-animated-content\" href=\"https:\/\/www.bremer-buendnis.de\/wp-content\/uploads\/2024\/04\/P1850264.jpg\" data-elementor-open-lightbox=\"yes\" data-elementor-lightbox-slideshow=\"2a3cd87\" data-elementor-lightbox-title=\"Foto: Moritz R\u00f6ber\" data-e-action-hash=\"#elementor-action%3Aaction%3Dlightbox%26settings%3DeyJpZCI6Mjc5MywidXJsIjoiaHR0cHM6XC9cL3d3dy5icmVtZXItYnVlbmRuaXMuZGVcL3dwLWNvbnRlbnRcL3VwbG9hZHNcLzIwMjRcLzA0XC9QMTg1MDI2NC5qcGciLCJzbGlkZXNob3ciOiIyYTNjZDg3In0%3D\" data-lbwps-width=\"2048\" data-lbwps-height=\"1365\" data-lbwps-srcsmall=\"https:\/\/www.bremer-buendnis.de\/wp-content\/uploads\/2024\/04\/P1850264-300x200.jpg\" data-lbwps-title=\"Foto: Moritz R\u00f6ber\">\n\t\t\t\t\t<div class=\"e-gallery-image elementor-gallery-item__image\" data-thumbnail=\"https:\/\/www.bremer-buendnis.de\/wp-content\/uploads\/2024\/04\/P1850264-300x200.jpg\" data-width=\"300\" data-height=\"200\" aria-label=\"\" role=\"img\" ><\/div>\n\t\t\t\t\t\t\t\t\t\t\t<div class=\"elementor-gallery-item__overlay\"><\/div>\n\t\t\t\t\t\t\t\t\t\t\t\t\t\t<\/a>\n\t\t\t\t\t\t\t<a class=\"e-gallery-item elementor-gallery-item elementor-animated-content\" href=\"https:\/\/www.bremer-buendnis.de\/wp-content\/uploads\/2024\/04\/P1009182-Enhanced-NR.jpg\" data-elementor-open-lightbox=\"yes\" data-elementor-lightbox-slideshow=\"2a3cd87\" data-elementor-lightbox-title=\"Foto: Moritz R\u00f6ber\" data-e-action-hash=\"#elementor-action%3Aaction%3Dlightbox%26settings%3DeyJpZCI6Mjc5NCwidXJsIjoiaHR0cHM6XC9cL3d3dy5icmVtZXItYnVlbmRuaXMuZGVcL3dwLWNvbnRlbnRcL3VwbG9hZHNcLzIwMjRcLzA0XC9QMTAwOTE4Mi1FbmhhbmNlZC1OUi5qcGciLCJzbGlkZXNob3ciOiIyYTNjZDg3In0%3D\" data-lbwps-width=\"2048\" data-lbwps-height=\"1364\" data-lbwps-srcsmall=\"https:\/\/www.bremer-buendnis.de\/wp-content\/uploads\/2024\/04\/P1009182-Enhanced-NR-300x200.jpg\" data-lbwps-title=\"Foto: Moritz R\u00f6ber\">\n\t\t\t\t\t<div class=\"e-gallery-image elementor-gallery-item__image\" data-thumbnail=\"https:\/\/www.bremer-buendnis.de\/wp-content\/uploads\/2024\/04\/P1009182-Enhanced-NR-300x200.jpg\" data-width=\"300\" data-height=\"200\" aria-label=\"\" role=\"img\" ><\/div>\n\t\t\t\t\t\t\t\t\t\t\t<div class=\"elementor-gallery-item__overlay\"><\/div>\n\t\t\t\t\t\t\t\t\t\t\t\t\t\t<\/a>\n\t\t\t\t\t\t\t<a class=\"e-gallery-item elementor-gallery-item elementor-animated-content\" href=\"https:\/\/www.bremer-buendnis.de\/wp-content\/uploads\/2024\/04\/P1009291.jpg\" data-elementor-open-lightbox=\"yes\" data-elementor-lightbox-slideshow=\"2a3cd87\" data-elementor-lightbox-title=\"Foto: Moritz R\u00f6ber\" data-e-action-hash=\"#elementor-action%3Aaction%3Dlightbox%26settings%3DeyJpZCI6Mjc5NiwidXJsIjoiaHR0cHM6XC9cL3d3dy5icmVtZXItYnVlbmRuaXMuZGVcL3dwLWNvbnRlbnRcL3VwbG9hZHNcLzIwMjRcLzA0XC9QMTAwOTI5MS5qcGciLCJzbGlkZXNob3ciOiIyYTNjZDg3In0%3D\" data-lbwps-width=\"2048\" data-lbwps-height=\"1364\" data-lbwps-srcsmall=\"https:\/\/www.bremer-buendnis.de\/wp-content\/uploads\/2024\/04\/P1009291-300x200.jpg\" data-lbwps-title=\"Foto: Moritz R\u00f6ber\">\n\t\t\t\t\t<div class=\"e-gallery-image elementor-gallery-item__image\" data-thumbnail=\"https:\/\/www.bremer-buendnis.de\/wp-content\/uploads\/2024\/04\/P1009291-300x200.jpg\" data-width=\"300\" data-height=\"200\" aria-label=\"\" role=\"img\" ><\/div>\n\t\t\t\t\t\t\t\t\t\t\t<div class=\"elementor-gallery-item__overlay\"><\/div>\n\t\t\t\t\t\t\t\t\t\t\t\t\t\t<\/a>\n\t\t\t\t\t\t\t<a class=\"e-gallery-item elementor-gallery-item elementor-animated-content\" href=\"https:\/\/www.bremer-buendnis.de\/wp-content\/uploads\/2024\/04\/P1009165.jpg\" data-elementor-open-lightbox=\"yes\" data-elementor-lightbox-slideshow=\"2a3cd87\" data-elementor-lightbox-title=\"Foto: Moritz R\u00f6ber\" data-e-action-hash=\"#elementor-action%3Aaction%3Dlightbox%26settings%3DeyJpZCI6Mjc5NywidXJsIjoiaHR0cHM6XC9cL3d3dy5icmVtZXItYnVlbmRuaXMuZGVcL3dwLWNvbnRlbnRcL3VwbG9hZHNcLzIwMjRcLzA0XC9QMTAwOTE2NS5qcGciLCJzbGlkZXNob3ciOiIyYTNjZDg3In0%3D\" data-lbwps-width=\"1638\" data-lbwps-height=\"2048\" data-lbwps-srcsmall=\"https:\/\/www.bremer-buendnis.de\/wp-content\/uploads\/2024\/04\/P1009165-240x300.jpg\" data-lbwps-title=\"Foto: Moritz R\u00f6ber\">\n\t\t\t\t\t<div class=\"e-gallery-image elementor-gallery-item__image\" data-thumbnail=\"https:\/\/www.bremer-buendnis.de\/wp-content\/uploads\/2024\/04\/P1009165-240x300.jpg\" data-width=\"240\" data-height=\"300\" aria-label=\"\" role=\"img\" ><\/div>\n\t\t\t\t\t\t\t\t\t\t\t<div class=\"elementor-gallery-item__overlay\"><\/div>\n\t\t\t\t\t\t\t\t\t\t\t\t\t\t<\/a>\n\t\t\t\t\t\t\t<a class=\"e-gallery-item elementor-gallery-item elementor-animated-content\" href=\"https:\/\/www.bremer-buendnis.de\/wp-content\/uploads\/2024\/04\/P1009234.jpg\" data-elementor-open-lightbox=\"yes\" data-elementor-lightbox-slideshow=\"2a3cd87\" data-elementor-lightbox-title=\"Foto: Moritz R\u00f6ber\" data-e-action-hash=\"#elementor-action%3Aaction%3Dlightbox%26settings%3DeyJpZCI6Mjc5OCwidXJsIjoiaHR0cHM6XC9cL3d3dy5icmVtZXItYnVlbmRuaXMuZGVcL3dwLWNvbnRlbnRcL3VwbG9hZHNcLzIwMjRcLzA0XC9QMTAwOTIzNC5qcGciLCJzbGlkZXNob3ciOiIyYTNjZDg3In0%3D\" data-lbwps-width=\"1364\" data-lbwps-height=\"2048\" data-lbwps-srcsmall=\"https:\/\/www.bremer-buendnis.de\/wp-content\/uploads\/2024\/04\/P1009234-200x300.jpg\" data-lbwps-title=\"Foto: Moritz R\u00f6ber\">\n\t\t\t\t\t<div class=\"e-gallery-image elementor-gallery-item__image\" data-thumbnail=\"https:\/\/www.bremer-buendnis.de\/wp-content\/uploads\/2024\/04\/P1009234-200x300.jpg\" data-width=\"200\" data-height=\"300\" aria-label=\"\" role=\"img\" ><\/div>\n\t\t\t\t\t\t\t\t\t\t\t<div class=\"elementor-gallery-item__overlay\"><\/div>\n\t\t\t\t\t\t\t\t\t\t\t\t\t\t<\/a>\n\t\t\t\t\t\t\t<a class=\"e-gallery-item elementor-gallery-item elementor-animated-content\" href=\"https:\/\/www.bremer-buendnis.de\/wp-content\/uploads\/2024\/04\/P1009286.jpg\" data-elementor-open-lightbox=\"yes\" data-elementor-lightbox-slideshow=\"2a3cd87\" data-elementor-lightbox-title=\"Foto: Moritz R\u00f6ber\" data-e-action-hash=\"#elementor-action%3Aaction%3Dlightbox%26settings%3DeyJpZCI6Mjc5OSwidXJsIjoiaHR0cHM6XC9cL3d3dy5icmVtZXItYnVlbmRuaXMuZGVcL3dwLWNvbnRlbnRcL3VwbG9hZHNcLzIwMjRcLzA0XC9QMTAwOTI4Ni5qcGciLCJzbGlkZXNob3ciOiIyYTNjZDg3In0%3D\" data-lbwps-width=\"1638\" data-lbwps-height=\"2048\" data-lbwps-srcsmall=\"https:\/\/www.bremer-buendnis.de\/wp-content\/uploads\/2024\/04\/P1009286-240x300.jpg\" data-lbwps-title=\"Foto: Moritz R\u00f6ber\">\n\t\t\t\t\t<div class=\"e-gallery-image elementor-gallery-item__image\" data-thumbnail=\"https:\/\/www.bremer-buendnis.de\/wp-content\/uploads\/2024\/04\/P1009286-240x300.jpg\" data-width=\"240\" data-height=\"300\" aria-label=\"\" role=\"img\" ><\/div>\n\t\t\t\t\t\t\t\t\t\t\t<div class=\"elementor-gallery-item__overlay\"><\/div>\n\t\t\t\t\t\t\t\t\t\t\t\t\t\t<\/a>\n\t\t\t\t\t<\/div>\n\t\t\t\t\t<\/div>\n\t\t\t\t<\/div>\n\t\t\t\t\t<\/div>\n\t\t\t\t<\/div>\n\t\t<div data-particle_enable=\"false\" data-particle-mobile-disabled=\"false\" class=\"elementor-element elementor-element-aff2421 e-flex e-con-boxed e-con e-parent\" data-id=\"aff2421\" data-element_type=\"container\" data-e-type=\"container\">\n\t\t\t\t\t<div class=\"e-con-inner\">\n\t\t\t\t\t<\/div>\n\t\t\t\t<\/div>\n\t\t<div data-particle_enable=\"false\" data-particle-mobile-disabled=\"false\" class=\"elementor-element elementor-element-14e5fa6 e-flex e-con-boxed e-con e-parent\" data-id=\"14e5fa6\" data-element_type=\"container\" data-e-type=\"container\">\n\t\t\t\t\t<div class=\"e-con-inner\">\n\t\t\t\t\t<\/div>\n\t\t\t\t<\/div>\n\t\t\t\t<\/div>\n\t\t","protected":false},"excerpt":{"rendered":"<p>Zah\u00e1jen\u00ed projektu nacistick\u00e9ho bezpr\u00e1v\u00ed &#8222;Degenerate Music&#8220; Foto: Moritz R\u00f6ber Zah\u00e1jen\u00ed festivalu &#8222;Jak se d\u011bl\u00e1 jaro&#8220; prezentac\u00ed na\u0161eho projektu. Na za\u010d\u00e1tku prob\u011bhla vzru\u0161uj\u00edc\u00ed panelov\u00e1 diskuse s Birgit K\u00f6hler, Petrem Kourou a Andrzejem Rumianowskim o \u010desk\u00fdch &#8222;Pot\u00e1pk\u00e1ch&#8220;, br\u00e9msk\u00fdch &#8222;Swing Kids&#8220;, v\u00fdskytu swingov\u00e9 ml\u00e1de\u017ee obecn\u011b a pron\u00e1sledov\u00e1n\u00ed jazzov\u00fdch hudebn\u00edk\u016f v Polsku. Pot\u00e9 El\u00e9na a Christin uk\u00e1zaly z\u00e1kladn\u00ed rytmy &hellip; <\/p>\n<p class=\"link-more\"><a href=\"https:\/\/www.bremer-buendnis.de\/cs\/2024\/04\/06\/zahajeni-projektu-nacistickeho-bezpravi-degenerate-music\/\" class=\"more-link\">Pokra\u010dovat ve \u010dten\u00ed<span class=\"screen-reader-text\"> &#8222;Zah\u00e1jen\u00ed projektu nacistick\u00e9ho bezpr\u00e1v\u00ed &#8222;Degenerate Music&#8220;&#8220;<\/span><\/a><\/p>\n","protected":false},"author":9,"featured_media":5387,"comment_status":"closed","ping_status":"open","sticky":false,"template":"elementor_header_footer","format":"standard","meta":{"footnotes":"","_links_to":"","_links_to_target":""},"categories":[48,47],"tags":[],"class_list":["post-6092","post","type-post","status-publish","format-standard","has-post-thumbnail","hentry","category-swing-cs","category-zpravy"],"yoast_head":"<!-- This site is optimized with the Yoast SEO plugin v27.2 - https:\/\/yoast.com\/product\/yoast-seo-wordpress\/ -->\n<title>Zah\u00e1jen\u00ed projektu nacistick\u00e9ho bezpr\u00e1v\u00ed &quot;Degenerate Music&quot; - Bremer B\u00fcndnis f\u00fcr deutsch-tschechische Zusammenarbeit<\/title>\n<meta name=\"robots\" content=\"index, follow, max-snippet:-1, max-image-preview:large, max-video-preview:-1\" \/>\n<link rel=\"canonical\" href=\"https:\/\/www.bremer-buendnis.de\/cs\/2024\/04\/06\/zahajeni-projektu-nacistickeho-bezpravi-degenerate-music\/\" \/>\n<meta property=\"og:locale\" content=\"cs_CZ\" \/>\n<meta property=\"og:type\" content=\"article\" \/>\n<meta property=\"og:title\" content=\"Zah\u00e1jen\u00ed projektu nacistick\u00e9ho bezpr\u00e1v\u00ed &quot;Degenerate Music&quot; - Bremer B\u00fcndnis f\u00fcr deutsch-tschechische Zusammenarbeit\" \/>\n<meta property=\"og:description\" content=\"Zah\u00e1jen\u00ed projektu nacistick\u00e9ho bezpr\u00e1v\u00ed &#8222;Degenerate Music&#8220; Foto: Moritz R\u00f6ber Zah\u00e1jen\u00ed festivalu &#8222;Jak se d\u011bl\u00e1 jaro&#8220; prezentac\u00ed na\u0161eho projektu. Na za\u010d\u00e1tku prob\u011bhla vzru\u0161uj\u00edc\u00ed panelov\u00e1 diskuse s Birgit K\u00f6hler, Petrem Kourou a Andrzejem Rumianowskim o \u010desk\u00fdch &#8222;Pot\u00e1pk\u00e1ch&#8220;, br\u00e9msk\u00fdch &#8222;Swing Kids&#8220;, v\u00fdskytu swingov\u00e9 ml\u00e1de\u017ee obecn\u011b a pron\u00e1sledov\u00e1n\u00ed jazzov\u00fdch hudebn\u00edk\u016f v Polsku. Pot\u00e9 El\u00e9na a Christin uk\u00e1zaly z\u00e1kladn\u00ed rytmy &hellip; Pokra\u010dovat ve \u010dten\u00ed &quot;Zah\u00e1jen\u00ed projektu nacistick\u00e9ho bezpr\u00e1v\u00ed &#8222;Degenerate Music&#8220;&quot;\" \/>\n<meta property=\"og:url\" content=\"https:\/\/www.bremer-buendnis.de\/cs\/2024\/04\/06\/zahajeni-projektu-nacistickeho-bezpravi-degenerate-music\/\" \/>\n<meta property=\"og:site_name\" content=\"Bremer B\u00fcndnis f\u00fcr deutsch-tschechische Zusammenarbeit\" \/>\n<meta property=\"article:published_time\" content=\"2024-04-06T09:47:30+00:00\" \/>\n<meta property=\"article:modified_time\" content=\"2025-03-04T16:18:38+00:00\" \/>\n<meta property=\"og:image\" content=\"https:\/\/www.bremer-buendnis.de\/wp-content\/uploads\/2024\/04\/P1009370-Enhanced-NR-1.jpg\" \/>\n\t<meta property=\"og:image:width\" content=\"2048\" \/>\n\t<meta property=\"og:image:height\" content=\"1364\" \/>\n\t<meta property=\"og:image:type\" content=\"image\/jpeg\" \/>\n<meta name=\"author\" content=\"Klaas\" \/>\n<meta name=\"twitter:card\" content=\"summary_large_image\" \/>\n<meta name=\"twitter:label1\" content=\"Napsal(a)\" \/>\n\t<meta name=\"twitter:data1\" content=\"Klaas\" \/>\n\t<meta name=\"twitter:label2\" content=\"Odhadovan\u00e1 doba \u010dten\u00ed\" \/>\n\t<meta name=\"twitter:data2\" content=\"1 minuta\" \/>\n<script type=\"application\/ld+json\" class=\"yoast-schema-graph\">{\"@context\":\"https:\/\/schema.org\",\"@graph\":[{\"@type\":\"Article\",\"@id\":\"https:\/\/www.bremer-buendnis.de\/cs\/2024\/04\/06\/zahajeni-projektu-nacistickeho-bezpravi-degenerate-music\/#article\",\"isPartOf\":{\"@id\":\"https:\/\/www.bremer-buendnis.de\/cs\/2024\/04\/06\/zahajeni-projektu-nacistickeho-bezpravi-degenerate-music\/\"},\"author\":{\"name\":\"Klaas\",\"@id\":\"https:\/\/www.bremer-buendnis.de\/cs\/#\/schema\/person\/3b90fd155032d5aebae7f2f8faf95c46\"},\"headline\":\"Zah\u00e1jen\u00ed projektu nacistick\u00e9ho bezpr\u00e1v\u00ed &#8222;Degenerate Music&#8220;\",\"datePublished\":\"2024-04-06T09:47:30+00:00\",\"dateModified\":\"2025-03-04T16:18:38+00:00\",\"mainEntityOfPage\":{\"@id\":\"https:\/\/www.bremer-buendnis.de\/cs\/2024\/04\/06\/zahajeni-projektu-nacistickeho-bezpravi-degenerate-music\/\"},\"wordCount\":151,\"publisher\":{\"@id\":\"https:\/\/www.bremer-buendnis.de\/cs\/#organization\"},\"image\":{\"@id\":\"https:\/\/www.bremer-buendnis.de\/cs\/2024\/04\/06\/zahajeni-projektu-nacistickeho-bezpravi-degenerate-music\/#primaryimage\"},\"thumbnailUrl\":\"https:\/\/www.bremer-buendnis.de\/wp-content\/uploads\/2024\/04\/P1009370-Enhanced-NR-1.jpg\",\"articleSection\":[\"Swing\",\"Zpr\u00e1vy\"],\"inLanguage\":\"cs\"},{\"@type\":\"WebPage\",\"@id\":\"https:\/\/www.bremer-buendnis.de\/cs\/2024\/04\/06\/zahajeni-projektu-nacistickeho-bezpravi-degenerate-music\/\",\"url\":\"https:\/\/www.bremer-buendnis.de\/cs\/2024\/04\/06\/zahajeni-projektu-nacistickeho-bezpravi-degenerate-music\/\",\"name\":\"Zah\u00e1jen\u00ed projektu nacistick\u00e9ho bezpr\u00e1v\u00ed \\\"Degenerate Music\\\" - Bremer B\u00fcndnis f\u00fcr deutsch-tschechische Zusammenarbeit\",\"isPartOf\":{\"@id\":\"https:\/\/www.bremer-buendnis.de\/cs\/#website\"},\"primaryImageOfPage\":{\"@id\":\"https:\/\/www.bremer-buendnis.de\/cs\/2024\/04\/06\/zahajeni-projektu-nacistickeho-bezpravi-degenerate-music\/#primaryimage\"},\"image\":{\"@id\":\"https:\/\/www.bremer-buendnis.de\/cs\/2024\/04\/06\/zahajeni-projektu-nacistickeho-bezpravi-degenerate-music\/#primaryimage\"},\"thumbnailUrl\":\"https:\/\/www.bremer-buendnis.de\/wp-content\/uploads\/2024\/04\/P1009370-Enhanced-NR-1.jpg\",\"datePublished\":\"2024-04-06T09:47:30+00:00\",\"dateModified\":\"2025-03-04T16:18:38+00:00\",\"breadcrumb\":{\"@id\":\"https:\/\/www.bremer-buendnis.de\/cs\/2024\/04\/06\/zahajeni-projektu-nacistickeho-bezpravi-degenerate-music\/#breadcrumb\"},\"inLanguage\":\"cs\",\"potentialAction\":[{\"@type\":\"ReadAction\",\"target\":[\"https:\/\/www.bremer-buendnis.de\/cs\/2024\/04\/06\/zahajeni-projektu-nacistickeho-bezpravi-degenerate-music\/\"]}]},{\"@type\":\"ImageObject\",\"inLanguage\":\"cs\",\"@id\":\"https:\/\/www.bremer-buendnis.de\/cs\/2024\/04\/06\/zahajeni-projektu-nacistickeho-bezpravi-degenerate-music\/#primaryimage\",\"url\":\"https:\/\/www.bremer-buendnis.de\/wp-content\/uploads\/2024\/04\/P1009370-Enhanced-NR-1.jpg\",\"contentUrl\":\"https:\/\/www.bremer-buendnis.de\/wp-content\/uploads\/2024\/04\/P1009370-Enhanced-NR-1.jpg\",\"width\":2048,\"height\":1364,\"caption\":\"Nacistick\u00e9 bezpr\u00e1v\u00ed \\\"Degenerovan\u00e1 hudba\\\"\"},{\"@type\":\"BreadcrumbList\",\"@id\":\"https:\/\/www.bremer-buendnis.de\/cs\/2024\/04\/06\/zahajeni-projektu-nacistickeho-bezpravi-degenerate-music\/#breadcrumb\",\"itemListElement\":[{\"@type\":\"ListItem\",\"position\":1,\"name\":\"Startseite\",\"item\":\"https:\/\/www.bremer-buendnis.de\/cs\/domovska-stranka\/\"},{\"@type\":\"ListItem\",\"position\":2,\"name\":\"Zah\u00e1jen\u00ed projektu nacistick\u00e9ho bezpr\u00e1v\u00ed &#8222;Degenerate Music&#8220;\"}]},{\"@type\":\"WebSite\",\"@id\":\"https:\/\/www.bremer-buendnis.de\/cs\/#website\",\"url\":\"https:\/\/www.bremer-buendnis.de\/cs\/\",\"name\":\"Bremer B\u00fcndnis f\u00fcr deutsch-tschechische Zusammenarbeit\",\"description\":\"Das Bremer B\u00fcndnis f\u00fcr deutsch-tschechische Zusammenarbeit e.V. b\u00fcndelt Ideen und Aktivit\u00e4ten mit dem Ziel, die deutsch-tschechische Zusammenarbeit zu f\u00f6rdern und deren Akteure zu vernetzen.\",\"publisher\":{\"@id\":\"https:\/\/www.bremer-buendnis.de\/cs\/#organization\"},\"potentialAction\":[{\"@type\":\"SearchAction\",\"target\":{\"@type\":\"EntryPoint\",\"urlTemplate\":\"https:\/\/www.bremer-buendnis.de\/cs\/?s={search_term_string}\"},\"query-input\":{\"@type\":\"PropertyValueSpecification\",\"valueRequired\":true,\"valueName\":\"search_term_string\"}}],\"inLanguage\":\"cs\"},{\"@type\":\"Organization\",\"@id\":\"https:\/\/www.bremer-buendnis.de\/cs\/#organization\",\"name\":\"Bremer B\u00fcndnis f\u00fcr deutsch-tschechische Zusammenarbeit\",\"url\":\"https:\/\/www.bremer-buendnis.de\/cs\/\",\"logo\":{\"@type\":\"ImageObject\",\"inLanguage\":\"cs\",\"@id\":\"https:\/\/www.bremer-buendnis.de\/cs\/#\/schema\/logo\/image\/\",\"url\":\"https:\/\/www.bremer-buendnis.de\/wp-content\/uploads\/2019\/12\/cropped-BB_Logo-long_white-1.png\",\"contentUrl\":\"https:\/\/www.bremer-buendnis.de\/wp-content\/uploads\/2019\/12\/cropped-BB_Logo-long_white-1.png\",\"width\":691,\"height\":250,\"caption\":\"Bremer B\u00fcndnis f\u00fcr deutsch-tschechische Zusammenarbeit\"},\"image\":{\"@id\":\"https:\/\/www.bremer-buendnis.de\/cs\/#\/schema\/logo\/image\/\"}},{\"@type\":\"Person\",\"@id\":\"https:\/\/www.bremer-buendnis.de\/cs\/#\/schema\/person\/3b90fd155032d5aebae7f2f8faf95c46\",\"name\":\"Klaas\",\"image\":{\"@type\":\"ImageObject\",\"inLanguage\":\"cs\",\"@id\":\"https:\/\/secure.gravatar.com\/avatar\/1010a8668ddc7fdffc62ef2ecb5764dea117aa05693e201d800ccf9ca334d08d?s=96&d=mm&r=g\",\"url\":\"https:\/\/secure.gravatar.com\/avatar\/1010a8668ddc7fdffc62ef2ecb5764dea117aa05693e201d800ccf9ca334d08d?s=96&d=mm&r=g\",\"contentUrl\":\"https:\/\/secure.gravatar.com\/avatar\/1010a8668ddc7fdffc62ef2ecb5764dea117aa05693e201d800ccf9ca334d08d?s=96&d=mm&r=g\",\"caption\":\"Klaas\"},\"url\":\"https:\/\/www.bremer-buendnis.de\/cs\/author\/klaas_bb\/\"}]}<\/script>\n<!-- \/ Yoast SEO plugin. -->","yoast_head_json":{"title":"Zah\u00e1jen\u00ed projektu nacistick\u00e9ho bezpr\u00e1v\u00ed \"Degenerate Music\" - Bremer B\u00fcndnis f\u00fcr deutsch-tschechische Zusammenarbeit","robots":{"index":"index","follow":"follow","max-snippet":"max-snippet:-1","max-image-preview":"max-image-preview:large","max-video-preview":"max-video-preview:-1"},"canonical":"https:\/\/www.bremer-buendnis.de\/cs\/2024\/04\/06\/zahajeni-projektu-nacistickeho-bezpravi-degenerate-music\/","og_locale":"cs_CZ","og_type":"article","og_title":"Zah\u00e1jen\u00ed projektu nacistick\u00e9ho bezpr\u00e1v\u00ed \"Degenerate Music\" - Bremer B\u00fcndnis f\u00fcr deutsch-tschechische Zusammenarbeit","og_description":"Zah\u00e1jen\u00ed projektu nacistick\u00e9ho bezpr\u00e1v\u00ed &#8222;Degenerate Music&#8220; Foto: Moritz R\u00f6ber Zah\u00e1jen\u00ed festivalu &#8222;Jak se d\u011bl\u00e1 jaro&#8220; prezentac\u00ed na\u0161eho projektu. Na za\u010d\u00e1tku prob\u011bhla vzru\u0161uj\u00edc\u00ed panelov\u00e1 diskuse s Birgit K\u00f6hler, Petrem Kourou a Andrzejem Rumianowskim o \u010desk\u00fdch &#8222;Pot\u00e1pk\u00e1ch&#8220;, br\u00e9msk\u00fdch &#8222;Swing Kids&#8220;, v\u00fdskytu swingov\u00e9 ml\u00e1de\u017ee obecn\u011b a pron\u00e1sledov\u00e1n\u00ed jazzov\u00fdch hudebn\u00edk\u016f v Polsku. Pot\u00e9 El\u00e9na a Christin uk\u00e1zaly z\u00e1kladn\u00ed rytmy &hellip; Pokra\u010dovat ve \u010dten\u00ed \"Zah\u00e1jen\u00ed projektu nacistick\u00e9ho bezpr\u00e1v\u00ed &#8222;Degenerate Music&#8220;\"","og_url":"https:\/\/www.bremer-buendnis.de\/cs\/2024\/04\/06\/zahajeni-projektu-nacistickeho-bezpravi-degenerate-music\/","og_site_name":"Bremer B\u00fcndnis f\u00fcr deutsch-tschechische Zusammenarbeit","article_published_time":"2024-04-06T09:47:30+00:00","article_modified_time":"2025-03-04T16:18:38+00:00","og_image":[{"width":2048,"height":1364,"url":"https:\/\/www.bremer-buendnis.de\/wp-content\/uploads\/2024\/04\/P1009370-Enhanced-NR-1.jpg","type":"image\/jpeg"}],"author":"Klaas","twitter_card":"summary_large_image","twitter_misc":{"Napsal(a)":"Klaas","Odhadovan\u00e1 doba \u010dten\u00ed":"1 minuta"},"schema":{"@context":"https:\/\/schema.org","@graph":[{"@type":"Article","@id":"https:\/\/www.bremer-buendnis.de\/cs\/2024\/04\/06\/zahajeni-projektu-nacistickeho-bezpravi-degenerate-music\/#article","isPartOf":{"@id":"https:\/\/www.bremer-buendnis.de\/cs\/2024\/04\/06\/zahajeni-projektu-nacistickeho-bezpravi-degenerate-music\/"},"author":{"name":"Klaas","@id":"https:\/\/www.bremer-buendnis.de\/cs\/#\/schema\/person\/3b90fd155032d5aebae7f2f8faf95c46"},"headline":"Zah\u00e1jen\u00ed projektu nacistick\u00e9ho bezpr\u00e1v\u00ed &#8222;Degenerate Music&#8220;","datePublished":"2024-04-06T09:47:30+00:00","dateModified":"2025-03-04T16:18:38+00:00","mainEntityOfPage":{"@id":"https:\/\/www.bremer-buendnis.de\/cs\/2024\/04\/06\/zahajeni-projektu-nacistickeho-bezpravi-degenerate-music\/"},"wordCount":151,"publisher":{"@id":"https:\/\/www.bremer-buendnis.de\/cs\/#organization"},"image":{"@id":"https:\/\/www.bremer-buendnis.de\/cs\/2024\/04\/06\/zahajeni-projektu-nacistickeho-bezpravi-degenerate-music\/#primaryimage"},"thumbnailUrl":"https:\/\/www.bremer-buendnis.de\/wp-content\/uploads\/2024\/04\/P1009370-Enhanced-NR-1.jpg","articleSection":["Swing","Zpr\u00e1vy"],"inLanguage":"cs"},{"@type":"WebPage","@id":"https:\/\/www.bremer-buendnis.de\/cs\/2024\/04\/06\/zahajeni-projektu-nacistickeho-bezpravi-degenerate-music\/","url":"https:\/\/www.bremer-buendnis.de\/cs\/2024\/04\/06\/zahajeni-projektu-nacistickeho-bezpravi-degenerate-music\/","name":"Zah\u00e1jen\u00ed projektu nacistick\u00e9ho bezpr\u00e1v\u00ed \"Degenerate Music\" - Bremer B\u00fcndnis f\u00fcr deutsch-tschechische Zusammenarbeit","isPartOf":{"@id":"https:\/\/www.bremer-buendnis.de\/cs\/#website"},"primaryImageOfPage":{"@id":"https:\/\/www.bremer-buendnis.de\/cs\/2024\/04\/06\/zahajeni-projektu-nacistickeho-bezpravi-degenerate-music\/#primaryimage"},"image":{"@id":"https:\/\/www.bremer-buendnis.de\/cs\/2024\/04\/06\/zahajeni-projektu-nacistickeho-bezpravi-degenerate-music\/#primaryimage"},"thumbnailUrl":"https:\/\/www.bremer-buendnis.de\/wp-content\/uploads\/2024\/04\/P1009370-Enhanced-NR-1.jpg","datePublished":"2024-04-06T09:47:30+00:00","dateModified":"2025-03-04T16:18:38+00:00","breadcrumb":{"@id":"https:\/\/www.bremer-buendnis.de\/cs\/2024\/04\/06\/zahajeni-projektu-nacistickeho-bezpravi-degenerate-music\/#breadcrumb"},"inLanguage":"cs","potentialAction":[{"@type":"ReadAction","target":["https:\/\/www.bremer-buendnis.de\/cs\/2024\/04\/06\/zahajeni-projektu-nacistickeho-bezpravi-degenerate-music\/"]}]},{"@type":"ImageObject","inLanguage":"cs","@id":"https:\/\/www.bremer-buendnis.de\/cs\/2024\/04\/06\/zahajeni-projektu-nacistickeho-bezpravi-degenerate-music\/#primaryimage","url":"https:\/\/www.bremer-buendnis.de\/wp-content\/uploads\/2024\/04\/P1009370-Enhanced-NR-1.jpg","contentUrl":"https:\/\/www.bremer-buendnis.de\/wp-content\/uploads\/2024\/04\/P1009370-Enhanced-NR-1.jpg","width":2048,"height":1364,"caption":"Nacistick\u00e9 bezpr\u00e1v\u00ed \"Degenerovan\u00e1 hudba\""},{"@type":"BreadcrumbList","@id":"https:\/\/www.bremer-buendnis.de\/cs\/2024\/04\/06\/zahajeni-projektu-nacistickeho-bezpravi-degenerate-music\/#breadcrumb","itemListElement":[{"@type":"ListItem","position":1,"name":"Startseite","item":"https:\/\/www.bremer-buendnis.de\/cs\/domovska-stranka\/"},{"@type":"ListItem","position":2,"name":"Zah\u00e1jen\u00ed projektu nacistick\u00e9ho bezpr\u00e1v\u00ed &#8222;Degenerate Music&#8220;"}]},{"@type":"WebSite","@id":"https:\/\/www.bremer-buendnis.de\/cs\/#website","url":"https:\/\/www.bremer-buendnis.de\/cs\/","name":"Bremer B\u00fcndnis f\u00fcr deutsch-tschechische Zusammenarbeit","description":"Das Bremer B\u00fcndnis f\u00fcr deutsch-tschechische Zusammenarbeit e.V. b\u00fcndelt Ideen und Aktivit\u00e4ten mit dem Ziel, die deutsch-tschechische Zusammenarbeit zu f\u00f6rdern und deren Akteure zu vernetzen.","publisher":{"@id":"https:\/\/www.bremer-buendnis.de\/cs\/#organization"},"potentialAction":[{"@type":"SearchAction","target":{"@type":"EntryPoint","urlTemplate":"https:\/\/www.bremer-buendnis.de\/cs\/?s={search_term_string}"},"query-input":{"@type":"PropertyValueSpecification","valueRequired":true,"valueName":"search_term_string"}}],"inLanguage":"cs"},{"@type":"Organization","@id":"https:\/\/www.bremer-buendnis.de\/cs\/#organization","name":"Bremer B\u00fcndnis f\u00fcr deutsch-tschechische Zusammenarbeit","url":"https:\/\/www.bremer-buendnis.de\/cs\/","logo":{"@type":"ImageObject","inLanguage":"cs","@id":"https:\/\/www.bremer-buendnis.de\/cs\/#\/schema\/logo\/image\/","url":"https:\/\/www.bremer-buendnis.de\/wp-content\/uploads\/2019\/12\/cropped-BB_Logo-long_white-1.png","contentUrl":"https:\/\/www.bremer-buendnis.de\/wp-content\/uploads\/2019\/12\/cropped-BB_Logo-long_white-1.png","width":691,"height":250,"caption":"Bremer B\u00fcndnis f\u00fcr deutsch-tschechische Zusammenarbeit"},"image":{"@id":"https:\/\/www.bremer-buendnis.de\/cs\/#\/schema\/logo\/image\/"}},{"@type":"Person","@id":"https:\/\/www.bremer-buendnis.de\/cs\/#\/schema\/person\/3b90fd155032d5aebae7f2f8faf95c46","name":"Klaas","image":{"@type":"ImageObject","inLanguage":"cs","@id":"https:\/\/secure.gravatar.com\/avatar\/1010a8668ddc7fdffc62ef2ecb5764dea117aa05693e201d800ccf9ca334d08d?s=96&d=mm&r=g","url":"https:\/\/secure.gravatar.com\/avatar\/1010a8668ddc7fdffc62ef2ecb5764dea117aa05693e201d800ccf9ca334d08d?s=96&d=mm&r=g","contentUrl":"https:\/\/secure.gravatar.com\/avatar\/1010a8668ddc7fdffc62ef2ecb5764dea117aa05693e201d800ccf9ca334d08d?s=96&d=mm&r=g","caption":"Klaas"},"url":"https:\/\/www.bremer-buendnis.de\/cs\/author\/klaas_bb\/"}]}},"_links":{"self":[{"href":"https:\/\/www.bremer-buendnis.de\/cs\/wp-json\/wp\/v2\/posts\/6092","targetHints":{"allow":["GET"]}}],"collection":[{"href":"https:\/\/www.bremer-buendnis.de\/cs\/wp-json\/wp\/v2\/posts"}],"about":[{"href":"https:\/\/www.bremer-buendnis.de\/cs\/wp-json\/wp\/v2\/types\/post"}],"author":[{"embeddable":true,"href":"https:\/\/www.bremer-buendnis.de\/cs\/wp-json\/wp\/v2\/users\/9"}],"replies":[{"embeddable":true,"href":"https:\/\/www.bremer-buendnis.de\/cs\/wp-json\/wp\/v2\/comments?post=6092"}],"version-history":[{"count":1,"href":"https:\/\/www.bremer-buendnis.de\/cs\/wp-json\/wp\/v2\/posts\/6092\/revisions"}],"predecessor-version":[{"id":6093,"href":"https:\/\/www.bremer-buendnis.de\/cs\/wp-json\/wp\/v2\/posts\/6092\/revisions\/6093"}],"wp:featuredmedia":[{"embeddable":true,"href":"https:\/\/www.bremer-buendnis.de\/cs\/wp-json\/wp\/v2\/media\/5387"}],"wp:attachment":[{"href":"https:\/\/www.bremer-buendnis.de\/cs\/wp-json\/wp\/v2\/media?parent=6092"}],"wp:term":[{"taxonomy":"category","embeddable":true,"href":"https:\/\/www.bremer-buendnis.de\/cs\/wp-json\/wp\/v2\/categories?post=6092"},{"taxonomy":"post_tag","embeddable":true,"href":"https:\/\/www.bremer-buendnis.de\/cs\/wp-json\/wp\/v2\/tags?post=6092"}],"curies":[{"name":"wp","href":"https:\/\/api.w.org\/{rel}","templated":true}]}}