{"id":6906,"date":"2025-10-17T15:08:23","date_gmt":"2025-10-17T13:08:23","guid":{"rendered":"https:\/\/www.bremer-buendnis.de\/2025\/10\/17\/vystava-svoboda-v-temnych-casech\/"},"modified":"2025-12-19T12:25:44","modified_gmt":"2025-12-19T11:25:44","slug":"vystava-svoboda-v-temnych-casech","status":"publish","type":"post","link":"https:\/\/www.bremer-buendnis.de\/cs\/2025\/10\/17\/vystava-svoboda-v-temnych-casech\/","title":{"rendered":"V\u00fdstava &#8222;Svoboda v temn\u00fdch \u010dasech&#8220;"},"content":{"rendered":"\t\t<div data-elementor-type=\"wp-post\" data-elementor-id=\"6906\" class=\"elementor elementor-6906 elementor-6854\" data-elementor-post-type=\"post\">\n\t\t\t\t<div data-particle_enable=\"false\" data-particle-mobile-disabled=\"false\" class=\"elementor-element elementor-element-6bbf37f e-flex e-con-boxed e-con e-parent\" data-id=\"6bbf37f\" data-element_type=\"container\" data-e-type=\"container\">\n\t\t\t\t\t<div class=\"e-con-inner\">\n\t\t\t\t\t<\/div>\n\t\t\t\t<\/div>\n\t\t<div data-particle_enable=\"false\" data-particle-mobile-disabled=\"false\" class=\"elementor-element elementor-element-91395fa e-grid e-con-boxed e-con e-parent\" data-id=\"91395fa\" data-element_type=\"container\" data-e-type=\"container\" data-settings=\"{&quot;background_background&quot;:&quot;classic&quot;}\">\n\t\t\t\t\t<div class=\"e-con-inner\">\n\t\t\t\t<div class=\"elementor-element elementor-element-48b2b99 elementor-widget elementor-widget-text-editor\" data-id=\"48b2b99\" data-element_type=\"widget\" data-e-type=\"widget\" data-widget_type=\"text-editor.default\">\n\t\t\t\t<div class=\"elementor-widget-container\">\n\t\t\t\t\t\t\t\t\t<h2 style=\"text-align: center; font-size: 28px; line-height: 1.3; color: #eaeaea; margin-bottom: 10px;\">Svoboda v temn\u00fdch \u010dasech<\/h2><h3 style=\"text-align: center; font-size: 20px; line-height: 1.4; color: #eaeaea; margin-bottom: 20px;\">Pron\u00e1sledov\u00e1n\u00ed \u010desk\u00fdch, n\u011bmeck\u00fdch a polsk\u00fdch jazzov\u00fdch hudebn\u00edk\u016f a swingov\u00fdch v\u00fdst\u0159edn\u00edk\u016f nacistick\u00fdm re\u017eimem<\/h3><p>V\u00fdstava &#8222;Svoboda v temn\u00fdch \u010dasech: Pron\u00e1sledov\u00e1n\u00ed \u010desk\u00fdch, n\u011bmeck\u00fdch a polsk\u00fdch jazzov\u00fdch hudebn\u00edk\u016f a swingov\u00fdch v\u00fdst\u0159edn\u00edk\u016f nacistick\u00fdm re\u017eimem&#8220; poprv\u00e9 nab\u00edz\u00ed srovn\u00e1vac\u00ed pohled na tento nadn\u00e1rodn\u00ed fenom\u00e9n v dob\u011b nacistick\u00e9 nadvl\u00e1dy ve t\u0159ic\u00e1t\u00fdch a \u010dty\u0159ic\u00e1t\u00fdch letech 20. stolet\u00ed.<\/p><p>Jazzov\u00e1 hudba a swingov\u00fd tanec byly v meziv\u00e1le\u010dn\u00e9m obdob\u00ed popul\u00e1rn\u00ed ve v\u0161ech t\u0159ech uveden\u00fdch st\u0159edoevropsk\u00fdch zem\u00edch. Zejm\u00e9na ve velk\u00fdch m\u011bstech se v kav\u00e1rn\u00e1ch, barech a koncertn\u00edch s\u00e1lech odd\u00e1vala \u0159ada p\u0159edev\u0161\u00edm mlad\u00fdch lid\u00ed sv\u00e9 l\u00e1sce k jazzu a swingu. Nacion\u00e1ln\u00ed socialist\u00e9 v\u0161ak jazzem a swingem opovrhovali, a proto tuto hudbu i tanec s n\u00ed spojen\u00fd potla\u010dovali, a to od roku 1933 v N\u011bmecku a pozd\u011bji t\u00e9\u017e na dal\u0161\u00edch obsazen\u00fdch \u00fazem\u00edch.<\/p><p>V\u00fdstava sleduje v\u00fdvoj ud\u00e1lost\u00ed od kapitoly \u201ePo\u010d\u00e1tky jazzu v Evrop\u011b\u201c. Druh\u00e1 \u010d\u00e1st nazvan\u00e1 \u201eMl\u00e1de\u017e, jazz a politika\u201c se zab\u00fdv\u00e1 subkulturou swingov\u00e9 ml\u00e1de\u017ee a po\u010d\u00e1tky hanoben\u00ed jazzu a pron\u00e1sledov\u00e1n\u00ed jeho vyznavac\u016f ze strany nacistick\u00e9ho re\u017eimu v N\u011bmecku. V kapitole \u201eSwing za v\u00e1lky\u201c jsou na osudech lid\u00ed i kulturn\u00edch za\u0159\u00edzen\u00ed ilustrov\u00e1ny praktiky nar\u016fstaj\u00edc\u00ed perzekuce, a to jak publika, tak i um\u011blc\u016f a um\u011blky\u0148. P\u0159\u00edb\u011bhy sebeuv\u011bdom\u011bn\u00ed a rezistence v\u016f\u010di nacismu jsou pops\u00e1ny ve \u010dtvrt\u00e9m odd\u00edle nazvan\u00e9m \u201eOdboj prost\u0159ednictv\u00edm hudby\u201c. Z\u00e1v\u011bre\u010dn\u00e1 \u010d\u00e1st v\u00fdstavy \u201eOsvobozen\u00ed. Budoucnost. Nad\u011bje\u201c pak vypr\u00e1v\u00ed<br>o \u017eivotech p\u0159e\u017eiv\u0161\u00edch a jejich dal\u0161\u00ed \u010dinnosti po roce 1945.<\/p><p>Chronologie a r\u016fzn\u00e9 barvy pro ka\u017edou zemi umo\u017e\u0148uj\u00ed zasadit ud\u00e1losti do \u0161ir\u0161\u00edho nadn\u00e1rodn\u00edho kontextu. Hudebn\u00ed skladby uveden\u00e9 na v\u00fdstav\u011b si m\u016f\u017eete poslechnout prost\u0159ednictv\u00edm QR k\u00f3d\u016f.<\/p><p>V\u00fdstava se skl\u00e1d\u00e1 z p\u011bti modul\u016f, z nich\u017e ka\u017ed\u00fd m\u00e1 \u010dty\u0159i vz\u00e1jemn\u011b propojen\u00e9 odd\u00edly. Ka\u017ed\u00e1 p\u0159\u00ed\u010dka m\u011b\u0159\u00ed 1,5 m na \u0161\u00ed\u0159ku a 2,0 m na v\u00fd\u0161ku.<\/p><p>V\u00fdstavu je mo\u017en\u00e9 si za mal\u00fd poplatek zap\u016fj\u010dit v Bremer B\u00fcndnis f\u00fcr deutsch-tschechische Zusammenarbeit e.V..<\/p><p>Kontaktn\u00ed osoba: Natalie Reinsch, <a href=\"mailto:reinsch@bremer-buendnis.de\">reinsch@bremer-buendnis.de<\/a><\/p><p>V\u00fdstava byla dosud k vid\u011bn\u00ed na t\u011bchto m\u00edstech:<\/p><p>&#8211; <a href=\"https:\/\/www.bremer-buendnis.de\/cs\/2025\/12\/03\/svoboda-v-temnych-casech-v-gdyni\/\">Gdyn\u011b (28\/06\/2025 &#8211; 07\/09\/2025)<\/a> <\/p><p>&#8211; <a href=\"https:\/\/www.bremer-buendnis.de\/cs\/2025\/10\/28\/svoboda-v-temnych-casech-v-bremach\/\">Br\u00e9my (22\/08\/2025 &#8211; 14\/09\/2025)<\/a><\/p><p>&#8211; <a href=\"https:\/\/www.bremer-buendnis.de\/cs\/2025\/12\/10\/svoboda-v-temnych-casech-v-praze\/\">Praha (27\/09\/2025 &#8211; 12\/10\/2025)<\/a><\/p>\t\t\t\t\t\t\t\t<\/div>\n\t\t\t\t<\/div>\n\t\t<div data-particle_enable=\"false\" data-particle-mobile-disabled=\"false\" class=\"elementor-element elementor-element-02de48f e-con-full e-flex e-con e-child\" data-id=\"02de48f\" data-element_type=\"container\" data-e-type=\"container\">\n\t\t\t\t<div class=\"elementor-element elementor-element-97c21c1 elementor-widget elementor-widget-image\" data-id=\"97c21c1\" data-element_type=\"widget\" data-e-type=\"widget\" data-widget_type=\"image.default\">\n\t\t\t\t<div class=\"elementor-widget-container\">\n\t\t\t\t\t\t\t\t\t\t\t\t<figure class=\"wp-caption\">\n\t\t\t\t\t\t\t\t\t\t<img fetchpriority=\"high\" decoding=\"async\" width=\"525\" height=\"789\" src=\"https:\/\/www.bremer-buendnis.de\/wp-content\/uploads\/2025\/07\/PAW1518-2-kopia-768x1154.jpg\" class=\"attachment-medium_large size-medium_large wp-image-6619\" alt=\"\" srcset=\"https:\/\/www.bremer-buendnis.de\/wp-content\/uploads\/2025\/07\/PAW1518-2-kopia-768x1154.jpg 768w, https:\/\/www.bremer-buendnis.de\/wp-content\/uploads\/2025\/07\/PAW1518-2-kopia-200x300.jpg 200w, https:\/\/www.bremer-buendnis.de\/wp-content\/uploads\/2025\/07\/PAW1518-2-kopia-681x1024.jpg 681w, https:\/\/www.bremer-buendnis.de\/wp-content\/uploads\/2025\/07\/PAW1518-2-kopia-1022x1536.jpg 1022w, https:\/\/www.bremer-buendnis.de\/wp-content\/uploads\/2025\/07\/PAW1518-2-kopia-1362x2048.jpg 1362w, https:\/\/www.bremer-buendnis.de\/wp-content\/uploads\/2025\/07\/PAW1518-2-kopia-scaled.jpg 1703w\" sizes=\"100vw\" \/>\t\t\t\t\t\t\t\t\t\t\t<figcaption class=\"widget-image-caption wp-caption-text\">Foto: Pawe\u0142 J\u00f3\u017awiak<\/figcaption>\n\t\t\t\t\t\t\t\t\t\t<\/figure>\n\t\t\t\t\t\t\t\t\t<\/div>\n\t\t\t\t<\/div>\n\t\t\t\t<div class=\"elementor-element elementor-element-f1d0123 elementor-widget elementor-widget-image\" data-id=\"f1d0123\" data-element_type=\"widget\" data-e-type=\"widget\" data-widget_type=\"image.default\">\n\t\t\t\t<div class=\"elementor-widget-container\">\n\t\t\t\t\t\t\t\t\t\t\t\t<figure class=\"wp-caption\">\n\t\t\t\t\t\t\t\t\t\t<img decoding=\"async\" width=\"525\" height=\"933\" src=\"https:\/\/www.bremer-buendnis.de\/wp-content\/uploads\/2025\/10\/Foto-Ausstellung-Prag-PM-768x1365.jpeg\" class=\"attachment-medium_large size-medium_large wp-image-8205\" alt=\"\" srcset=\"https:\/\/www.bremer-buendnis.de\/wp-content\/uploads\/2025\/10\/Foto-Ausstellung-Prag-PM-768x1365.jpeg 768w, https:\/\/www.bremer-buendnis.de\/wp-content\/uploads\/2025\/10\/Foto-Ausstellung-Prag-PM-169x300.jpeg 169w, https:\/\/www.bremer-buendnis.de\/wp-content\/uploads\/2025\/10\/Foto-Ausstellung-Prag-PM-576x1024.jpeg 576w, https:\/\/www.bremer-buendnis.de\/wp-content\/uploads\/2025\/10\/Foto-Ausstellung-Prag-PM-864x1536.jpeg 864w, https:\/\/www.bremer-buendnis.de\/wp-content\/uploads\/2025\/10\/Foto-Ausstellung-Prag-PM.jpeg 900w\" sizes=\"100vw\" \/>\t\t\t\t\t\t\t\t\t\t\t<figcaption class=\"widget-image-caption wp-caption-text\">Foto: Philipp Mangels<\/figcaption>\n\t\t\t\t\t\t\t\t\t\t<\/figure>\n\t\t\t\t\t\t\t\t\t<\/div>\n\t\t\t\t<\/div>\n\t\t\t\t<\/div>\n\t\t\t\t\t<\/div>\n\t\t\t\t<\/div>\n\t\t<div data-particle_enable=\"false\" data-particle-mobile-disabled=\"false\" class=\"elementor-element elementor-element-cb0b750 e-con-full e-flex e-con e-parent\" data-id=\"cb0b750\" data-element_type=\"container\" data-e-type=\"container\" data-settings=\"{&quot;background_background&quot;:&quot;classic&quot;}\">\n\t\t<div data-particle_enable=\"false\" data-particle-mobile-disabled=\"false\" class=\"elementor-element elementor-element-8452b0a e-con-full e-flex e-con e-child\" data-id=\"8452b0a\" data-element_type=\"container\" data-e-type=\"container\">\n\t\t\t\t<div class=\"elementor-element elementor-element-1ce669c e-grid-align-right e-grid-align-mobile-center elementor-shape-rounded elementor-grid-0 elementor-widget elementor-widget-social-icons\" data-id=\"1ce669c\" data-element_type=\"widget\" data-e-type=\"widget\" data-widget_type=\"social-icons.default\">\n\t\t\t\t<div class=\"elementor-widget-container\">\n\t\t\t\t\t\t\t<div class=\"elementor-social-icons-wrapper elementor-grid\">\n\t\t\t\t\t\t\t<span class=\"elementor-grid-item\">\n\t\t\t\t\t<a class=\"elementor-icon elementor-social-icon elementor-social-icon- elementor-repeater-item-5c0ce3c\" href=\"https:\/\/www.instagram.com\/ns_injustice\/\" target=\"_blank\">\n\t\t\t\t\t\t<span class=\"elementor-screen-only\"><\/span>\n\t\t\t\t\t\t<svg xmlns=\"http:\/\/www.w3.org\/2000\/svg\" id=\"aaf4d88f-6908-42b9-b3d6-5d6a3ec06a43\" data-name=\"Layer 1\" width=\"27\" height=\"26\" viewBox=\"0 0 27 26\"><path d=\"M26.9922,13.12c0-1.952.0071-3.904-.0054-5.856a7.4912,7.4912,0,0,0-.12-1.3338,6.9762,6.9762,0,0,0-2.4989-4.1911,7.3149,7.3149,0,0,0-4.73-1.7279c-4.031-.02-8.0623-.0061-12.0935-.0071a7.347,7.347,0,0,0-3.6653.907,6.9367,6.9367,0,0,0-3.85,6.2265C-.025,11.0332.0121,14.93.0169,18.8272a6.5069,6.5069,0,0,0,.8908,3.3475A7.2785,7.2785,0,0,0,7.419,25.9708c4.0565.0558,8.1145.0148,12.1719.0131a7.6378,7.6378,0,0,0,4.9015-1.8408,6.9218,6.9218,0,0,0,2.4928-5.276C27.0143,16.9517,26.9915,15.0354,26.9922,13.12ZM13.4174,20.21a7.3625,7.3625,0,0,1-7.4061-7.2182,7.3505,7.3505,0,0,1,7.4992-7.2115,7.3516,7.3516,0,0,1,7.4852,7.2146A7.37,7.37,0,0,1,13.4174,20.21ZM22.4962,5.7791a1.48,1.48,0,0,1-1.5005-1.4476,1.5014,1.5014,0,0,1,3-.0009A1.481,1.481,0,0,1,22.4962,5.7791Z\" transform=\"translate(0 0)\" style=\"fill-rule:evenodd\"><\/path><path d=\"M13.4969,8.3571a4.7331,4.7331,0,0,0-4.8183,4.6445,4.74,4.74,0,0,0,4.8241,4.6413,4.74,4.74,0,0,0,4.8187-4.6466A4.7342,4.7342,0,0,0,13.4969,8.3571Z\" transform=\"translate(0 0)\" style=\"fill-rule:evenodd\"><\/path><\/svg>\t\t\t\t\t<\/a>\n\t\t\t\t<\/span>\n\t\t\t\t\t<\/div>\n\t\t\t\t\t\t<\/div>\n\t\t\t\t<\/div>\n\t\t\t\t<div class=\"elementor-element elementor-element-c963b7f elementor-widget elementor-widget-heading\" data-id=\"c963b7f\" data-element_type=\"widget\" data-e-type=\"widget\" data-widget_type=\"heading.default\">\n\t\t\t\t<div class=\"elementor-widget-container\">\n\t\t\t\t\t<h2 class=\"elementor-heading-title elementor-size-default\"><p>Nav\u0161tivte  <br>n\u00e1s na Instagramu<\/p><\/h2>\t\t\t\t<\/div>\n\t\t\t\t<\/div>\n\t\t\t\t<div class=\"elementor-element elementor-element-943d0e9 e-grid-align-right e-grid-align-mobile-center elementor-shape-rounded elementor-grid-0 elementor-widget elementor-widget-social-icons\" data-id=\"943d0e9\" data-element_type=\"widget\" data-e-type=\"widget\" data-widget_type=\"social-icons.default\">\n\t\t\t\t<div class=\"elementor-widget-container\">\n\t\t\t\t\t\t\t<div class=\"elementor-social-icons-wrapper elementor-grid\">\n\t\t\t\t\t\t\t<span class=\"elementor-grid-item\">\n\t\t\t\t\t<a class=\"elementor-icon elementor-social-icon elementor-social-icon-facebook elementor-repeater-item-5c0ce3c\" href=\"https:\/\/www.facebook.com\/people\/NS-Injustice-Degenerated-Music\/61561169253262\/\" target=\"_blank\">\n\t\t\t\t\t\t<span class=\"elementor-screen-only\">Facebook<\/span>\n\t\t\t\t\t\t<i aria-hidden=\"true\" class=\"fab fa-facebook\"><\/i>\t\t\t\t\t<\/a>\n\t\t\t\t<\/span>\n\t\t\t\t\t<\/div>\n\t\t\t\t\t\t<\/div>\n\t\t\t\t<\/div>\n\t\t\t\t<div class=\"elementor-element elementor-element-cac3637 elementor-widget elementor-widget-heading\" data-id=\"cac3637\" data-element_type=\"widget\" data-e-type=\"widget\" data-widget_type=\"heading.default\">\n\t\t\t\t<div class=\"elementor-widget-container\">\n\t\t\t\t\t<h2 class=\"elementor-heading-title elementor-size-default\"><a href=\"https:\/\/www.facebook.com\/people\/NS-Injustice-Degenerated-Music\/61561169253262\/\" target=\"_blank\"><p>nebo na Facebooku<\/p><\/a><\/h2>\t\t\t\t<\/div>\n\t\t\t\t<\/div>\n\t\t\t\t<\/div>\n\t\t\t\t<div class=\"elementor-element elementor-element-60e691f elementor-widget elementor-widget-image\" data-id=\"60e691f\" data-element_type=\"widget\" data-e-type=\"widget\" data-widget_type=\"image.default\">\n\t\t\t\t<div class=\"elementor-widget-container\">\n\t\t\t\t\t\t\t\t\t\t\t\t\t\t\t\t<a href=\"https:\/\/www.facebook.com\/people\/NS-Injustice-Degenerated-Music\/61561169253262\/\" target=\"_blank\">\n\t\t\t\t\t\t\t<img decoding=\"async\" width=\"525\" height=\"326\" src=\"https:\/\/www.bremer-buendnis.de\/wp-content\/uploads\/2025\/02\/NS-Injustice-Laptop-FB.png\" class=\"attachment-large size-large wp-image-5933\" alt=\"\" srcset=\"https:\/\/www.bremer-buendnis.de\/wp-content\/uploads\/2025\/02\/NS-Injustice-Laptop-FB.png 1006w, https:\/\/www.bremer-buendnis.de\/wp-content\/uploads\/2025\/02\/NS-Injustice-Laptop-FB-300x186.png 300w, https:\/\/www.bremer-buendnis.de\/wp-content\/uploads\/2025\/02\/NS-Injustice-Laptop-FB-768x477.png 768w\" sizes=\"100vw\" \/>\t\t\t\t\t\t\t\t<\/a>\n\t\t\t\t\t\t\t\t\t\t\t\t\t\t\t<\/div>\n\t\t\t\t<\/div>\n\t\t<div data-particle_enable=\"false\" data-particle-mobile-disabled=\"false\" class=\"elementor-element elementor-element-5737ad8 e-con-full e-flex e-con e-child\" data-id=\"5737ad8\" data-element_type=\"container\" data-e-type=\"container\" data-settings=\"{&quot;background_background&quot;:&quot;classic&quot;}\">\n\t\t\t\t<div class=\"elementor-element elementor-element-f5d704b instafeed-gallery-eael-col-3 instafeed-gallery-tablet-eael-col-2 instafeed-gallery-mobile-eael-col-1 elementor-widget elementor-widget-eael-instafeed\" data-id=\"f5d704b\" data-element_type=\"widget\" data-e-type=\"widget\" data-widget_type=\"eael-instafeed.default\">\n\t\t\t\t<div class=\"elementor-widget-container\">\n\t\t\t\t\t        <div class=\"eael-instafeed eael-instafeed-overlay eael-instafeed-overlay-simple\" id=\"eael-instafeed-f5d704b\">\n                    <\/div>\n        <div class=\"clearfix\"><\/div>\n\n        <style>.elementor-element-f5d704b .eael-instafeed-item{display:inline-block;}.elementor-element-f5d704b .eael-instafeed-item-6{display:none;}.elementor-element-f5d704b .eael-instafeed-item-7{display:none;}.elementor-element-f5d704b .eael-instafeed-item-8{display:none;}.elementor-element-f5d704b .eael-instafeed-item-9{display:none;}.elementor-element-f5d704b .eael-instafeed-item-10{display:none;}.elementor-element-f5d704b .eael-instafeed-item-11{display:none;}.elementor-element-f5d704b .eael-instafeed-item-12{display:none;}.elementor-element-f5d704b .eael-instafeed-item-13{display:none;}.elementor-element-f5d704b .eael-instafeed-item-14{display:none;}.elementor-element-f5d704b .eael-instafeed-item-15{display:none;}.elementor-element-f5d704b .eael-instafeed-item-16{display:none;}.elementor-element-f5d704b .eael-instafeed-item-17{display:none;}.elementor-element-f5d704b .eael-instafeed-item-18{display:none;}.elementor-element-f5d704b .eael-instafeed-item-19{display:none;}.elementor-element-f5d704b .eael-instafeed-item-20{display:none;}.elementor-element-f5d704b .eael-instafeed-item-21{display:none;}.elementor-element-f5d704b .eael-instafeed-item-22{display:none;}.elementor-element-f5d704b .eael-instafeed-item-23{display:none;}.elementor-element-f5d704b .eael-instafeed-item-24{display:none;}.elementor-element-f5d704b .eael-instafeed-item-25{display:none;}.elementor-element-f5d704b .eael-instafeed-item-26{display:none;}.elementor-element-f5d704b .eael-instafeed-item-27{display:none;}.elementor-element-f5d704b .eael-instafeed-item-28{display:none;}.elementor-element-f5d704b .eael-instafeed-item-29{display:none;}.elementor-element-f5d704b .eael-instafeed-item-30{display:none;}.elementor-element-f5d704b .eael-instafeed-item-31{display:none;}.elementor-element-f5d704b .eael-instafeed-item-32{display:none;}.elementor-element-f5d704b .eael-instafeed-item-33{display:none;}.elementor-element-f5d704b .eael-instafeed-item-34{display:none;}.elementor-element-f5d704b .eael-instafeed-item-35{display:none;}.elementor-element-f5d704b .eael-instafeed-item-36{display:none;}.elementor-element-f5d704b .eael-instafeed-item-37{display:none;}.elementor-element-f5d704b .eael-instafeed-item-38{display:none;}.elementor-element-f5d704b .eael-instafeed-item-39{display:none;}.elementor-element-f5d704b .eael-instafeed-item-40{display:none;}.elementor-element-f5d704b .eael-instafeed-item-41{display:none;}.elementor-element-f5d704b .eael-instafeed-item-42{display:none;}.elementor-element-f5d704b .eael-instafeed-item-43{display:none;}.elementor-element-f5d704b .eael-instafeed-item-44{display:none;}.elementor-element-f5d704b .eael-instafeed-item-45{display:none;}.elementor-element-f5d704b .eael-instafeed-item-46{display:none;}.elementor-element-f5d704b .eael-instafeed-item-47{display:none;}.elementor-element-f5d704b .eael-instafeed-item-48{display:none;}.elementor-element-f5d704b .eael-instafeed-item-49{display:none;}.elementor-element-f5d704b .eael-instafeed-item-50{display:none;}.elementor-element-f5d704b .eael-instafeed-item-51{display:none;}.elementor-element-f5d704b .eael-instafeed-item-52{display:none;}.elementor-element-f5d704b .eael-instafeed-item-53{display:none;}.elementor-element-f5d704b .eael-instafeed-item-54{display:none;}.elementor-element-f5d704b .eael-instafeed-item-55{display:none;}.elementor-element-f5d704b .eael-instafeed-item-56{display:none;}.elementor-element-f5d704b .eael-instafeed-item-57{display:none;}.elementor-element-f5d704b .eael-instafeed-item-58{display:none;}.elementor-element-f5d704b .eael-instafeed-item-59{display:none;}.elementor-element-f5d704b .eael-instafeed-item-60{display:none;}.elementor-element-f5d704b .eael-instafeed-item-61{display:none;}.elementor-element-f5d704b .eael-instafeed-item-62{display:none;}.elementor-element-f5d704b .eael-instafeed-item-63{display:none;}.elementor-element-f5d704b .eael-instafeed-item-64{display:none;}.elementor-element-f5d704b .eael-instafeed-item-65{display:none;}.elementor-element-f5d704b .eael-instafeed-item-66{display:none;}.elementor-element-f5d704b .eael-instafeed-item-67{display:none;}.elementor-element-f5d704b .eael-instafeed-item-68{display:none;}.elementor-element-f5d704b .eael-instafeed-item-69{display:none;}.elementor-element-f5d704b .eael-instafeed-item-70{display:none;}.elementor-element-f5d704b .eael-instafeed-item-71{display:none;}.elementor-element-f5d704b .eael-instafeed-item-72{display:none;}.elementor-element-f5d704b .eael-instafeed-item-73{display:none;}.elementor-element-f5d704b .eael-instafeed-item-74{display:none;}.elementor-element-f5d704b .eael-instafeed-item-75{display:none;}.elementor-element-f5d704b .eael-instafeed-item-76{display:none;}.elementor-element-f5d704b .eael-instafeed-item-77{display:none;}.elementor-element-f5d704b .eael-instafeed-item-78{display:none;}.elementor-element-f5d704b .eael-instafeed-item-79{display:none;}.elementor-element-f5d704b .eael-instafeed-item-80{display:none;}.elementor-element-f5d704b .eael-instafeed-item-81{display:none;}.elementor-element-f5d704b .eael-instafeed-item-82{display:none;}.elementor-element-f5d704b .eael-instafeed-item-83{display:none;}.elementor-element-f5d704b .eael-instafeed-item-84{display:none;}.elementor-element-f5d704b .eael-instafeed-item-85{display:none;}.elementor-element-f5d704b .eael-instafeed-item-86{display:none;}.elementor-element-f5d704b .eael-instafeed-item-87{display:none;}.elementor-element-f5d704b .eael-instafeed-item-88{display:none;}.elementor-element-f5d704b .eael-instafeed-item-89{display:none;}.elementor-element-f5d704b .eael-instafeed-item-90{display:none;}.elementor-element-f5d704b .eael-instafeed-item-91{display:none;}.elementor-element-f5d704b .eael-instafeed-item-92{display:none;}.elementor-element-f5d704b .eael-instafeed-item-93{display:none;}.elementor-element-f5d704b .eael-instafeed-item-94{display:none;}.elementor-element-f5d704b .eael-instafeed-item-95{display:none;}.elementor-element-f5d704b .eael-instafeed-item-96{display:none;}.elementor-element-f5d704b .eael-instafeed-item-97{display:none;}.elementor-element-f5d704b .eael-instafeed-item-98{display:none;}.elementor-element-f5d704b .eael-instafeed-item-99{display:none;}.elementor-element-f5d704b .eael-instafeed-item-100{display:none;}@media(max-width:1024px){.elementor-element-f5d704b .eael-instafeed-item{display:inline-block;}.elementor-element-f5d704b .eael-instafeed-item-1{display:none;}.elementor-element-f5d704b .eael-instafeed-item-2{display:none;}.elementor-element-f5d704b .eael-instafeed-item-3{display:none;}.elementor-element-f5d704b .eael-instafeed-item-4{display:none;}.elementor-element-f5d704b .eael-instafeed-item-5{display:none;}.elementor-element-f5d704b .eael-instafeed-item-6{display:none;}.elementor-element-f5d704b .eael-instafeed-item-7{display:none;}.elementor-element-f5d704b .eael-instafeed-item-8{display:none;}.elementor-element-f5d704b .eael-instafeed-item-9{display:none;}.elementor-element-f5d704b .eael-instafeed-item-10{display:none;}.elementor-element-f5d704b .eael-instafeed-item-11{display:none;}.elementor-element-f5d704b .eael-instafeed-item-12{display:none;}.elementor-element-f5d704b .eael-instafeed-item-13{display:none;}.elementor-element-f5d704b .eael-instafeed-item-14{display:none;}.elementor-element-f5d704b .eael-instafeed-item-15{display:none;}.elementor-element-f5d704b .eael-instafeed-item-16{display:none;}.elementor-element-f5d704b .eael-instafeed-item-17{display:none;}.elementor-element-f5d704b .eael-instafeed-item-18{display:none;}.elementor-element-f5d704b .eael-instafeed-item-19{display:none;}.elementor-element-f5d704b .eael-instafeed-item-20{display:none;}.elementor-element-f5d704b .eael-instafeed-item-21{display:none;}.elementor-element-f5d704b .eael-instafeed-item-22{display:none;}.elementor-element-f5d704b .eael-instafeed-item-23{display:none;}.elementor-element-f5d704b .eael-instafeed-item-24{display:none;}.elementor-element-f5d704b .eael-instafeed-item-25{display:none;}.elementor-element-f5d704b .eael-instafeed-item-26{display:none;}.elementor-element-f5d704b .eael-instafeed-item-27{display:none;}.elementor-element-f5d704b .eael-instafeed-item-28{display:none;}.elementor-element-f5d704b .eael-instafeed-item-29{display:none;}.elementor-element-f5d704b .eael-instafeed-item-30{display:none;}.elementor-element-f5d704b .eael-instafeed-item-31{display:none;}.elementor-element-f5d704b .eael-instafeed-item-32{display:none;}.elementor-element-f5d704b .eael-instafeed-item-33{display:none;}.elementor-element-f5d704b .eael-instafeed-item-34{display:none;}.elementor-element-f5d704b .eael-instafeed-item-35{display:none;}.elementor-element-f5d704b .eael-instafeed-item-36{display:none;}.elementor-element-f5d704b .eael-instafeed-item-37{display:none;}.elementor-element-f5d704b .eael-instafeed-item-38{display:none;}.elementor-element-f5d704b .eael-instafeed-item-39{display:none;}.elementor-element-f5d704b .eael-instafeed-item-40{display:none;}.elementor-element-f5d704b .eael-instafeed-item-41{display:none;}.elementor-element-f5d704b .eael-instafeed-item-42{display:none;}.elementor-element-f5d704b .eael-instafeed-item-43{display:none;}.elementor-element-f5d704b .eael-instafeed-item-44{display:none;}.elementor-element-f5d704b .eael-instafeed-item-45{display:none;}.elementor-element-f5d704b .eael-instafeed-item-46{display:none;}.elementor-element-f5d704b .eael-instafeed-item-47{display:none;}.elementor-element-f5d704b .eael-instafeed-item-48{display:none;}.elementor-element-f5d704b .eael-instafeed-item-49{display:none;}.elementor-element-f5d704b .eael-instafeed-item-50{display:none;}.elementor-element-f5d704b .eael-instafeed-item-51{display:none;}.elementor-element-f5d704b .eael-instafeed-item-52{display:none;}.elementor-element-f5d704b .eael-instafeed-item-53{display:none;}.elementor-element-f5d704b .eael-instafeed-item-54{display:none;}.elementor-element-f5d704b .eael-instafeed-item-55{display:none;}.elementor-element-f5d704b .eael-instafeed-item-56{display:none;}.elementor-element-f5d704b .eael-instafeed-item-57{display:none;}.elementor-element-f5d704b .eael-instafeed-item-58{display:none;}.elementor-element-f5d704b .eael-instafeed-item-59{display:none;}.elementor-element-f5d704b .eael-instafeed-item-60{display:none;}.elementor-element-f5d704b .eael-instafeed-item-61{display:none;}.elementor-element-f5d704b .eael-instafeed-item-62{display:none;}.elementor-element-f5d704b .eael-instafeed-item-63{display:none;}.elementor-element-f5d704b .eael-instafeed-item-64{display:none;}.elementor-element-f5d704b .eael-instafeed-item-65{display:none;}.elementor-element-f5d704b .eael-instafeed-item-66{display:none;}.elementor-element-f5d704b .eael-instafeed-item-67{display:none;}.elementor-element-f5d704b .eael-instafeed-item-68{display:none;}.elementor-element-f5d704b .eael-instafeed-item-69{display:none;}.elementor-element-f5d704b .eael-instafeed-item-70{display:none;}.elementor-element-f5d704b .eael-instafeed-item-71{display:none;}.elementor-element-f5d704b .eael-instafeed-item-72{display:none;}.elementor-element-f5d704b .eael-instafeed-item-73{display:none;}.elementor-element-f5d704b .eael-instafeed-item-74{display:none;}.elementor-element-f5d704b .eael-instafeed-item-75{display:none;}.elementor-element-f5d704b .eael-instafeed-item-76{display:none;}.elementor-element-f5d704b .eael-instafeed-item-77{display:none;}.elementor-element-f5d704b .eael-instafeed-item-78{display:none;}.elementor-element-f5d704b .eael-instafeed-item-79{display:none;}.elementor-element-f5d704b .eael-instafeed-item-80{display:none;}.elementor-element-f5d704b .eael-instafeed-item-81{display:none;}.elementor-element-f5d704b .eael-instafeed-item-82{display:none;}.elementor-element-f5d704b .eael-instafeed-item-83{display:none;}.elementor-element-f5d704b .eael-instafeed-item-84{display:none;}.elementor-element-f5d704b .eael-instafeed-item-85{display:none;}.elementor-element-f5d704b .eael-instafeed-item-86{display:none;}.elementor-element-f5d704b .eael-instafeed-item-87{display:none;}.elementor-element-f5d704b .eael-instafeed-item-88{display:none;}.elementor-element-f5d704b .eael-instafeed-item-89{display:none;}.elementor-element-f5d704b .eael-instafeed-item-90{display:none;}.elementor-element-f5d704b .eael-instafeed-item-91{display:none;}.elementor-element-f5d704b .eael-instafeed-item-92{display:none;}.elementor-element-f5d704b .eael-instafeed-item-93{display:none;}.elementor-element-f5d704b .eael-instafeed-item-94{display:none;}.elementor-element-f5d704b .eael-instafeed-item-95{display:none;}.elementor-element-f5d704b .eael-instafeed-item-96{display:none;}.elementor-element-f5d704b .eael-instafeed-item-97{display:none;}.elementor-element-f5d704b .eael-instafeed-item-98{display:none;}.elementor-element-f5d704b .eael-instafeed-item-99{display:none;}.elementor-element-f5d704b .eael-instafeed-item-100{display:none;}}@media(max-width:767px){.elementor-element-f5d704b .eael-instafeed-item{display:inline-block;}.elementor-element-f5d704b .eael-instafeed-item-1{display:none;}.elementor-element-f5d704b .eael-instafeed-item-2{display:none;}.elementor-element-f5d704b .eael-instafeed-item-3{display:none;}.elementor-element-f5d704b .eael-instafeed-item-4{display:none;}.elementor-element-f5d704b .eael-instafeed-item-5{display:none;}.elementor-element-f5d704b .eael-instafeed-item-6{display:none;}.elementor-element-f5d704b .eael-instafeed-item-7{display:none;}.elementor-element-f5d704b .eael-instafeed-item-8{display:none;}.elementor-element-f5d704b .eael-instafeed-item-9{display:none;}.elementor-element-f5d704b .eael-instafeed-item-10{display:none;}.elementor-element-f5d704b .eael-instafeed-item-11{display:none;}.elementor-element-f5d704b .eael-instafeed-item-12{display:none;}.elementor-element-f5d704b .eael-instafeed-item-13{display:none;}.elementor-element-f5d704b .eael-instafeed-item-14{display:none;}.elementor-element-f5d704b .eael-instafeed-item-15{display:none;}.elementor-element-f5d704b .eael-instafeed-item-16{display:none;}.elementor-element-f5d704b .eael-instafeed-item-17{display:none;}.elementor-element-f5d704b .eael-instafeed-item-18{display:none;}.elementor-element-f5d704b .eael-instafeed-item-19{display:none;}.elementor-element-f5d704b .eael-instafeed-item-20{display:none;}.elementor-element-f5d704b .eael-instafeed-item-21{display:none;}.elementor-element-f5d704b .eael-instafeed-item-22{display:none;}.elementor-element-f5d704b .eael-instafeed-item-23{display:none;}.elementor-element-f5d704b .eael-instafeed-item-24{display:none;}.elementor-element-f5d704b .eael-instafeed-item-25{display:none;}.elementor-element-f5d704b .eael-instafeed-item-26{display:none;}.elementor-element-f5d704b .eael-instafeed-item-27{display:none;}.elementor-element-f5d704b .eael-instafeed-item-28{display:none;}.elementor-element-f5d704b .eael-instafeed-item-29{display:none;}.elementor-element-f5d704b .eael-instafeed-item-30{display:none;}.elementor-element-f5d704b .eael-instafeed-item-31{display:none;}.elementor-element-f5d704b .eael-instafeed-item-32{display:none;}.elementor-element-f5d704b .eael-instafeed-item-33{display:none;}.elementor-element-f5d704b .eael-instafeed-item-34{display:none;}.elementor-element-f5d704b .eael-instafeed-item-35{display:none;}.elementor-element-f5d704b .eael-instafeed-item-36{display:none;}.elementor-element-f5d704b .eael-instafeed-item-37{display:none;}.elementor-element-f5d704b .eael-instafeed-item-38{display:none;}.elementor-element-f5d704b .eael-instafeed-item-39{display:none;}.elementor-element-f5d704b .eael-instafeed-item-40{display:none;}.elementor-element-f5d704b .eael-instafeed-item-41{display:none;}.elementor-element-f5d704b .eael-instafeed-item-42{display:none;}.elementor-element-f5d704b .eael-instafeed-item-43{display:none;}.elementor-element-f5d704b .eael-instafeed-item-44{display:none;}.elementor-element-f5d704b .eael-instafeed-item-45{display:none;}.elementor-element-f5d704b .eael-instafeed-item-46{display:none;}.elementor-element-f5d704b .eael-instafeed-item-47{display:none;}.elementor-element-f5d704b .eael-instafeed-item-48{display:none;}.elementor-element-f5d704b .eael-instafeed-item-49{display:none;}.elementor-element-f5d704b .eael-instafeed-item-50{display:none;}.elementor-element-f5d704b .eael-instafeed-item-51{display:none;}.elementor-element-f5d704b .eael-instafeed-item-52{display:none;}.elementor-element-f5d704b .eael-instafeed-item-53{display:none;}.elementor-element-f5d704b .eael-instafeed-item-54{display:none;}.elementor-element-f5d704b .eael-instafeed-item-55{display:none;}.elementor-element-f5d704b .eael-instafeed-item-56{display:none;}.elementor-element-f5d704b .eael-instafeed-item-57{display:none;}.elementor-element-f5d704b .eael-instafeed-item-58{display:none;}.elementor-element-f5d704b .eael-instafeed-item-59{display:none;}.elementor-element-f5d704b .eael-instafeed-item-60{display:none;}.elementor-element-f5d704b .eael-instafeed-item-61{display:none;}.elementor-element-f5d704b .eael-instafeed-item-62{display:none;}.elementor-element-f5d704b .eael-instafeed-item-63{display:none;}.elementor-element-f5d704b .eael-instafeed-item-64{display:none;}.elementor-element-f5d704b .eael-instafeed-item-65{display:none;}.elementor-element-f5d704b .eael-instafeed-item-66{display:none;}.elementor-element-f5d704b .eael-instafeed-item-67{display:none;}.elementor-element-f5d704b .eael-instafeed-item-68{display:none;}.elementor-element-f5d704b .eael-instafeed-item-69{display:none;}.elementor-element-f5d704b .eael-instafeed-item-70{display:none;}.elementor-element-f5d704b .eael-instafeed-item-71{display:none;}.elementor-element-f5d704b .eael-instafeed-item-72{display:none;}.elementor-element-f5d704b .eael-instafeed-item-73{display:none;}.elementor-element-f5d704b .eael-instafeed-item-74{display:none;}.elementor-element-f5d704b .eael-instafeed-item-75{display:none;}.elementor-element-f5d704b .eael-instafeed-item-76{display:none;}.elementor-element-f5d704b .eael-instafeed-item-77{display:none;}.elementor-element-f5d704b .eael-instafeed-item-78{display:none;}.elementor-element-f5d704b .eael-instafeed-item-79{display:none;}.elementor-element-f5d704b .eael-instafeed-item-80{display:none;}.elementor-element-f5d704b .eael-instafeed-item-81{display:none;}.elementor-element-f5d704b .eael-instafeed-item-82{display:none;}.elementor-element-f5d704b .eael-instafeed-item-83{display:none;}.elementor-element-f5d704b .eael-instafeed-item-84{display:none;}.elementor-element-f5d704b .eael-instafeed-item-85{display:none;}.elementor-element-f5d704b .eael-instafeed-item-86{display:none;}.elementor-element-f5d704b .eael-instafeed-item-87{display:none;}.elementor-element-f5d704b .eael-instafeed-item-88{display:none;}.elementor-element-f5d704b .eael-instafeed-item-89{display:none;}.elementor-element-f5d704b .eael-instafeed-item-90{display:none;}.elementor-element-f5d704b .eael-instafeed-item-91{display:none;}.elementor-element-f5d704b .eael-instafeed-item-92{display:none;}.elementor-element-f5d704b .eael-instafeed-item-93{display:none;}.elementor-element-f5d704b .eael-instafeed-item-94{display:none;}.elementor-element-f5d704b .eael-instafeed-item-95{display:none;}.elementor-element-f5d704b .eael-instafeed-item-96{display:none;}.elementor-element-f5d704b .eael-instafeed-item-97{display:none;}.elementor-element-f5d704b .eael-instafeed-item-98{display:none;}.elementor-element-f5d704b .eael-instafeed-item-99{display:none;}.elementor-element-f5d704b .eael-instafeed-item-100{display:none;}}<\/style>\t\t\t\t<\/div>\n\t\t\t\t<\/div>\n\t\t\t\t<\/div>\n\t\t\t\t<\/div>\n\t\t\t\t<\/div>\n\t\t","protected":false},"excerpt":{"rendered":"<p>Svoboda v temn\u00fdch \u010dasech Pron\u00e1sledov\u00e1n\u00ed \u010desk\u00fdch, n\u011bmeck\u00fdch a polsk\u00fdch jazzov\u00fdch hudebn\u00edk\u016f a swingov\u00fdch v\u00fdst\u0159edn\u00edk\u016f nacistick\u00fdm re\u017eimem V\u00fdstava &#8222;Svoboda v temn\u00fdch \u010dasech: Pron\u00e1sledov\u00e1n\u00ed \u010desk\u00fdch, n\u011bmeck\u00fdch a polsk\u00fdch jazzov\u00fdch hudebn\u00edk\u016f a swingov\u00fdch v\u00fdst\u0159edn\u00edk\u016f nacistick\u00fdm re\u017eimem&#8220; poprv\u00e9 nab\u00edz\u00ed srovn\u00e1vac\u00ed pohled na tento nadn\u00e1rodn\u00ed fenom\u00e9n v dob\u011b nacistick\u00e9 nadvl\u00e1dy ve t\u0159ic\u00e1t\u00fdch a \u010dty\u0159ic\u00e1t\u00fdch letech 20. stolet\u00ed. Jazzov\u00e1 hudba a &hellip; <\/p>\n<p class=\"link-more\"><a href=\"https:\/\/www.bremer-buendnis.de\/cs\/2025\/10\/17\/vystava-svoboda-v-temnych-casech\/\" class=\"more-link\">Pokra\u010dovat ve \u010dten\u00ed<span class=\"screen-reader-text\"> &#8222;V\u00fdstava &#8222;Svoboda v temn\u00fdch \u010dasech&#8220;&#8220;<\/span><\/a><\/p>\n","protected":false},"author":11,"featured_media":6619,"comment_status":"closed","ping_status":"open","sticky":false,"template":"","format":"standard","meta":{"footnotes":"","_links_to":"","_links_to_target":""},"categories":[48],"tags":[],"class_list":["post-6906","post","type-post","status-publish","format-standard","has-post-thumbnail","hentry","category-swing-cs"],"yoast_head":"<!-- This site is optimized with the Yoast SEO plugin v27.2 - https:\/\/yoast.com\/product\/yoast-seo-wordpress\/ -->\n<title>V\u00fdstava &quot;Svoboda v temn\u00fdch \u010dasech&quot; - Bremer B\u00fcndnis f\u00fcr deutsch-tschechische Zusammenarbeit<\/title>\n<meta name=\"robots\" content=\"index, follow, max-snippet:-1, max-image-preview:large, max-video-preview:-1\" \/>\n<link rel=\"canonical\" href=\"https:\/\/www.bremer-buendnis.de\/cs\/2025\/10\/17\/vystava-svoboda-v-temnych-casech\/\" \/>\n<meta property=\"og:locale\" content=\"cs_CZ\" \/>\n<meta property=\"og:type\" content=\"article\" \/>\n<meta property=\"og:title\" content=\"V\u00fdstava &quot;Svoboda v temn\u00fdch \u010dasech&quot; - Bremer B\u00fcndnis f\u00fcr deutsch-tschechische Zusammenarbeit\" \/>\n<meta property=\"og:description\" content=\"Svoboda v temn\u00fdch \u010dasech Pron\u00e1sledov\u00e1n\u00ed \u010desk\u00fdch, n\u011bmeck\u00fdch a polsk\u00fdch jazzov\u00fdch hudebn\u00edk\u016f a swingov\u00fdch v\u00fdst\u0159edn\u00edk\u016f nacistick\u00fdm re\u017eimem V\u00fdstava &#8222;Svoboda v temn\u00fdch \u010dasech: Pron\u00e1sledov\u00e1n\u00ed \u010desk\u00fdch, n\u011bmeck\u00fdch a polsk\u00fdch jazzov\u00fdch hudebn\u00edk\u016f a swingov\u00fdch v\u00fdst\u0159edn\u00edk\u016f nacistick\u00fdm re\u017eimem&#8220; poprv\u00e9 nab\u00edz\u00ed srovn\u00e1vac\u00ed pohled na tento nadn\u00e1rodn\u00ed fenom\u00e9n v dob\u011b nacistick\u00e9 nadvl\u00e1dy ve t\u0159ic\u00e1t\u00fdch a \u010dty\u0159ic\u00e1t\u00fdch letech 20. stolet\u00ed. Jazzov\u00e1 hudba a &hellip; Pokra\u010dovat ve \u010dten\u00ed &quot;V\u00fdstava &#8222;Svoboda v temn\u00fdch \u010dasech&#8220;&quot;\" \/>\n<meta property=\"og:url\" content=\"https:\/\/www.bremer-buendnis.de\/cs\/2025\/10\/17\/vystava-svoboda-v-temnych-casech\/\" \/>\n<meta property=\"og:site_name\" content=\"Bremer B\u00fcndnis f\u00fcr deutsch-tschechische Zusammenarbeit\" \/>\n<meta property=\"article:published_time\" content=\"2025-10-17T13:08:23+00:00\" \/>\n<meta property=\"article:modified_time\" content=\"2025-12-19T11:25:44+00:00\" \/>\n<meta property=\"og:image\" content=\"https:\/\/www.bremer-buendnis.de\/wp-content\/uploads\/2025\/07\/PAW1518-2-kopia-scaled-e1753374700711.jpg\" \/>\n\t<meta property=\"og:image:width\" content=\"1703\" \/>\n\t<meta property=\"og:image:height\" content=\"2560\" \/>\n\t<meta property=\"og:image:type\" content=\"image\/jpeg\" \/>\n<meta name=\"author\" content=\"Philipp Mangels\" \/>\n<meta name=\"twitter:card\" content=\"summary_large_image\" \/>\n<meta name=\"twitter:label1\" content=\"Napsal(a)\" \/>\n\t<meta name=\"twitter:data1\" content=\"Philipp Mangels\" \/>\n\t<meta name=\"twitter:label2\" content=\"Odhadovan\u00e1 doba \u010dten\u00ed\" \/>\n\t<meta name=\"twitter:data2\" content=\"2 minuty\" \/>\n<script type=\"application\/ld+json\" class=\"yoast-schema-graph\">{\"@context\":\"https:\/\/schema.org\",\"@graph\":[{\"@type\":\"Article\",\"@id\":\"https:\/\/www.bremer-buendnis.de\/cs\/2025\/10\/17\/vystava-svoboda-v-temnych-casech\/#article\",\"isPartOf\":{\"@id\":\"https:\/\/www.bremer-buendnis.de\/cs\/2025\/10\/17\/vystava-svoboda-v-temnych-casech\/\"},\"author\":{\"name\":\"Philipp Mangels\",\"@id\":\"https:\/\/www.bremer-buendnis.de\/cs\/#\/schema\/person\/e4409591824d602543e26f5cd7db8356\"},\"headline\":\"V\u00fdstava &#8222;Svoboda v temn\u00fdch \u010dasech&#8220;\",\"datePublished\":\"2025-10-17T13:08:23+00:00\",\"dateModified\":\"2025-12-19T11:25:44+00:00\",\"mainEntityOfPage\":{\"@id\":\"https:\/\/www.bremer-buendnis.de\/cs\/2025\/10\/17\/vystava-svoboda-v-temnych-casech\/\"},\"wordCount\":472,\"publisher\":{\"@id\":\"https:\/\/www.bremer-buendnis.de\/cs\/#organization\"},\"image\":{\"@id\":\"https:\/\/www.bremer-buendnis.de\/cs\/2025\/10\/17\/vystava-svoboda-v-temnych-casech\/#primaryimage\"},\"thumbnailUrl\":\"https:\/\/www.bremer-buendnis.de\/wp-content\/uploads\/2025\/07\/PAW1518-2-kopia-scaled-e1753374700711.jpg\",\"articleSection\":[\"Swing\"],\"inLanguage\":\"cs\"},{\"@type\":\"WebPage\",\"@id\":\"https:\/\/www.bremer-buendnis.de\/cs\/2025\/10\/17\/vystava-svoboda-v-temnych-casech\/\",\"url\":\"https:\/\/www.bremer-buendnis.de\/cs\/2025\/10\/17\/vystava-svoboda-v-temnych-casech\/\",\"name\":\"V\u00fdstava \\\"Svoboda v temn\u00fdch \u010dasech\\\" - Bremer B\u00fcndnis f\u00fcr deutsch-tschechische Zusammenarbeit\",\"isPartOf\":{\"@id\":\"https:\/\/www.bremer-buendnis.de\/cs\/#website\"},\"primaryImageOfPage\":{\"@id\":\"https:\/\/www.bremer-buendnis.de\/cs\/2025\/10\/17\/vystava-svoboda-v-temnych-casech\/#primaryimage\"},\"image\":{\"@id\":\"https:\/\/www.bremer-buendnis.de\/cs\/2025\/10\/17\/vystava-svoboda-v-temnych-casech\/#primaryimage\"},\"thumbnailUrl\":\"https:\/\/www.bremer-buendnis.de\/wp-content\/uploads\/2025\/07\/PAW1518-2-kopia-scaled-e1753374700711.jpg\",\"datePublished\":\"2025-10-17T13:08:23+00:00\",\"dateModified\":\"2025-12-19T11:25:44+00:00\",\"breadcrumb\":{\"@id\":\"https:\/\/www.bremer-buendnis.de\/cs\/2025\/10\/17\/vystava-svoboda-v-temnych-casech\/#breadcrumb\"},\"inLanguage\":\"cs\",\"potentialAction\":[{\"@type\":\"ReadAction\",\"target\":[\"https:\/\/www.bremer-buendnis.de\/cs\/2025\/10\/17\/vystava-svoboda-v-temnych-casech\/\"]}]},{\"@type\":\"ImageObject\",\"inLanguage\":\"cs\",\"@id\":\"https:\/\/www.bremer-buendnis.de\/cs\/2025\/10\/17\/vystava-svoboda-v-temnych-casech\/#primaryimage\",\"url\":\"https:\/\/www.bremer-buendnis.de\/wp-content\/uploads\/2025\/07\/PAW1518-2-kopia-scaled-e1753374700711.jpg\",\"contentUrl\":\"https:\/\/www.bremer-buendnis.de\/wp-content\/uploads\/2025\/07\/PAW1518-2-kopia-scaled-e1753374700711.jpg\",\"width\":1703,\"height\":2560},{\"@type\":\"BreadcrumbList\",\"@id\":\"https:\/\/www.bremer-buendnis.de\/cs\/2025\/10\/17\/vystava-svoboda-v-temnych-casech\/#breadcrumb\",\"itemListElement\":[{\"@type\":\"ListItem\",\"position\":1,\"name\":\"Startseite\",\"item\":\"https:\/\/www.bremer-buendnis.de\/cs\/domovska-stranka\/\"},{\"@type\":\"ListItem\",\"position\":2,\"name\":\"V\u00fdstava &#8222;Svoboda v temn\u00fdch \u010dasech&#8220;\"}]},{\"@type\":\"WebSite\",\"@id\":\"https:\/\/www.bremer-buendnis.de\/cs\/#website\",\"url\":\"https:\/\/www.bremer-buendnis.de\/cs\/\",\"name\":\"Bremer B\u00fcndnis f\u00fcr deutsch-tschechische Zusammenarbeit\",\"description\":\"Das Bremer B\u00fcndnis f\u00fcr deutsch-tschechische Zusammenarbeit e.V. b\u00fcndelt Ideen und Aktivit\u00e4ten mit dem Ziel, die deutsch-tschechische Zusammenarbeit zu f\u00f6rdern und deren Akteure zu vernetzen.\",\"publisher\":{\"@id\":\"https:\/\/www.bremer-buendnis.de\/cs\/#organization\"},\"potentialAction\":[{\"@type\":\"SearchAction\",\"target\":{\"@type\":\"EntryPoint\",\"urlTemplate\":\"https:\/\/www.bremer-buendnis.de\/cs\/?s={search_term_string}\"},\"query-input\":{\"@type\":\"PropertyValueSpecification\",\"valueRequired\":true,\"valueName\":\"search_term_string\"}}],\"inLanguage\":\"cs\"},{\"@type\":\"Organization\",\"@id\":\"https:\/\/www.bremer-buendnis.de\/cs\/#organization\",\"name\":\"Bremer B\u00fcndnis f\u00fcr deutsch-tschechische Zusammenarbeit\",\"url\":\"https:\/\/www.bremer-buendnis.de\/cs\/\",\"logo\":{\"@type\":\"ImageObject\",\"inLanguage\":\"cs\",\"@id\":\"https:\/\/www.bremer-buendnis.de\/cs\/#\/schema\/logo\/image\/\",\"url\":\"https:\/\/www.bremer-buendnis.de\/wp-content\/uploads\/2019\/12\/cropped-BB_Logo-long_white-1.png\",\"contentUrl\":\"https:\/\/www.bremer-buendnis.de\/wp-content\/uploads\/2019\/12\/cropped-BB_Logo-long_white-1.png\",\"width\":691,\"height\":250,\"caption\":\"Bremer B\u00fcndnis f\u00fcr deutsch-tschechische Zusammenarbeit\"},\"image\":{\"@id\":\"https:\/\/www.bremer-buendnis.de\/cs\/#\/schema\/logo\/image\/\"}},{\"@type\":\"Person\",\"@id\":\"https:\/\/www.bremer-buendnis.de\/cs\/#\/schema\/person\/e4409591824d602543e26f5cd7db8356\",\"name\":\"Philipp Mangels\",\"image\":{\"@type\":\"ImageObject\",\"inLanguage\":\"cs\",\"@id\":\"https:\/\/secure.gravatar.com\/avatar\/927e4e763dad8f387a528e5b9739ec56decc3b808346a5b987f0a77ac0134f05?s=96&d=mm&r=g\",\"url\":\"https:\/\/secure.gravatar.com\/avatar\/927e4e763dad8f387a528e5b9739ec56decc3b808346a5b987f0a77ac0134f05?s=96&d=mm&r=g\",\"contentUrl\":\"https:\/\/secure.gravatar.com\/avatar\/927e4e763dad8f387a528e5b9739ec56decc3b808346a5b987f0a77ac0134f05?s=96&d=mm&r=g\",\"caption\":\"Philipp Mangels\"},\"url\":\"https:\/\/www.bremer-buendnis.de\/cs\/author\/philipp-mangels\/\"}]}<\/script>\n<!-- \/ Yoast SEO plugin. -->","yoast_head_json":{"title":"V\u00fdstava \"Svoboda v temn\u00fdch \u010dasech\" - Bremer B\u00fcndnis f\u00fcr deutsch-tschechische Zusammenarbeit","robots":{"index":"index","follow":"follow","max-snippet":"max-snippet:-1","max-image-preview":"max-image-preview:large","max-video-preview":"max-video-preview:-1"},"canonical":"https:\/\/www.bremer-buendnis.de\/cs\/2025\/10\/17\/vystava-svoboda-v-temnych-casech\/","og_locale":"cs_CZ","og_type":"article","og_title":"V\u00fdstava \"Svoboda v temn\u00fdch \u010dasech\" - Bremer B\u00fcndnis f\u00fcr deutsch-tschechische Zusammenarbeit","og_description":"Svoboda v temn\u00fdch \u010dasech Pron\u00e1sledov\u00e1n\u00ed \u010desk\u00fdch, n\u011bmeck\u00fdch a polsk\u00fdch jazzov\u00fdch hudebn\u00edk\u016f a swingov\u00fdch v\u00fdst\u0159edn\u00edk\u016f nacistick\u00fdm re\u017eimem V\u00fdstava &#8222;Svoboda v temn\u00fdch \u010dasech: Pron\u00e1sledov\u00e1n\u00ed \u010desk\u00fdch, n\u011bmeck\u00fdch a polsk\u00fdch jazzov\u00fdch hudebn\u00edk\u016f a swingov\u00fdch v\u00fdst\u0159edn\u00edk\u016f nacistick\u00fdm re\u017eimem&#8220; poprv\u00e9 nab\u00edz\u00ed srovn\u00e1vac\u00ed pohled na tento nadn\u00e1rodn\u00ed fenom\u00e9n v dob\u011b nacistick\u00e9 nadvl\u00e1dy ve t\u0159ic\u00e1t\u00fdch a \u010dty\u0159ic\u00e1t\u00fdch letech 20. stolet\u00ed. Jazzov\u00e1 hudba a &hellip; Pokra\u010dovat ve \u010dten\u00ed \"V\u00fdstava &#8222;Svoboda v temn\u00fdch \u010dasech&#8220;\"","og_url":"https:\/\/www.bremer-buendnis.de\/cs\/2025\/10\/17\/vystava-svoboda-v-temnych-casech\/","og_site_name":"Bremer B\u00fcndnis f\u00fcr deutsch-tschechische Zusammenarbeit","article_published_time":"2025-10-17T13:08:23+00:00","article_modified_time":"2025-12-19T11:25:44+00:00","og_image":[{"width":1703,"height":2560,"url":"https:\/\/www.bremer-buendnis.de\/wp-content\/uploads\/2025\/07\/PAW1518-2-kopia-scaled-e1753374700711.jpg","type":"image\/jpeg"}],"author":"Philipp Mangels","twitter_card":"summary_large_image","twitter_misc":{"Napsal(a)":"Philipp Mangels","Odhadovan\u00e1 doba \u010dten\u00ed":"2 minuty"},"schema":{"@context":"https:\/\/schema.org","@graph":[{"@type":"Article","@id":"https:\/\/www.bremer-buendnis.de\/cs\/2025\/10\/17\/vystava-svoboda-v-temnych-casech\/#article","isPartOf":{"@id":"https:\/\/www.bremer-buendnis.de\/cs\/2025\/10\/17\/vystava-svoboda-v-temnych-casech\/"},"author":{"name":"Philipp Mangels","@id":"https:\/\/www.bremer-buendnis.de\/cs\/#\/schema\/person\/e4409591824d602543e26f5cd7db8356"},"headline":"V\u00fdstava &#8222;Svoboda v temn\u00fdch \u010dasech&#8220;","datePublished":"2025-10-17T13:08:23+00:00","dateModified":"2025-12-19T11:25:44+00:00","mainEntityOfPage":{"@id":"https:\/\/www.bremer-buendnis.de\/cs\/2025\/10\/17\/vystava-svoboda-v-temnych-casech\/"},"wordCount":472,"publisher":{"@id":"https:\/\/www.bremer-buendnis.de\/cs\/#organization"},"image":{"@id":"https:\/\/www.bremer-buendnis.de\/cs\/2025\/10\/17\/vystava-svoboda-v-temnych-casech\/#primaryimage"},"thumbnailUrl":"https:\/\/www.bremer-buendnis.de\/wp-content\/uploads\/2025\/07\/PAW1518-2-kopia-scaled-e1753374700711.jpg","articleSection":["Swing"],"inLanguage":"cs"},{"@type":"WebPage","@id":"https:\/\/www.bremer-buendnis.de\/cs\/2025\/10\/17\/vystava-svoboda-v-temnych-casech\/","url":"https:\/\/www.bremer-buendnis.de\/cs\/2025\/10\/17\/vystava-svoboda-v-temnych-casech\/","name":"V\u00fdstava \"Svoboda v temn\u00fdch \u010dasech\" - Bremer B\u00fcndnis f\u00fcr deutsch-tschechische Zusammenarbeit","isPartOf":{"@id":"https:\/\/www.bremer-buendnis.de\/cs\/#website"},"primaryImageOfPage":{"@id":"https:\/\/www.bremer-buendnis.de\/cs\/2025\/10\/17\/vystava-svoboda-v-temnych-casech\/#primaryimage"},"image":{"@id":"https:\/\/www.bremer-buendnis.de\/cs\/2025\/10\/17\/vystava-svoboda-v-temnych-casech\/#primaryimage"},"thumbnailUrl":"https:\/\/www.bremer-buendnis.de\/wp-content\/uploads\/2025\/07\/PAW1518-2-kopia-scaled-e1753374700711.jpg","datePublished":"2025-10-17T13:08:23+00:00","dateModified":"2025-12-19T11:25:44+00:00","breadcrumb":{"@id":"https:\/\/www.bremer-buendnis.de\/cs\/2025\/10\/17\/vystava-svoboda-v-temnych-casech\/#breadcrumb"},"inLanguage":"cs","potentialAction":[{"@type":"ReadAction","target":["https:\/\/www.bremer-buendnis.de\/cs\/2025\/10\/17\/vystava-svoboda-v-temnych-casech\/"]}]},{"@type":"ImageObject","inLanguage":"cs","@id":"https:\/\/www.bremer-buendnis.de\/cs\/2025\/10\/17\/vystava-svoboda-v-temnych-casech\/#primaryimage","url":"https:\/\/www.bremer-buendnis.de\/wp-content\/uploads\/2025\/07\/PAW1518-2-kopia-scaled-e1753374700711.jpg","contentUrl":"https:\/\/www.bremer-buendnis.de\/wp-content\/uploads\/2025\/07\/PAW1518-2-kopia-scaled-e1753374700711.jpg","width":1703,"height":2560},{"@type":"BreadcrumbList","@id":"https:\/\/www.bremer-buendnis.de\/cs\/2025\/10\/17\/vystava-svoboda-v-temnych-casech\/#breadcrumb","itemListElement":[{"@type":"ListItem","position":1,"name":"Startseite","item":"https:\/\/www.bremer-buendnis.de\/cs\/domovska-stranka\/"},{"@type":"ListItem","position":2,"name":"V\u00fdstava &#8222;Svoboda v temn\u00fdch \u010dasech&#8220;"}]},{"@type":"WebSite","@id":"https:\/\/www.bremer-buendnis.de\/cs\/#website","url":"https:\/\/www.bremer-buendnis.de\/cs\/","name":"Bremer B\u00fcndnis f\u00fcr deutsch-tschechische Zusammenarbeit","description":"Das Bremer B\u00fcndnis f\u00fcr deutsch-tschechische Zusammenarbeit e.V. b\u00fcndelt Ideen und Aktivit\u00e4ten mit dem Ziel, die deutsch-tschechische Zusammenarbeit zu f\u00f6rdern und deren Akteure zu vernetzen.","publisher":{"@id":"https:\/\/www.bremer-buendnis.de\/cs\/#organization"},"potentialAction":[{"@type":"SearchAction","target":{"@type":"EntryPoint","urlTemplate":"https:\/\/www.bremer-buendnis.de\/cs\/?s={search_term_string}"},"query-input":{"@type":"PropertyValueSpecification","valueRequired":true,"valueName":"search_term_string"}}],"inLanguage":"cs"},{"@type":"Organization","@id":"https:\/\/www.bremer-buendnis.de\/cs\/#organization","name":"Bremer B\u00fcndnis f\u00fcr deutsch-tschechische Zusammenarbeit","url":"https:\/\/www.bremer-buendnis.de\/cs\/","logo":{"@type":"ImageObject","inLanguage":"cs","@id":"https:\/\/www.bremer-buendnis.de\/cs\/#\/schema\/logo\/image\/","url":"https:\/\/www.bremer-buendnis.de\/wp-content\/uploads\/2019\/12\/cropped-BB_Logo-long_white-1.png","contentUrl":"https:\/\/www.bremer-buendnis.de\/wp-content\/uploads\/2019\/12\/cropped-BB_Logo-long_white-1.png","width":691,"height":250,"caption":"Bremer B\u00fcndnis f\u00fcr deutsch-tschechische Zusammenarbeit"},"image":{"@id":"https:\/\/www.bremer-buendnis.de\/cs\/#\/schema\/logo\/image\/"}},{"@type":"Person","@id":"https:\/\/www.bremer-buendnis.de\/cs\/#\/schema\/person\/e4409591824d602543e26f5cd7db8356","name":"Philipp Mangels","image":{"@type":"ImageObject","inLanguage":"cs","@id":"https:\/\/secure.gravatar.com\/avatar\/927e4e763dad8f387a528e5b9739ec56decc3b808346a5b987f0a77ac0134f05?s=96&d=mm&r=g","url":"https:\/\/secure.gravatar.com\/avatar\/927e4e763dad8f387a528e5b9739ec56decc3b808346a5b987f0a77ac0134f05?s=96&d=mm&r=g","contentUrl":"https:\/\/secure.gravatar.com\/avatar\/927e4e763dad8f387a528e5b9739ec56decc3b808346a5b987f0a77ac0134f05?s=96&d=mm&r=g","caption":"Philipp Mangels"},"url":"https:\/\/www.bremer-buendnis.de\/cs\/author\/philipp-mangels\/"}]}},"_links":{"self":[{"href":"https:\/\/www.bremer-buendnis.de\/cs\/wp-json\/wp\/v2\/posts\/6906","targetHints":{"allow":["GET"]}}],"collection":[{"href":"https:\/\/www.bremer-buendnis.de\/cs\/wp-json\/wp\/v2\/posts"}],"about":[{"href":"https:\/\/www.bremer-buendnis.de\/cs\/wp-json\/wp\/v2\/types\/post"}],"author":[{"embeddable":true,"href":"https:\/\/www.bremer-buendnis.de\/cs\/wp-json\/wp\/v2\/users\/11"}],"replies":[{"embeddable":true,"href":"https:\/\/www.bremer-buendnis.de\/cs\/wp-json\/wp\/v2\/comments?post=6906"}],"version-history":[{"count":4,"href":"https:\/\/www.bremer-buendnis.de\/cs\/wp-json\/wp\/v2\/posts\/6906\/revisions"}],"predecessor-version":[{"id":8207,"href":"https:\/\/www.bremer-buendnis.de\/cs\/wp-json\/wp\/v2\/posts\/6906\/revisions\/8207"}],"wp:featuredmedia":[{"embeddable":true,"href":"https:\/\/www.bremer-buendnis.de\/cs\/wp-json\/wp\/v2\/media\/6619"}],"wp:attachment":[{"href":"https:\/\/www.bremer-buendnis.de\/cs\/wp-json\/wp\/v2\/media?parent=6906"}],"wp:term":[{"taxonomy":"category","embeddable":true,"href":"https:\/\/www.bremer-buendnis.de\/cs\/wp-json\/wp\/v2\/categories?post=6906"},{"taxonomy":"post_tag","embeddable":true,"href":"https:\/\/www.bremer-buendnis.de\/cs\/wp-json\/wp\/v2\/tags?post=6906"}],"curies":[{"name":"wp","href":"https:\/\/api.w.org\/{rel}","templated":true}]}}