{"id":6064,"date":"2024-08-21T13:29:24","date_gmt":"2024-08-21T11:29:24","guid":{"rendered":"https:\/\/www.bremer-buendnis.de\/2024\/08\/21\/concert-tea-dance-agnamana-duo\/"},"modified":"2025-03-04T17:13:58","modified_gmt":"2025-03-04T16:13:58","slug":"concert-tea-dance-agnamana-duo","status":"publish","type":"post","link":"https:\/\/www.bremer-buendnis.de\/en\/2024\/08\/21\/concert-tea-dance-agnamana-duo\/","title":{"rendered":"Concert\/Tea-Dance: Agnamana Duo"},"content":{"rendered":"\t\t<div data-elementor-type=\"wp-post\" data-elementor-id=\"6064\" class=\"elementor elementor-6064 elementor-3152\" data-elementor-post-type=\"post\">\n\t\t\t\t<div data-particle_enable=\"false\" data-particle-mobile-disabled=\"false\" class=\"elementor-element elementor-element-6bbf37f e-flex e-con-boxed e-con e-parent\" data-id=\"6bbf37f\" data-element_type=\"container\" data-e-type=\"container\">\n\t\t\t\t\t<div class=\"e-con-inner\">\n\t\t\t\t<div class=\"elementor-element elementor-element-e74927f elementor-widget elementor-widget-heading\" data-id=\"e74927f\" data-element_type=\"widget\" data-e-type=\"widget\" data-widget_type=\"heading.default\">\n\t\t\t\t<div class=\"elementor-widget-container\">\n\t\t\t\t\t<h1 class=\"elementor-heading-title elementor-size-default\">Concert\/Tea-Dance: Agnamana Duo<\/h1>\t\t\t\t<\/div>\n\t\t\t\t<\/div>\n\t\t\t\t\t<\/div>\n\t\t\t\t<\/div>\n\t\t<div data-particle_enable=\"false\" data-particle-mobile-disabled=\"false\" class=\"elementor-element elementor-element-91395fa e-grid e-con-boxed e-con e-parent\" data-id=\"91395fa\" data-element_type=\"container\" data-e-type=\"container\" data-settings=\"{&quot;background_background&quot;:&quot;classic&quot;}\">\n\t\t\t\t\t<div class=\"e-con-inner\">\n\t\t\t\t<div class=\"elementor-element elementor-element-97c21c1 elementor-widget elementor-widget-image\" data-id=\"97c21c1\" data-element_type=\"widget\" data-e-type=\"widget\" data-widget_type=\"image.default\">\n\t\t\t\t<div class=\"elementor-widget-container\">\n\t\t\t\t\t\t\t\t\t\t\t\t<figure class=\"wp-caption\">\n\t\t\t\t\t\t\t\t\t\t<img fetchpriority=\"high\" decoding=\"async\" width=\"525\" height=\"590\" src=\"https:\/\/www.bremer-buendnis.de\/wp-content\/uploads\/2024\/08\/Agnamana-Duo-Foto.jpeg\" class=\"attachment-medium_large size-medium_large wp-image-5481\" alt=\"\" srcset=\"https:\/\/www.bremer-buendnis.de\/wp-content\/uploads\/2024\/08\/Agnamana-Duo-Foto.jpeg 720w, https:\/\/www.bremer-buendnis.de\/wp-content\/uploads\/2024\/08\/Agnamana-Duo-Foto-267x300.jpeg 267w\" sizes=\"100vw\" \/>\t\t\t\t\t\t\t\t\t\t\t<figcaption class=\"widget-image-caption wp-caption-text\">Photo: Sven Hallmann<\/figcaption>\n\t\t\t\t\t\t\t\t\t\t<\/figure>\n\t\t\t\t\t\t\t\t\t<\/div>\n\t\t\t\t<\/div>\n\t\t\t\t<div class=\"elementor-element elementor-element-48b2b99 elementor-widget elementor-widget-text-editor\" data-id=\"48b2b99\" data-element_type=\"widget\" data-e-type=\"widget\" data-widget_type=\"text-editor.default\">\n\t\t\t\t<div class=\"elementor-widget-container\">\n\t\t\t\t\t\t\t\t\t<p><strong>25.08.2024, 3:30 pm<br \/><\/strong><\/p>\n<p><strong>United Evangelical Community Bremen-Neustadt, Krankenstra\u00dfe 11<br \/><\/strong><\/p>\n<p>The swinging Agnamana Duo from Bremen will be playing at the Swing Exchange weekend tea dance on Sunday. It consists of saxophonist Gilles Biedozi and his son Mael on drums. They will be accompanied by Claudius T\u00f6lke on double bass.  <\/p>\n<p>Admission: free<\/p>\n\t\t\t\t\t\t\t\t<\/div>\n\t\t\t\t<\/div>\n\t\t\t\t\t<\/div>\n\t\t\t\t<\/div>\n\t\t<div data-particle_enable=\"false\" data-particle-mobile-disabled=\"false\" class=\"elementor-element elementor-element-14e5fa6 e-flex e-con-boxed e-con e-parent\" data-id=\"14e5fa6\" data-element_type=\"container\" data-e-type=\"container\">\n\t\t\t\t\t<div class=\"e-con-inner\">\n\t\t\t\t\t<\/div>\n\t\t\t\t<\/div>\n\t\t<div data-particle_enable=\"false\" data-particle-mobile-disabled=\"false\" class=\"elementor-element elementor-element-3e06a1e4 e-con-full e-flex e-con e-parent\" data-id=\"3e06a1e4\" data-element_type=\"container\" data-e-type=\"container\" data-settings=\"{&quot;background_background&quot;:&quot;classic&quot;}\">\n\t\t<div data-particle_enable=\"false\" data-particle-mobile-disabled=\"false\" class=\"elementor-element elementor-element-1e8d41eb e-con-full e-flex e-con e-child\" data-id=\"1e8d41eb\" data-element_type=\"container\" data-e-type=\"container\">\n\t\t\t\t<div class=\"elementor-element elementor-element-55641554 elementor-widget elementor-widget-heading\" data-id=\"55641554\" data-element_type=\"widget\" data-e-type=\"widget\" data-widget_type=\"heading.default\">\n\t\t\t\t<div class=\"elementor-widget-container\">\n\t\t\t\t\t<h2 class=\"elementor-heading-title elementor-size-default\">Nazi injustice \"Degenerated music\"<\/h2>\t\t\t\t<\/div>\n\t\t\t\t<\/div>\n\t\t\t\t<div class=\"elementor-element elementor-element-307d3a6a elementor-widget elementor-widget-text-editor\" data-id=\"307d3a6a\" data-element_type=\"widget\" data-e-type=\"widget\" data-widget_type=\"text-editor.default\">\n\t\t\t\t<div class=\"elementor-widget-container\">\n\t\t\t\t\t\t\t\t\t<p>The transnational project takes a comparative look at the Nazi persecution practices of the northwest German swing youth, the Czech potapki and the swing and jazz music scene in occupied Poland and develops multi-perspective, interdisciplinary and participatory mediation formats.<\/p>\n\t\t\t\t\t\t\t\t<\/div>\n\t\t\t\t<\/div>\n\t\t\t\t<div class=\"elementor-element elementor-element-48e2ab7 elementor-align-left elementor-mobile-align-center elementor-tablet-align-center elementor-widget__width-inherit elementor-widget elementor-widget-button\" data-id=\"48e2ab7\" data-element_type=\"widget\" data-e-type=\"widget\" data-widget_type=\"button.default\">\n\t\t\t\t<div class=\"elementor-widget-container\">\n\t\t\t\t\t\t\t\t\t<div class=\"elementor-button-wrapper\">\n\t\t\t\t\t<a class=\"elementor-button elementor-button-link elementor-size-sm elementor-animation-grow\" href=\"https:\/\/www.bremer-buendnis.de\/en\/old-nazi-injustice-degenerated-music\/\">\n\t\t\t\t\t\t<span class=\"elementor-button-content-wrapper\">\n\t\t\t\t\t\t\t\t\t<span class=\"elementor-button-text\">To the project page<\/span>\n\t\t\t\t\t<\/span>\n\t\t\t\t\t<\/a>\n\t\t\t\t<\/div>\n\t\t\t\t\t\t\t\t<\/div>\n\t\t\t\t<\/div>\n\t\t\t\t<\/div>\n\t\t<div data-particle_enable=\"false\" data-particle-mobile-disabled=\"false\" class=\"elementor-element elementor-element-b8dec16 e-grid e-con-full e-con e-child\" data-id=\"b8dec16\" data-element_type=\"container\" data-e-type=\"container\">\n\t\t\t\t<div class=\"elementor-element elementor-element-4bdc830 elementor-widget elementor-widget-image\" data-id=\"4bdc830\" data-element_type=\"widget\" data-e-type=\"widget\" data-widget_type=\"image.default\">\n\t\t\t\t<div class=\"elementor-widget-container\">\n\t\t\t\t\t\t\t\t\t\t\t\t\t\t\t<img decoding=\"async\" width=\"525\" height=\"656\" src=\"https:\/\/www.bremer-buendnis.de\/wp-content\/uploads\/2024\/04\/P1009329-2-819x1024.jpg\" class=\"attachment-large size-large wp-image-5370\" alt=\"\" srcset=\"https:\/\/www.bremer-buendnis.de\/wp-content\/uploads\/2024\/04\/P1009329-2-819x1024.jpg 819w, https:\/\/www.bremer-buendnis.de\/wp-content\/uploads\/2024\/04\/P1009329-2-240x300.jpg 240w, https:\/\/www.bremer-buendnis.de\/wp-content\/uploads\/2024\/04\/P1009329-2-768x960.jpg 768w, https:\/\/www.bremer-buendnis.de\/wp-content\/uploads\/2024\/04\/P1009329-2-1229x1536.jpg 1229w, https:\/\/www.bremer-buendnis.de\/wp-content\/uploads\/2024\/04\/P1009329-2.jpg 1638w\" sizes=\"100vw\" \/>\t\t\t\t\t\t\t\t\t\t\t\t\t\t\t<\/div>\n\t\t\t\t<\/div>\n\t\t\t\t<\/div>\n\t\t<div data-particle_enable=\"false\" data-particle-mobile-disabled=\"false\" class=\"elementor-element elementor-element-8375a64 e-grid e-con-full e-con e-child\" data-id=\"8375a64\" data-element_type=\"container\" data-e-type=\"container\">\n\t\t\t\t<div class=\"elementor-element elementor-element-785be78 elementor-widget elementor-widget-image\" data-id=\"785be78\" data-element_type=\"widget\" data-e-type=\"widget\" data-widget_type=\"image.default\">\n\t\t\t\t<div class=\"elementor-widget-container\">\n\t\t\t\t\t\t\t\t\t\t\t\t\t\t\t<img decoding=\"async\" width=\"500\" height=\"500\" src=\"https:\/\/www.bremer-buendnis.de\/wp-content\/uploads\/2024\/08\/IN.png\" class=\"attachment-large size-large wp-image-5490\" alt=\"Logo NS_injustice\" srcset=\"https:\/\/www.bremer-buendnis.de\/wp-content\/uploads\/2024\/08\/IN.png 500w, https:\/\/www.bremer-buendnis.de\/wp-content\/uploads\/2024\/08\/IN-300x300.png 300w, https:\/\/www.bremer-buendnis.de\/wp-content\/uploads\/2024\/08\/IN-150x150.png 150w, https:\/\/www.bremer-buendnis.de\/wp-content\/uploads\/2024\/08\/IN-100x100.png 100w\" sizes=\"100vw\" \/>\t\t\t\t\t\t\t\t\t\t\t\t\t\t\t<\/div>\n\t\t\t\t<\/div>\n\t\t\t\t<\/div>\n\t\t\t\t<\/div>\n\t\t\t\t<\/div>\n\t\t","protected":false},"excerpt":{"rendered":"<p>Concert\/Tea-Dance: Agnamana Duo Photo: Sven Hallmann 25.08.2024, 3:30 pm United Evangelical Community Bremen-Neustadt, Krankenstra\u00dfe 11 The swinging Agnamana Duo from Bremen will be playing at the Swing Exchange weekend tea dance on Sunday. It consists of saxophonist Gilles Biedozi and his son Mael on drums. They will be accompanied by Claudius T\u00f6lke on double bass. &hellip; <\/p>\n<p class=\"link-more\"><a href=\"https:\/\/www.bremer-buendnis.de\/en\/2024\/08\/21\/concert-tea-dance-agnamana-duo\/\" class=\"more-link\">Continue reading<span class=\"screen-reader-text\"> &#8220;Concert\/Tea-Dance: Agnamana Duo&#8221;<\/span><\/a><\/p>\n","protected":false},"author":11,"featured_media":5481,"comment_status":"closed","ping_status":"open","sticky":false,"template":"elementor_header_footer","format":"standard","meta":{"footnotes":"","_links_to":"","_links_to_target":""},"categories":[45,40,46],"tags":[],"class_list":["post-6064","post","type-post","status-publish","format-standard","has-post-thumbnail","hentry","category-events","category-news-en","category-swing-en"],"yoast_head":"<!-- This site is optimized with the Yoast SEO plugin v27.2 - https:\/\/yoast.com\/product\/yoast-seo-wordpress\/ -->\n<title>Concert\/Tea-Dance: Agnamana Duo - Bremer B\u00fcndnis f\u00fcr deutsch-tschechische Zusammenarbeit<\/title>\n<meta name=\"robots\" content=\"index, follow, max-snippet:-1, max-image-preview:large, max-video-preview:-1\" \/>\n<link rel=\"canonical\" href=\"https:\/\/www.bremer-buendnis.de\/en\/2024\/08\/21\/concert-tea-dance-agnamana-duo\/\" \/>\n<meta property=\"og:locale\" content=\"en_US\" \/>\n<meta property=\"og:type\" content=\"article\" \/>\n<meta property=\"og:title\" content=\"Concert\/Tea-Dance: Agnamana Duo - Bremer B\u00fcndnis f\u00fcr deutsch-tschechische Zusammenarbeit\" \/>\n<meta property=\"og:description\" content=\"Concert\/Tea-Dance: Agnamana Duo Photo: Sven Hallmann 25.08.2024, 3:30 pm United Evangelical Community Bremen-Neustadt, Krankenstra\u00dfe 11 The swinging Agnamana Duo from Bremen will be playing at the Swing Exchange weekend tea dance on Sunday. It consists of saxophonist Gilles Biedozi and his son Mael on drums. They will be accompanied by Claudius T\u00f6lke on double bass. &hellip; Continue reading &quot;Concert\/Tea-Dance: Agnamana Duo&quot;\" \/>\n<meta property=\"og:url\" content=\"https:\/\/www.bremer-buendnis.de\/en\/2024\/08\/21\/concert-tea-dance-agnamana-duo\/\" \/>\n<meta property=\"og:site_name\" content=\"Bremer B\u00fcndnis f\u00fcr deutsch-tschechische Zusammenarbeit\" \/>\n<meta property=\"article:published_time\" content=\"2024-08-21T11:29:24+00:00\" \/>\n<meta property=\"article:modified_time\" content=\"2025-03-04T16:13:58+00:00\" \/>\n<meta property=\"og:image\" content=\"https:\/\/www.bremer-buendnis.de\/wp-content\/uploads\/2024\/08\/Agnamana-Duo-Foto.jpeg\" \/>\n\t<meta property=\"og:image:width\" content=\"720\" \/>\n\t<meta property=\"og:image:height\" content=\"809\" \/>\n\t<meta property=\"og:image:type\" content=\"image\/jpeg\" \/>\n<meta name=\"author\" content=\"Philipp Mangels\" \/>\n<meta name=\"twitter:card\" content=\"summary_large_image\" \/>\n<meta name=\"twitter:label1\" content=\"Written by\" \/>\n\t<meta name=\"twitter:data1\" content=\"Philipp Mangels\" \/>\n\t<meta name=\"twitter:label2\" content=\"Est. reading time\" \/>\n\t<meta name=\"twitter:data2\" content=\"1 minute\" \/>\n<script type=\"application\/ld+json\" class=\"yoast-schema-graph\">{\"@context\":\"https:\/\/schema.org\",\"@graph\":[{\"@type\":\"Article\",\"@id\":\"https:\/\/www.bremer-buendnis.de\/en\/2024\/08\/21\/concert-tea-dance-agnamana-duo\/#article\",\"isPartOf\":{\"@id\":\"https:\/\/www.bremer-buendnis.de\/en\/2024\/08\/21\/concert-tea-dance-agnamana-duo\/\"},\"author\":{\"name\":\"Philipp Mangels\",\"@id\":\"https:\/\/www.bremer-buendnis.de\/en\/#\/schema\/person\/e4409591824d602543e26f5cd7db8356\"},\"headline\":\"Concert\/Tea-Dance: Agnamana Duo\",\"datePublished\":\"2024-08-21T11:29:24+00:00\",\"dateModified\":\"2025-03-04T16:13:58+00:00\",\"mainEntityOfPage\":{\"@id\":\"https:\/\/www.bremer-buendnis.de\/en\/2024\/08\/21\/concert-tea-dance-agnamana-duo\/\"},\"wordCount\":108,\"publisher\":{\"@id\":\"https:\/\/www.bremer-buendnis.de\/en\/#organization\"},\"image\":{\"@id\":\"https:\/\/www.bremer-buendnis.de\/en\/2024\/08\/21\/concert-tea-dance-agnamana-duo\/#primaryimage\"},\"thumbnailUrl\":\"https:\/\/www.bremer-buendnis.de\/wp-content\/uploads\/2024\/08\/Agnamana-Duo-Foto.jpeg\",\"articleSection\":[\"events\",\"News\",\"Swing\"],\"inLanguage\":\"en-US\"},{\"@type\":\"WebPage\",\"@id\":\"https:\/\/www.bremer-buendnis.de\/en\/2024\/08\/21\/concert-tea-dance-agnamana-duo\/\",\"url\":\"https:\/\/www.bremer-buendnis.de\/en\/2024\/08\/21\/concert-tea-dance-agnamana-duo\/\",\"name\":\"Concert\/Tea-Dance: Agnamana Duo - Bremer B\u00fcndnis f\u00fcr deutsch-tschechische Zusammenarbeit\",\"isPartOf\":{\"@id\":\"https:\/\/www.bremer-buendnis.de\/en\/#website\"},\"primaryImageOfPage\":{\"@id\":\"https:\/\/www.bremer-buendnis.de\/en\/2024\/08\/21\/concert-tea-dance-agnamana-duo\/#primaryimage\"},\"image\":{\"@id\":\"https:\/\/www.bremer-buendnis.de\/en\/2024\/08\/21\/concert-tea-dance-agnamana-duo\/#primaryimage\"},\"thumbnailUrl\":\"https:\/\/www.bremer-buendnis.de\/wp-content\/uploads\/2024\/08\/Agnamana-Duo-Foto.jpeg\",\"datePublished\":\"2024-08-21T11:29:24+00:00\",\"dateModified\":\"2025-03-04T16:13:58+00:00\",\"breadcrumb\":{\"@id\":\"https:\/\/www.bremer-buendnis.de\/en\/2024\/08\/21\/concert-tea-dance-agnamana-duo\/#breadcrumb\"},\"inLanguage\":\"en-US\",\"potentialAction\":[{\"@type\":\"ReadAction\",\"target\":[\"https:\/\/www.bremer-buendnis.de\/en\/2024\/08\/21\/concert-tea-dance-agnamana-duo\/\"]}]},{\"@type\":\"ImageObject\",\"inLanguage\":\"en-US\",\"@id\":\"https:\/\/www.bremer-buendnis.de\/en\/2024\/08\/21\/concert-tea-dance-agnamana-duo\/#primaryimage\",\"url\":\"https:\/\/www.bremer-buendnis.de\/wp-content\/uploads\/2024\/08\/Agnamana-Duo-Foto.jpeg\",\"contentUrl\":\"https:\/\/www.bremer-buendnis.de\/wp-content\/uploads\/2024\/08\/Agnamana-Duo-Foto.jpeg\",\"width\":720,\"height\":809,\"caption\":\"Foto: Sven Hallmann\"},{\"@type\":\"BreadcrumbList\",\"@id\":\"https:\/\/www.bremer-buendnis.de\/en\/2024\/08\/21\/concert-tea-dance-agnamana-duo\/#breadcrumb\",\"itemListElement\":[{\"@type\":\"ListItem\",\"position\":1,\"name\":\"Startseite\",\"item\":\"https:\/\/www.bremer-buendnis.de\/en\/home-page\/\"},{\"@type\":\"ListItem\",\"position\":2,\"name\":\"Concert\/Tea-Dance: Agnamana Duo\"}]},{\"@type\":\"WebSite\",\"@id\":\"https:\/\/www.bremer-buendnis.de\/en\/#website\",\"url\":\"https:\/\/www.bremer-buendnis.de\/en\/\",\"name\":\"Bremer B\u00fcndnis f\u00fcr deutsch-tschechische Zusammenarbeit\",\"description\":\"Das Bremer B\u00fcndnis f\u00fcr deutsch-tschechische Zusammenarbeit e.V. b\u00fcndelt Ideen und Aktivit\u00e4ten mit dem Ziel, die deutsch-tschechische Zusammenarbeit zu f\u00f6rdern und deren Akteure zu vernetzen.\",\"publisher\":{\"@id\":\"https:\/\/www.bremer-buendnis.de\/en\/#organization\"},\"potentialAction\":[{\"@type\":\"SearchAction\",\"target\":{\"@type\":\"EntryPoint\",\"urlTemplate\":\"https:\/\/www.bremer-buendnis.de\/en\/?s={search_term_string}\"},\"query-input\":{\"@type\":\"PropertyValueSpecification\",\"valueRequired\":true,\"valueName\":\"search_term_string\"}}],\"inLanguage\":\"en-US\"},{\"@type\":\"Organization\",\"@id\":\"https:\/\/www.bremer-buendnis.de\/en\/#organization\",\"name\":\"Bremer B\u00fcndnis f\u00fcr deutsch-tschechische Zusammenarbeit\",\"url\":\"https:\/\/www.bremer-buendnis.de\/en\/\",\"logo\":{\"@type\":\"ImageObject\",\"inLanguage\":\"en-US\",\"@id\":\"https:\/\/www.bremer-buendnis.de\/en\/#\/schema\/logo\/image\/\",\"url\":\"https:\/\/www.bremer-buendnis.de\/wp-content\/uploads\/2019\/12\/cropped-BB_Logo-long_white-1.png\",\"contentUrl\":\"https:\/\/www.bremer-buendnis.de\/wp-content\/uploads\/2019\/12\/cropped-BB_Logo-long_white-1.png\",\"width\":691,\"height\":250,\"caption\":\"Bremer B\u00fcndnis f\u00fcr deutsch-tschechische Zusammenarbeit\"},\"image\":{\"@id\":\"https:\/\/www.bremer-buendnis.de\/en\/#\/schema\/logo\/image\/\"}},{\"@type\":\"Person\",\"@id\":\"https:\/\/www.bremer-buendnis.de\/en\/#\/schema\/person\/e4409591824d602543e26f5cd7db8356\",\"name\":\"Philipp Mangels\",\"image\":{\"@type\":\"ImageObject\",\"inLanguage\":\"en-US\",\"@id\":\"https:\/\/secure.gravatar.com\/avatar\/927e4e763dad8f387a528e5b9739ec56decc3b808346a5b987f0a77ac0134f05?s=96&d=mm&r=g\",\"url\":\"https:\/\/secure.gravatar.com\/avatar\/927e4e763dad8f387a528e5b9739ec56decc3b808346a5b987f0a77ac0134f05?s=96&d=mm&r=g\",\"contentUrl\":\"https:\/\/secure.gravatar.com\/avatar\/927e4e763dad8f387a528e5b9739ec56decc3b808346a5b987f0a77ac0134f05?s=96&d=mm&r=g\",\"caption\":\"Philipp Mangels\"},\"url\":\"https:\/\/www.bremer-buendnis.de\/en\/author\/philipp-mangels\/\"}]}<\/script>\n<!-- \/ Yoast SEO plugin. -->","yoast_head_json":{"title":"Concert\/Tea-Dance: Agnamana Duo - Bremer B\u00fcndnis f\u00fcr deutsch-tschechische Zusammenarbeit","robots":{"index":"index","follow":"follow","max-snippet":"max-snippet:-1","max-image-preview":"max-image-preview:large","max-video-preview":"max-video-preview:-1"},"canonical":"https:\/\/www.bremer-buendnis.de\/en\/2024\/08\/21\/concert-tea-dance-agnamana-duo\/","og_locale":"en_US","og_type":"article","og_title":"Concert\/Tea-Dance: Agnamana Duo - Bremer B\u00fcndnis f\u00fcr deutsch-tschechische Zusammenarbeit","og_description":"Concert\/Tea-Dance: Agnamana Duo Photo: Sven Hallmann 25.08.2024, 3:30 pm United Evangelical Community Bremen-Neustadt, Krankenstra\u00dfe 11 The swinging Agnamana Duo from Bremen will be playing at the Swing Exchange weekend tea dance on Sunday. It consists of saxophonist Gilles Biedozi and his son Mael on drums. They will be accompanied by Claudius T\u00f6lke on double bass. &hellip; Continue reading \"Concert\/Tea-Dance: Agnamana Duo\"","og_url":"https:\/\/www.bremer-buendnis.de\/en\/2024\/08\/21\/concert-tea-dance-agnamana-duo\/","og_site_name":"Bremer B\u00fcndnis f\u00fcr deutsch-tschechische Zusammenarbeit","article_published_time":"2024-08-21T11:29:24+00:00","article_modified_time":"2025-03-04T16:13:58+00:00","og_image":[{"width":720,"height":809,"url":"https:\/\/www.bremer-buendnis.de\/wp-content\/uploads\/2024\/08\/Agnamana-Duo-Foto.jpeg","type":"image\/jpeg"}],"author":"Philipp Mangels","twitter_card":"summary_large_image","twitter_misc":{"Written by":"Philipp Mangels","Est. reading time":"1 minute"},"schema":{"@context":"https:\/\/schema.org","@graph":[{"@type":"Article","@id":"https:\/\/www.bremer-buendnis.de\/en\/2024\/08\/21\/concert-tea-dance-agnamana-duo\/#article","isPartOf":{"@id":"https:\/\/www.bremer-buendnis.de\/en\/2024\/08\/21\/concert-tea-dance-agnamana-duo\/"},"author":{"name":"Philipp Mangels","@id":"https:\/\/www.bremer-buendnis.de\/en\/#\/schema\/person\/e4409591824d602543e26f5cd7db8356"},"headline":"Concert\/Tea-Dance: Agnamana Duo","datePublished":"2024-08-21T11:29:24+00:00","dateModified":"2025-03-04T16:13:58+00:00","mainEntityOfPage":{"@id":"https:\/\/www.bremer-buendnis.de\/en\/2024\/08\/21\/concert-tea-dance-agnamana-duo\/"},"wordCount":108,"publisher":{"@id":"https:\/\/www.bremer-buendnis.de\/en\/#organization"},"image":{"@id":"https:\/\/www.bremer-buendnis.de\/en\/2024\/08\/21\/concert-tea-dance-agnamana-duo\/#primaryimage"},"thumbnailUrl":"https:\/\/www.bremer-buendnis.de\/wp-content\/uploads\/2024\/08\/Agnamana-Duo-Foto.jpeg","articleSection":["events","News","Swing"],"inLanguage":"en-US"},{"@type":"WebPage","@id":"https:\/\/www.bremer-buendnis.de\/en\/2024\/08\/21\/concert-tea-dance-agnamana-duo\/","url":"https:\/\/www.bremer-buendnis.de\/en\/2024\/08\/21\/concert-tea-dance-agnamana-duo\/","name":"Concert\/Tea-Dance: Agnamana Duo - Bremer B\u00fcndnis f\u00fcr deutsch-tschechische Zusammenarbeit","isPartOf":{"@id":"https:\/\/www.bremer-buendnis.de\/en\/#website"},"primaryImageOfPage":{"@id":"https:\/\/www.bremer-buendnis.de\/en\/2024\/08\/21\/concert-tea-dance-agnamana-duo\/#primaryimage"},"image":{"@id":"https:\/\/www.bremer-buendnis.de\/en\/2024\/08\/21\/concert-tea-dance-agnamana-duo\/#primaryimage"},"thumbnailUrl":"https:\/\/www.bremer-buendnis.de\/wp-content\/uploads\/2024\/08\/Agnamana-Duo-Foto.jpeg","datePublished":"2024-08-21T11:29:24+00:00","dateModified":"2025-03-04T16:13:58+00:00","breadcrumb":{"@id":"https:\/\/www.bremer-buendnis.de\/en\/2024\/08\/21\/concert-tea-dance-agnamana-duo\/#breadcrumb"},"inLanguage":"en-US","potentialAction":[{"@type":"ReadAction","target":["https:\/\/www.bremer-buendnis.de\/en\/2024\/08\/21\/concert-tea-dance-agnamana-duo\/"]}]},{"@type":"ImageObject","inLanguage":"en-US","@id":"https:\/\/www.bremer-buendnis.de\/en\/2024\/08\/21\/concert-tea-dance-agnamana-duo\/#primaryimage","url":"https:\/\/www.bremer-buendnis.de\/wp-content\/uploads\/2024\/08\/Agnamana-Duo-Foto.jpeg","contentUrl":"https:\/\/www.bremer-buendnis.de\/wp-content\/uploads\/2024\/08\/Agnamana-Duo-Foto.jpeg","width":720,"height":809,"caption":"Foto: Sven Hallmann"},{"@type":"BreadcrumbList","@id":"https:\/\/www.bremer-buendnis.de\/en\/2024\/08\/21\/concert-tea-dance-agnamana-duo\/#breadcrumb","itemListElement":[{"@type":"ListItem","position":1,"name":"Startseite","item":"https:\/\/www.bremer-buendnis.de\/en\/home-page\/"},{"@type":"ListItem","position":2,"name":"Concert\/Tea-Dance: Agnamana Duo"}]},{"@type":"WebSite","@id":"https:\/\/www.bremer-buendnis.de\/en\/#website","url":"https:\/\/www.bremer-buendnis.de\/en\/","name":"Bremer B\u00fcndnis f\u00fcr deutsch-tschechische Zusammenarbeit","description":"Das Bremer B\u00fcndnis f\u00fcr deutsch-tschechische Zusammenarbeit e.V. b\u00fcndelt Ideen und Aktivit\u00e4ten mit dem Ziel, die deutsch-tschechische Zusammenarbeit zu f\u00f6rdern und deren Akteure zu vernetzen.","publisher":{"@id":"https:\/\/www.bremer-buendnis.de\/en\/#organization"},"potentialAction":[{"@type":"SearchAction","target":{"@type":"EntryPoint","urlTemplate":"https:\/\/www.bremer-buendnis.de\/en\/?s={search_term_string}"},"query-input":{"@type":"PropertyValueSpecification","valueRequired":true,"valueName":"search_term_string"}}],"inLanguage":"en-US"},{"@type":"Organization","@id":"https:\/\/www.bremer-buendnis.de\/en\/#organization","name":"Bremer B\u00fcndnis f\u00fcr deutsch-tschechische Zusammenarbeit","url":"https:\/\/www.bremer-buendnis.de\/en\/","logo":{"@type":"ImageObject","inLanguage":"en-US","@id":"https:\/\/www.bremer-buendnis.de\/en\/#\/schema\/logo\/image\/","url":"https:\/\/www.bremer-buendnis.de\/wp-content\/uploads\/2019\/12\/cropped-BB_Logo-long_white-1.png","contentUrl":"https:\/\/www.bremer-buendnis.de\/wp-content\/uploads\/2019\/12\/cropped-BB_Logo-long_white-1.png","width":691,"height":250,"caption":"Bremer B\u00fcndnis f\u00fcr deutsch-tschechische Zusammenarbeit"},"image":{"@id":"https:\/\/www.bremer-buendnis.de\/en\/#\/schema\/logo\/image\/"}},{"@type":"Person","@id":"https:\/\/www.bremer-buendnis.de\/en\/#\/schema\/person\/e4409591824d602543e26f5cd7db8356","name":"Philipp Mangels","image":{"@type":"ImageObject","inLanguage":"en-US","@id":"https:\/\/secure.gravatar.com\/avatar\/927e4e763dad8f387a528e5b9739ec56decc3b808346a5b987f0a77ac0134f05?s=96&d=mm&r=g","url":"https:\/\/secure.gravatar.com\/avatar\/927e4e763dad8f387a528e5b9739ec56decc3b808346a5b987f0a77ac0134f05?s=96&d=mm&r=g","contentUrl":"https:\/\/secure.gravatar.com\/avatar\/927e4e763dad8f387a528e5b9739ec56decc3b808346a5b987f0a77ac0134f05?s=96&d=mm&r=g","caption":"Philipp Mangels"},"url":"https:\/\/www.bremer-buendnis.de\/en\/author\/philipp-mangels\/"}]}},"_links":{"self":[{"href":"https:\/\/www.bremer-buendnis.de\/en\/wp-json\/wp\/v2\/posts\/6064","targetHints":{"allow":["GET"]}}],"collection":[{"href":"https:\/\/www.bremer-buendnis.de\/en\/wp-json\/wp\/v2\/posts"}],"about":[{"href":"https:\/\/www.bremer-buendnis.de\/en\/wp-json\/wp\/v2\/types\/post"}],"author":[{"embeddable":true,"href":"https:\/\/www.bremer-buendnis.de\/en\/wp-json\/wp\/v2\/users\/11"}],"replies":[{"embeddable":true,"href":"https:\/\/www.bremer-buendnis.de\/en\/wp-json\/wp\/v2\/comments?post=6064"}],"version-history":[{"count":1,"href":"https:\/\/www.bremer-buendnis.de\/en\/wp-json\/wp\/v2\/posts\/6064\/revisions"}],"predecessor-version":[{"id":6065,"href":"https:\/\/www.bremer-buendnis.de\/en\/wp-json\/wp\/v2\/posts\/6064\/revisions\/6065"}],"wp:featuredmedia":[{"embeddable":true,"href":"https:\/\/www.bremer-buendnis.de\/en\/wp-json\/wp\/v2\/media\/5481"}],"wp:attachment":[{"href":"https:\/\/www.bremer-buendnis.de\/en\/wp-json\/wp\/v2\/media?parent=6064"}],"wp:term":[{"taxonomy":"category","embeddable":true,"href":"https:\/\/www.bremer-buendnis.de\/en\/wp-json\/wp\/v2\/categories?post=6064"},{"taxonomy":"post_tag","embeddable":true,"href":"https:\/\/www.bremer-buendnis.de\/en\/wp-json\/wp\/v2\/tags?post=6064"}],"curies":[{"name":"wp","href":"https:\/\/api.w.org\/{rel}","templated":true}]}}