{"id":6072,"date":"2024-04-26T13:04:04","date_gmt":"2024-04-26T11:04:04","guid":{"rendered":"https:\/\/www.bremer-buendnis.de\/2024\/04\/26\/team-of-the-project-ns-injustice-introduces-itself\/"},"modified":"2025-03-04T17:15:22","modified_gmt":"2025-03-04T16:15:22","slug":"team-of-the-project-ns-injustice-introduces-itself","status":"publish","type":"post","link":"https:\/\/www.bremer-buendnis.de\/en\/2024\/04\/26\/team-of-the-project-ns-injustice-introduces-itself\/","title":{"rendered":"Team of the project &#8220;NS injustice&#8221; introduces itself"},"content":{"rendered":"\t\t<div data-elementor-type=\"wp-post\" data-elementor-id=\"6072\" class=\"elementor elementor-6072 elementor-2949\" data-elementor-post-type=\"post\">\n\t\t\t\t<div data-particle_enable=\"false\" data-particle-mobile-disabled=\"false\" class=\"elementor-element elementor-element-6bbf37f e-flex e-con-boxed e-con e-parent\" data-id=\"6bbf37f\" data-element_type=\"container\" data-e-type=\"container\">\n\t\t\t\t\t<div class=\"e-con-inner\">\n\t\t\t\t<div class=\"elementor-element elementor-element-e74927f elementor-widget elementor-widget-heading\" data-id=\"e74927f\" data-element_type=\"widget\" data-e-type=\"widget\" data-widget_type=\"heading.default\">\n\t\t\t\t<div class=\"elementor-widget-container\">\n\t\t\t\t\t<h1 class=\"elementor-heading-title elementor-size-default\">Get to know us<\/h1>\t\t\t\t<\/div>\n\t\t\t\t<\/div>\n\t\t\t\t\t<\/div>\n\t\t\t\t<\/div>\n\t\t<div data-particle_enable=\"false\" data-particle-mobile-disabled=\"false\" class=\"elementor-element elementor-element-91395fa e-grid e-con-boxed e-con e-parent\" data-id=\"91395fa\" data-element_type=\"container\" data-e-type=\"container\" data-settings=\"{&quot;background_background&quot;:&quot;classic&quot;}\">\n\t\t\t\t\t<div class=\"e-con-inner\">\n\t\t\t\t<div class=\"elementor-element elementor-element-97c21c1 elementor-widget elementor-widget-image\" data-id=\"97c21c1\" data-element_type=\"widget\" data-e-type=\"widget\" data-widget_type=\"image.default\">\n\t\t\t\t<div class=\"elementor-widget-container\">\n\t\t\t\t\t\t\t\t\t\t\t\t<figure class=\"wp-caption\">\n\t\t\t\t\t\t\t\t\t\t<img fetchpriority=\"high\" decoding=\"async\" width=\"525\" height=\"364\" src=\"https:\/\/www.bremer-buendnis.de\/wp-content\/uploads\/2024\/04\/a-768x533.jpg\" class=\"attachment-medium_large size-medium_large wp-image-5436\" alt=\"\" srcset=\"https:\/\/www.bremer-buendnis.de\/wp-content\/uploads\/2024\/04\/a-768x533.jpg 768w, https:\/\/www.bremer-buendnis.de\/wp-content\/uploads\/2024\/04\/a-300x208.jpg 300w, https:\/\/www.bremer-buendnis.de\/wp-content\/uploads\/2024\/04\/a-1024x711.jpg 1024w, https:\/\/www.bremer-buendnis.de\/wp-content\/uploads\/2024\/04\/a-1536x1067.jpg 1536w, https:\/\/www.bremer-buendnis.de\/wp-content\/uploads\/2024\/04\/a-2048x1423.jpg 2048w\" sizes=\"100vw\" \/>\t\t\t\t\t\t\t\t\t\t\t<figcaption class=\"widget-image-caption wp-caption-text\"><\/figcaption>\n\t\t\t\t\t\t\t\t\t\t<\/figure>\n\t\t\t\t\t\t\t\t\t<\/div>\n\t\t\t\t<\/div>\n\t\t\t\t<div class=\"elementor-element elementor-element-48b2b99 elementor-widget elementor-widget-text-editor\" data-id=\"48b2b99\" data-element_type=\"widget\" data-e-type=\"widget\" data-widget_type=\"text-editor.default\">\n\t\t\t\t<div class=\"elementor-widget-container\">\n\t\t\t\t\t\t\t\t\t<p class=\"_ap3a _aaco _aacu _aacx _aad7 _aade\" dir=\"auto\">Hi, we are the German team behind the project: &#8220;NS Injustice &#8216;Degenerate Music'&#8221;. <\/p>\n<p class=\"_ap3a _aaco _aacu _aacx _aad7 _aade\" dir=\"auto\">We would like to introduce ourselves in the following article.<\/p>\n<p class=\"_ap3a _aaco _aacu _aacx _aad7 _aade\" dir=\"auto\">We are based at the Bremer B\u00fcndnis f\u00fcr deutsch-tschechische Zusammenarbeit e.V. and work in Bremen.<\/p>\n\t\t\t\t\t\t\t\t<\/div>\n\t\t\t\t<\/div>\n\t\t\t\t\t<\/div>\n\t\t\t\t<\/div>\n\t\t<div data-particle_enable=\"false\" data-particle-mobile-disabled=\"false\" class=\"elementor-element elementor-element-be80bb4 e-flex e-con-boxed e-con e-parent\" data-id=\"be80bb4\" data-element_type=\"container\" data-e-type=\"container\">\n\t\t\t\t\t<div class=\"e-con-inner\">\n\t\t\t\t<div class=\"elementor-element elementor-element-1a2310e elementor-widget elementor-widget-heading\" data-id=\"1a2310e\" data-element_type=\"widget\" data-e-type=\"widget\" data-widget_type=\"heading.default\">\n\t\t\t\t<div class=\"elementor-widget-container\">\n\t\t\t\t\t<h2 class=\"elementor-heading-title elementor-size-default\">Natalie Reinsch  <\/h2>\t\t\t\t<\/div>\n\t\t\t\t<\/div>\n\t\t\t\t\t<\/div>\n\t\t\t\t<\/div>\n\t\t<div data-particle_enable=\"false\" data-particle-mobile-disabled=\"false\" class=\"elementor-element elementor-element-ad60483 e-grid e-con-boxed e-con e-parent\" data-id=\"ad60483\" data-element_type=\"container\" data-e-type=\"container\" data-settings=\"{&quot;background_background&quot;:&quot;classic&quot;}\">\n\t\t\t\t\t<div class=\"e-con-inner\">\n\t\t\t\t<div class=\"elementor-element elementor-element-f14b2f0 elementor-widget elementor-widget-text-editor\" data-id=\"f14b2f0\" data-element_type=\"widget\" data-e-type=\"widget\" data-widget_type=\"text-editor.default\">\n\t\t\t\t<div class=\"elementor-widget-container\">\n\t\t\t\t\t\t\t\t\t<p>Hi, my name is Natalie Reinsch and I am the director of the project &#8220;Nazi Injustice &#8216;Degenerate Music'&#8221;. I am a historian and curator with a focus on the history of the 20th century. As I am passionate about swing dancing, I was aware of the persecution of swing youth by the Nazi regime, having seen the movie &#8220;Swing Kids&#8221;. I conceived the project to develop new educational programs about the history of National Socialism and the resistance to it. Dealing with the history of Lindy Hop and the persecution of swing dancers during National Socialism opens up the possibility of dealing with various topics such as racism, anti-Semitism and antiziganism, but also with resistance and the scope of the individual in a totalitarian state.     <\/p>\n\t\t\t\t\t\t\t\t<\/div>\n\t\t\t\t<\/div>\n\t\t\t\t<div class=\"elementor-element elementor-element-ae15a16 elementor-widget elementor-widget-image\" data-id=\"ae15a16\" data-element_type=\"widget\" data-e-type=\"widget\" data-widget_type=\"image.default\">\n\t\t\t\t<div class=\"elementor-widget-container\">\n\t\t\t\t\t\t\t\t\t\t\t\t<figure class=\"wp-caption\">\n\t\t\t\t\t\t\t\t\t\t<img decoding=\"async\" width=\"525\" height=\"525\" src=\"https:\/\/www.bremer-buendnis.de\/wp-content\/uploads\/2024\/04\/DSC0641-1-1024x1024.jpg\" class=\"attachment-large size-large wp-image-5439\" alt=\"Natalie Reinsch\" srcset=\"https:\/\/www.bremer-buendnis.de\/wp-content\/uploads\/2024\/04\/DSC0641-1-1024x1024.jpg 1024w, https:\/\/www.bremer-buendnis.de\/wp-content\/uploads\/2024\/04\/DSC0641-1-300x300.jpg 300w, https:\/\/www.bremer-buendnis.de\/wp-content\/uploads\/2024\/04\/DSC0641-1-150x150.jpg 150w, https:\/\/www.bremer-buendnis.de\/wp-content\/uploads\/2024\/04\/DSC0641-1-768x768.jpg 768w, https:\/\/www.bremer-buendnis.de\/wp-content\/uploads\/2024\/04\/DSC0641-1-1536x1536.jpg 1536w, https:\/\/www.bremer-buendnis.de\/wp-content\/uploads\/2024\/04\/DSC0641-1-2048x2048.jpg 2048w, https:\/\/www.bremer-buendnis.de\/wp-content\/uploads\/2024\/04\/DSC0641-1-100x100.jpg 100w\" sizes=\"100vw\" \/>\t\t\t\t\t\t\t\t\t\t\t<figcaption class=\"widget-image-caption wp-caption-text\">Natalie Reinsch, Project Management<\/figcaption>\n\t\t\t\t\t\t\t\t\t\t<\/figure>\n\t\t\t\t\t\t\t\t\t<\/div>\n\t\t\t\t<\/div>\n\t\t\t\t\t<\/div>\n\t\t\t\t<\/div>\n\t\t<div data-particle_enable=\"false\" data-particle-mobile-disabled=\"false\" class=\"elementor-element elementor-element-e1f8fa6 e-flex e-con-boxed e-con e-parent\" data-id=\"e1f8fa6\" data-element_type=\"container\" data-e-type=\"container\">\n\t\t\t\t\t<div class=\"e-con-inner\">\n\t\t\t\t<div class=\"elementor-element elementor-element-8f7797e elementor-widget elementor-widget-heading\" data-id=\"8f7797e\" data-element_type=\"widget\" data-e-type=\"widget\" data-widget_type=\"heading.default\">\n\t\t\t\t<div class=\"elementor-widget-container\">\n\t\t\t\t\t<h2 class=\"elementor-heading-title elementor-size-default\">Philipp Mangels<\/h2>\t\t\t\t<\/div>\n\t\t\t\t<\/div>\n\t\t\t\t\t<\/div>\n\t\t\t\t<\/div>\n\t\t<div data-particle_enable=\"false\" data-particle-mobile-disabled=\"false\" class=\"elementor-element elementor-element-b1d0f5c e-grid e-con-boxed e-con e-parent\" data-id=\"b1d0f5c\" data-element_type=\"container\" data-e-type=\"container\">\n\t\t\t\t\t<div class=\"e-con-inner\">\n\t\t\t\t<div class=\"elementor-element elementor-element-b13b615 elementor-widget elementor-widget-image\" data-id=\"b13b615\" data-element_type=\"widget\" data-e-type=\"widget\" data-widget_type=\"image.default\">\n\t\t\t\t<div class=\"elementor-widget-container\">\n\t\t\t\t\t\t\t\t\t\t\t\t<figure class=\"wp-caption\">\n\t\t\t\t\t\t\t\t\t\t<img decoding=\"async\" width=\"525\" height=\"525\" src=\"https:\/\/www.bremer-buendnis.de\/wp-content\/uploads\/2024\/04\/DSC0581-1024x1024.jpg\" class=\"attachment-large size-large wp-image-5427\" alt=\"Philipp Mangels\" srcset=\"https:\/\/www.bremer-buendnis.de\/wp-content\/uploads\/2024\/04\/DSC0581-1024x1024.jpg 1024w, https:\/\/www.bremer-buendnis.de\/wp-content\/uploads\/2024\/04\/DSC0581-300x300.jpg 300w, https:\/\/www.bremer-buendnis.de\/wp-content\/uploads\/2024\/04\/DSC0581-150x150.jpg 150w, https:\/\/www.bremer-buendnis.de\/wp-content\/uploads\/2024\/04\/DSC0581-768x768.jpg 768w, https:\/\/www.bremer-buendnis.de\/wp-content\/uploads\/2024\/04\/DSC0581-1536x1536.jpg 1536w, https:\/\/www.bremer-buendnis.de\/wp-content\/uploads\/2024\/04\/DSC0581-2048x2048.jpg 2048w, https:\/\/www.bremer-buendnis.de\/wp-content\/uploads\/2024\/04\/DSC0581-100x100.jpg 100w\" sizes=\"100vw\" \/>\t\t\t\t\t\t\t\t\t\t\t<figcaption class=\"widget-image-caption wp-caption-text\">Philipp Mangels, Research Assistant<\/figcaption>\n\t\t\t\t\t\t\t\t\t\t<\/figure>\n\t\t\t\t\t\t\t\t\t<\/div>\n\t\t\t\t<\/div>\n\t\t\t\t<div class=\"elementor-element elementor-element-19b7a30 elementor-widget elementor-widget-text-editor\" data-id=\"19b7a30\" data-element_type=\"widget\" data-e-type=\"widget\" data-widget_type=\"text-editor.default\">\n\t\t\t\t<div class=\"elementor-widget-container\">\n\t\t\t\t\t\t\t\t\t<p>Moin. I am Philipp Mangels, a cultural historian specializing in East Central Europe and part of the team of the Bremen Alliance for German-Czech Cooperation. During my studies, I was already heavily involved with subcultures and youth cultures and I see many links to this topic in the swing youth. What I find particularly fascinating is the self-determination of young people, who don&#8217;t let adults or regimes tell them how to live their lives. In our project, I am particularly looking forward to the educational work with young people who still have clear ideas about their own lifestyle today. I don&#8217;t just want to teach about history, I also want to learn a lot from the young people.<\/p>\n\t\t\t\t\t\t\t\t<\/div>\n\t\t\t\t<\/div>\n\t\t\t\t\t<\/div>\n\t\t\t\t<\/div>\n\t\t<div data-particle_enable=\"false\" data-particle-mobile-disabled=\"false\" class=\"elementor-element elementor-element-bbd08ec e-flex e-con-boxed e-con e-parent\" data-id=\"bbd08ec\" data-element_type=\"container\" data-e-type=\"container\">\n\t\t\t\t\t<div class=\"e-con-inner\">\n\t\t\t\t<div class=\"elementor-element elementor-element-3cefd0f elementor-widget elementor-widget-heading\" data-id=\"3cefd0f\" data-element_type=\"widget\" data-e-type=\"widget\" data-widget_type=\"heading.default\">\n\t\t\t\t<div class=\"elementor-widget-container\">\n\t\t\t\t\t<h2 class=\"elementor-heading-title elementor-size-default\">Ramona R\u00fccker<\/h2>\t\t\t\t<\/div>\n\t\t\t\t<\/div>\n\t\t\t\t\t<\/div>\n\t\t\t\t<\/div>\n\t\t<div data-particle_enable=\"false\" data-particle-mobile-disabled=\"false\" class=\"elementor-element elementor-element-dc2fd7d e-grid e-con-boxed e-con e-parent\" data-id=\"dc2fd7d\" data-element_type=\"container\" data-e-type=\"container\">\n\t\t\t\t\t<div class=\"e-con-inner\">\n\t\t\t\t<div class=\"elementor-element elementor-element-4a4558a elementor-widget elementor-widget-text-editor\" data-id=\"4a4558a\" data-element_type=\"widget\" data-e-type=\"widget\" data-widget_type=\"text-editor.default\">\n\t\t\t\t<div class=\"elementor-widget-container\">\n\t\t\t\t\t\t\t\t\t<p>Hello, my name is Ramona. Together with Melika, I&#8217;m responsible for the project&#8217;s social media. I studied public history and media studies with a focus on cultures of remembrance as well as media communication and coming to terms with National Socialism.<br \/>I have been dancing since my childhood, mainly hip hop, which is why I find the persecution of swing dancers all the more unimaginable and their commitment courageous and self-determined.<br \/>I am looking forward to this project because I love meeting different people and learning with and through them. I am also excited to share the story(s) of swing youth with you.    <\/p>\n\t\t\t\t\t\t\t\t<\/div>\n\t\t\t\t<\/div>\n\t\t\t\t<div class=\"elementor-element elementor-element-f48cd7f elementor-widget elementor-widget-image\" data-id=\"f48cd7f\" data-element_type=\"widget\" data-e-type=\"widget\" data-widget_type=\"image.default\">\n\t\t\t\t<div class=\"elementor-widget-container\">\n\t\t\t\t\t\t\t\t\t\t\t\t<figure class=\"wp-caption\">\n\t\t\t\t\t\t\t\t\t\t<img loading=\"lazy\" decoding=\"async\" width=\"525\" height=\"525\" src=\"https:\/\/www.bremer-buendnis.de\/wp-content\/uploads\/2024\/04\/DSC0696-1024x1024.jpg\" class=\"attachment-large size-large wp-image-5430\" alt=\"Ramona R\u00fccker\" srcset=\"https:\/\/www.bremer-buendnis.de\/wp-content\/uploads\/2024\/04\/DSC0696-1024x1024.jpg 1024w, https:\/\/www.bremer-buendnis.de\/wp-content\/uploads\/2024\/04\/DSC0696-300x300.jpg 300w, https:\/\/www.bremer-buendnis.de\/wp-content\/uploads\/2024\/04\/DSC0696-150x150.jpg 150w, https:\/\/www.bremer-buendnis.de\/wp-content\/uploads\/2024\/04\/DSC0696-768x768.jpg 768w, https:\/\/www.bremer-buendnis.de\/wp-content\/uploads\/2024\/04\/DSC0696-1536x1536.jpg 1536w, https:\/\/www.bremer-buendnis.de\/wp-content\/uploads\/2024\/04\/DSC0696-2048x2048.jpg 2048w, https:\/\/www.bremer-buendnis.de\/wp-content\/uploads\/2024\/04\/DSC0696-100x100.jpg 100w\" sizes=\"100vw\" \/>\t\t\t\t\t\t\t\t\t\t\t<figcaption class=\"widget-image-caption wp-caption-text\">Ramona R\u00fccker, Social Media Manager  <\/figcaption>\n\t\t\t\t\t\t\t\t\t\t<\/figure>\n\t\t\t\t\t\t\t\t\t<\/div>\n\t\t\t\t<\/div>\n\t\t\t\t\t<\/div>\n\t\t\t\t<\/div>\n\t\t<div data-particle_enable=\"false\" data-particle-mobile-disabled=\"false\" class=\"elementor-element elementor-element-b55bdc4 e-flex e-con-boxed e-con e-parent\" data-id=\"b55bdc4\" data-element_type=\"container\" data-e-type=\"container\">\n\t\t\t\t\t<div class=\"e-con-inner\">\n\t\t\t\t<div class=\"elementor-element elementor-element-0895bbd elementor-widget elementor-widget-heading\" data-id=\"0895bbd\" data-element_type=\"widget\" data-e-type=\"widget\" data-widget_type=\"heading.default\">\n\t\t\t\t<div class=\"elementor-widget-container\">\n\t\t\t\t\t<h2 class=\"elementor-heading-title elementor-size-default\">Melika Yildizov\u00e1<\/h2>\t\t\t\t<\/div>\n\t\t\t\t<\/div>\n\t\t\t\t\t<\/div>\n\t\t\t\t<\/div>\n\t\t<div data-particle_enable=\"false\" data-particle-mobile-disabled=\"false\" class=\"elementor-element elementor-element-cd5dad3 e-grid e-con-boxed e-con e-parent\" data-id=\"cd5dad3\" data-element_type=\"container\" data-e-type=\"container\">\n\t\t\t\t\t<div class=\"e-con-inner\">\n\t\t\t\t<div class=\"elementor-element elementor-element-689795b elementor-widget elementor-widget-image\" data-id=\"689795b\" data-element_type=\"widget\" data-e-type=\"widget\" data-widget_type=\"image.default\">\n\t\t\t\t<div class=\"elementor-widget-container\">\n\t\t\t\t\t\t\t\t\t\t\t\t<figure class=\"wp-caption\">\n\t\t\t\t\t\t\t\t\t\t<img loading=\"lazy\" decoding=\"async\" width=\"525\" height=\"525\" src=\"https:\/\/www.bremer-buendnis.de\/wp-content\/uploads\/2024\/04\/DSC0606-1024x1024.jpg\" class=\"attachment-large size-large wp-image-5433\" alt=\"Melika Yildizov\u00e1\" srcset=\"https:\/\/www.bremer-buendnis.de\/wp-content\/uploads\/2024\/04\/DSC0606-1024x1024.jpg 1024w, https:\/\/www.bremer-buendnis.de\/wp-content\/uploads\/2024\/04\/DSC0606-300x300.jpg 300w, https:\/\/www.bremer-buendnis.de\/wp-content\/uploads\/2024\/04\/DSC0606-150x150.jpg 150w, https:\/\/www.bremer-buendnis.de\/wp-content\/uploads\/2024\/04\/DSC0606-768x768.jpg 768w, https:\/\/www.bremer-buendnis.de\/wp-content\/uploads\/2024\/04\/DSC0606-1536x1536.jpg 1536w, https:\/\/www.bremer-buendnis.de\/wp-content\/uploads\/2024\/04\/DSC0606-2048x2048.jpg 2048w, https:\/\/www.bremer-buendnis.de\/wp-content\/uploads\/2024\/04\/DSC0606-100x100.jpg 100w\" sizes=\"100vw\" \/>\t\t\t\t\t\t\t\t\t\t\t<figcaption class=\"widget-image-caption wp-caption-text\">Melika Yildizov\u00e1, student assistant<\/figcaption>\n\t\t\t\t\t\t\t\t\t\t<\/figure>\n\t\t\t\t\t\t\t\t\t<\/div>\n\t\t\t\t<\/div>\n\t\t\t\t<div class=\"elementor-element elementor-element-60ea6fb elementor-widget elementor-widget-text-editor\" data-id=\"60ea6fb\" data-element_type=\"widget\" data-e-type=\"widget\" data-widget_type=\"text-editor.default\">\n\t\t\t\t<div class=\"elementor-widget-container\">\n\t\t\t\t\t\t\t\t\t<p>Hi, I&#8217;m Melika Yildiz, a student at the University of Bremen.<br \/>I&#8217;m studying political science and religious studies and I&#8217;m interested in the history of Jewish life because I have Jewish roots. I have been working in the PR department of the \u0160TETL FEST, an international Jewish festival in Brno, for three years. I am also a member (as a Czech) of the Bremen Alliance for German-Czech Cooperation.<br \/>The topic of the project &#8220;NS-Injustice degenerated music&#8221; is extremely interesting for me, as it provides a different perspective on the Nazi era. That&#8217;s why I&#8217;m very happy to be part of the team. Together with Ramona, I am responsible for the project&#8217;s social networks.      <\/p>\n\t\t\t\t\t\t\t\t<\/div>\n\t\t\t\t<\/div>\n\t\t\t\t\t<\/div>\n\t\t\t\t<\/div>\n\t\t<div data-particle_enable=\"false\" data-particle-mobile-disabled=\"false\" class=\"elementor-element elementor-element-14e5fa6 e-flex e-con-boxed e-con e-parent\" data-id=\"14e5fa6\" data-element_type=\"container\" data-e-type=\"container\">\n\t\t\t\t\t<div class=\"e-con-inner\">\n\t\t\t\t\t<\/div>\n\t\t\t\t<\/div>\n\t\t<div data-particle_enable=\"false\" data-particle-mobile-disabled=\"false\" class=\"elementor-element elementor-element-5d961373 e-con-full e-flex e-con e-parent\" data-id=\"5d961373\" data-element_type=\"container\" data-e-type=\"container\" data-settings=\"{&quot;background_background&quot;:&quot;classic&quot;}\">\n\t\t<div data-particle_enable=\"false\" data-particle-mobile-disabled=\"false\" class=\"elementor-element elementor-element-7c47ce54 e-con-full e-flex e-con e-child\" data-id=\"7c47ce54\" data-element_type=\"container\" data-e-type=\"container\">\n\t\t\t\t<div class=\"elementor-element elementor-element-4682f21c elementor-widget elementor-widget-heading\" data-id=\"4682f21c\" data-element_type=\"widget\" data-e-type=\"widget\" data-widget_type=\"heading.default\">\n\t\t\t\t<div class=\"elementor-widget-container\">\n\t\t\t\t\t<h2 class=\"elementor-heading-title elementor-size-default\">Nazi injustice \"Degenerated music\"<\/h2>\t\t\t\t<\/div>\n\t\t\t\t<\/div>\n\t\t\t\t<div class=\"elementor-element elementor-element-2dc17f8a elementor-widget elementor-widget-text-editor\" data-id=\"2dc17f8a\" data-element_type=\"widget\" data-e-type=\"widget\" data-widget_type=\"text-editor.default\">\n\t\t\t\t<div class=\"elementor-widget-container\">\n\t\t\t\t\t\t\t\t\t<p>The transnational project takes a comparative look at the Nazi persecution practices of the northwest German swing youth, the Czech potapki and the swing and jazz music scene in occupied Poland and develops multi-perspective, interdisciplinary and participatory mediation formats.<\/p>\n\t\t\t\t\t\t\t\t<\/div>\n\t\t\t\t<\/div>\n\t\t\t\t<div class=\"elementor-element elementor-element-39a986df elementor-align-left elementor-mobile-align-center elementor-tablet-align-center elementor-widget__width-inherit elementor-widget elementor-widget-button\" data-id=\"39a986df\" data-element_type=\"widget\" data-e-type=\"widget\" data-widget_type=\"button.default\">\n\t\t\t\t<div class=\"elementor-widget-container\">\n\t\t\t\t\t\t\t\t\t<div class=\"elementor-button-wrapper\">\n\t\t\t\t\t<a class=\"elementor-button elementor-button-link elementor-size-sm elementor-animation-grow\" href=\"https:\/\/www.bremer-buendnis.de\/en\/old-nazi-injustice-degenerated-music\/\">\n\t\t\t\t\t\t<span class=\"elementor-button-content-wrapper\">\n\t\t\t\t\t\t\t\t\t<span class=\"elementor-button-text\">To the project page<\/span>\n\t\t\t\t\t<\/span>\n\t\t\t\t\t<\/a>\n\t\t\t\t<\/div>\n\t\t\t\t\t\t\t\t<\/div>\n\t\t\t\t<\/div>\n\t\t\t\t<\/div>\n\t\t<div data-particle_enable=\"false\" data-particle-mobile-disabled=\"false\" class=\"elementor-element elementor-element-47539b4f e-grid e-con-full e-con e-child\" data-id=\"47539b4f\" data-element_type=\"container\" data-e-type=\"container\">\n\t\t\t\t<div class=\"elementor-element elementor-element-413e614d elementor-widget elementor-widget-image\" data-id=\"413e614d\" data-element_type=\"widget\" data-e-type=\"widget\" data-widget_type=\"image.default\">\n\t\t\t\t<div class=\"elementor-widget-container\">\n\t\t\t\t\t\t\t\t\t\t\t\t\t\t\t<img loading=\"lazy\" decoding=\"async\" width=\"525\" height=\"656\" src=\"https:\/\/www.bremer-buendnis.de\/wp-content\/uploads\/2024\/04\/P1009329-2-819x1024.jpg\" class=\"attachment-large size-large wp-image-5370\" alt=\"\" srcset=\"https:\/\/www.bremer-buendnis.de\/wp-content\/uploads\/2024\/04\/P1009329-2-819x1024.jpg 819w, https:\/\/www.bremer-buendnis.de\/wp-content\/uploads\/2024\/04\/P1009329-2-240x300.jpg 240w, https:\/\/www.bremer-buendnis.de\/wp-content\/uploads\/2024\/04\/P1009329-2-768x960.jpg 768w, https:\/\/www.bremer-buendnis.de\/wp-content\/uploads\/2024\/04\/P1009329-2-1229x1536.jpg 1229w, https:\/\/www.bremer-buendnis.de\/wp-content\/uploads\/2024\/04\/P1009329-2.jpg 1638w\" sizes=\"100vw\" \/>\t\t\t\t\t\t\t\t\t\t\t\t\t\t\t<\/div>\n\t\t\t\t<\/div>\n\t\t\t\t<\/div>\n\t\t<div data-particle_enable=\"false\" data-particle-mobile-disabled=\"false\" class=\"elementor-element elementor-element-1deba1b3 e-grid e-con-full e-con e-child\" data-id=\"1deba1b3\" data-element_type=\"container\" data-e-type=\"container\">\n\t\t\t\t<div class=\"elementor-element elementor-element-161e7527 elementor-widget elementor-widget-image\" data-id=\"161e7527\" data-element_type=\"widget\" data-e-type=\"widget\" data-widget_type=\"image.default\">\n\t\t\t\t<div class=\"elementor-widget-container\">\n\t\t\t\t\t\t\t\t\t\t\t\t\t\t\t<img loading=\"lazy\" decoding=\"async\" width=\"500\" height=\"500\" src=\"https:\/\/www.bremer-buendnis.de\/wp-content\/uploads\/2024\/08\/IN.png\" class=\"attachment-large size-large wp-image-5490\" alt=\"Logo NS_injustice\" srcset=\"https:\/\/www.bremer-buendnis.de\/wp-content\/uploads\/2024\/08\/IN.png 500w, https:\/\/www.bremer-buendnis.de\/wp-content\/uploads\/2024\/08\/IN-300x300.png 300w, https:\/\/www.bremer-buendnis.de\/wp-content\/uploads\/2024\/08\/IN-150x150.png 150w, https:\/\/www.bremer-buendnis.de\/wp-content\/uploads\/2024\/08\/IN-100x100.png 100w\" sizes=\"100vw\" \/>\t\t\t\t\t\t\t\t\t\t\t\t\t\t\t<\/div>\n\t\t\t\t<\/div>\n\t\t\t\t<\/div>\n\t\t\t\t<\/div>\n\t\t\t\t<\/div>\n\t\t","protected":false},"excerpt":{"rendered":"<p>Get to know us Hi, we are the German team behind the project: &#8220;NS Injustice &#8216;Degenerate Music&#8217;&#8221;. We would like to introduce ourselves in the following article. We are based at the Bremer B\u00fcndnis f\u00fcr deutsch-tschechische Zusammenarbeit e.V. and work in Bremen. Natalie Reinsch Hi, my name is Natalie Reinsch and I am the director &hellip; <\/p>\n<p class=\"link-more\"><a href=\"https:\/\/www.bremer-buendnis.de\/en\/2024\/04\/26\/team-of-the-project-ns-injustice-introduces-itself\/\" class=\"more-link\">Continue reading<span class=\"screen-reader-text\"> &#8220;Team of the project &#8220;NS injustice&#8221; introduces itself&#8221;<\/span><\/a><\/p>\n","protected":false},"author":9,"featured_media":5436,"comment_status":"closed","ping_status":"open","sticky":false,"template":"elementor_header_footer","format":"standard","meta":{"footnotes":"","_links_to":"","_links_to_target":""},"categories":[40,46],"tags":[],"class_list":["post-6072","post","type-post","status-publish","format-standard","has-post-thumbnail","hentry","category-news-en","category-swing-en"],"yoast_head":"<!-- This site is optimized with the Yoast SEO plugin v27.2 - https:\/\/yoast.com\/product\/yoast-seo-wordpress\/ -->\n<title>Team of the project &quot;NS injustice&quot; introduces itself - Bremer B\u00fcndnis f\u00fcr deutsch-tschechische Zusammenarbeit<\/title>\n<meta name=\"robots\" content=\"index, follow, max-snippet:-1, max-image-preview:large, max-video-preview:-1\" \/>\n<link rel=\"canonical\" href=\"https:\/\/www.bremer-buendnis.de\/en\/2024\/04\/26\/team-of-the-project-ns-injustice-introduces-itself\/\" \/>\n<meta property=\"og:locale\" content=\"en_US\" \/>\n<meta property=\"og:type\" content=\"article\" \/>\n<meta property=\"og:title\" content=\"Team of the project &quot;NS injustice&quot; introduces itself - Bremer B\u00fcndnis f\u00fcr deutsch-tschechische Zusammenarbeit\" \/>\n<meta property=\"og:description\" content=\"Get to know us Hi, we are the German team behind the project: &#8220;NS Injustice &#8216;Degenerate Music&#039;&#8221;. We would like to introduce ourselves in the following article. We are based at the Bremer B\u00fcndnis f\u00fcr deutsch-tschechische Zusammenarbeit e.V. and work in Bremen. Natalie Reinsch Hi, my name is Natalie Reinsch and I am the director &hellip; Continue reading &quot;Team of the project &#8220;NS injustice&#8221; introduces itself&quot;\" \/>\n<meta property=\"og:url\" content=\"https:\/\/www.bremer-buendnis.de\/en\/2024\/04\/26\/team-of-the-project-ns-injustice-introduces-itself\/\" \/>\n<meta property=\"og:site_name\" content=\"Bremer B\u00fcndnis f\u00fcr deutsch-tschechische Zusammenarbeit\" \/>\n<meta property=\"article:published_time\" content=\"2024-04-26T11:04:04+00:00\" \/>\n<meta property=\"article:modified_time\" content=\"2025-03-04T16:15:22+00:00\" \/>\n<meta property=\"og:image\" content=\"https:\/\/www.bremer-buendnis.de\/wp-content\/uploads\/2024\/04\/a-scaled.jpg\" \/>\n\t<meta property=\"og:image:width\" content=\"2560\" \/>\n\t<meta property=\"og:image:height\" content=\"1778\" \/>\n\t<meta property=\"og:image:type\" content=\"image\/jpeg\" \/>\n<meta name=\"author\" content=\"Klaas\" \/>\n<meta name=\"twitter:card\" content=\"summary_large_image\" \/>\n<meta name=\"twitter:label1\" content=\"Written by\" \/>\n\t<meta name=\"twitter:data1\" content=\"Klaas\" \/>\n\t<meta name=\"twitter:label2\" content=\"Est. reading time\" \/>\n\t<meta name=\"twitter:data2\" content=\"3 minutes\" \/>\n<script type=\"application\/ld+json\" class=\"yoast-schema-graph\">{\"@context\":\"https:\/\/schema.org\",\"@graph\":[{\"@type\":\"Article\",\"@id\":\"https:\/\/www.bremer-buendnis.de\/en\/2024\/04\/26\/team-of-the-project-ns-injustice-introduces-itself\/#article\",\"isPartOf\":{\"@id\":\"https:\/\/www.bremer-buendnis.de\/en\/2024\/04\/26\/team-of-the-project-ns-injustice-introduces-itself\/\"},\"author\":{\"name\":\"Klaas\",\"@id\":\"https:\/\/www.bremer-buendnis.de\/en\/#\/schema\/person\/3b90fd155032d5aebae7f2f8faf95c46\"},\"headline\":\"Team of the project &#8220;NS injustice&#8221; introduces itself\",\"datePublished\":\"2024-04-26T11:04:04+00:00\",\"dateModified\":\"2025-03-04T16:15:22+00:00\",\"mainEntityOfPage\":{\"@id\":\"https:\/\/www.bremer-buendnis.de\/en\/2024\/04\/26\/team-of-the-project-ns-injustice-introduces-itself\/\"},\"wordCount\":597,\"publisher\":{\"@id\":\"https:\/\/www.bremer-buendnis.de\/en\/#organization\"},\"image\":{\"@id\":\"https:\/\/www.bremer-buendnis.de\/en\/2024\/04\/26\/team-of-the-project-ns-injustice-introduces-itself\/#primaryimage\"},\"thumbnailUrl\":\"https:\/\/www.bremer-buendnis.de\/wp-content\/uploads\/2024\/04\/a-scaled.jpg\",\"articleSection\":[\"News\",\"Swing\"],\"inLanguage\":\"en-US\"},{\"@type\":\"WebPage\",\"@id\":\"https:\/\/www.bremer-buendnis.de\/en\/2024\/04\/26\/team-of-the-project-ns-injustice-introduces-itself\/\",\"url\":\"https:\/\/www.bremer-buendnis.de\/en\/2024\/04\/26\/team-of-the-project-ns-injustice-introduces-itself\/\",\"name\":\"Team of the project \\\"NS injustice\\\" introduces itself - Bremer B\u00fcndnis f\u00fcr deutsch-tschechische Zusammenarbeit\",\"isPartOf\":{\"@id\":\"https:\/\/www.bremer-buendnis.de\/en\/#website\"},\"primaryImageOfPage\":{\"@id\":\"https:\/\/www.bremer-buendnis.de\/en\/2024\/04\/26\/team-of-the-project-ns-injustice-introduces-itself\/#primaryimage\"},\"image\":{\"@id\":\"https:\/\/www.bremer-buendnis.de\/en\/2024\/04\/26\/team-of-the-project-ns-injustice-introduces-itself\/#primaryimage\"},\"thumbnailUrl\":\"https:\/\/www.bremer-buendnis.de\/wp-content\/uploads\/2024\/04\/a-scaled.jpg\",\"datePublished\":\"2024-04-26T11:04:04+00:00\",\"dateModified\":\"2025-03-04T16:15:22+00:00\",\"breadcrumb\":{\"@id\":\"https:\/\/www.bremer-buendnis.de\/en\/2024\/04\/26\/team-of-the-project-ns-injustice-introduces-itself\/#breadcrumb\"},\"inLanguage\":\"en-US\",\"potentialAction\":[{\"@type\":\"ReadAction\",\"target\":[\"https:\/\/www.bremer-buendnis.de\/en\/2024\/04\/26\/team-of-the-project-ns-injustice-introduces-itself\/\"]}]},{\"@type\":\"ImageObject\",\"inLanguage\":\"en-US\",\"@id\":\"https:\/\/www.bremer-buendnis.de\/en\/2024\/04\/26\/team-of-the-project-ns-injustice-introduces-itself\/#primaryimage\",\"url\":\"https:\/\/www.bremer-buendnis.de\/wp-content\/uploads\/2024\/04\/a-scaled.jpg\",\"contentUrl\":\"https:\/\/www.bremer-buendnis.de\/wp-content\/uploads\/2024\/04\/a-scaled.jpg\",\"width\":2560,\"height\":1778},{\"@type\":\"BreadcrumbList\",\"@id\":\"https:\/\/www.bremer-buendnis.de\/en\/2024\/04\/26\/team-of-the-project-ns-injustice-introduces-itself\/#breadcrumb\",\"itemListElement\":[{\"@type\":\"ListItem\",\"position\":1,\"name\":\"Startseite\",\"item\":\"https:\/\/www.bremer-buendnis.de\/en\/home-page\/\"},{\"@type\":\"ListItem\",\"position\":2,\"name\":\"Team of the project &#8220;NS injustice&#8221; introduces itself\"}]},{\"@type\":\"WebSite\",\"@id\":\"https:\/\/www.bremer-buendnis.de\/en\/#website\",\"url\":\"https:\/\/www.bremer-buendnis.de\/en\/\",\"name\":\"Bremer B\u00fcndnis f\u00fcr deutsch-tschechische Zusammenarbeit\",\"description\":\"Das Bremer B\u00fcndnis f\u00fcr deutsch-tschechische Zusammenarbeit e.V. b\u00fcndelt Ideen und Aktivit\u00e4ten mit dem Ziel, die deutsch-tschechische Zusammenarbeit zu f\u00f6rdern und deren Akteure zu vernetzen.\",\"publisher\":{\"@id\":\"https:\/\/www.bremer-buendnis.de\/en\/#organization\"},\"potentialAction\":[{\"@type\":\"SearchAction\",\"target\":{\"@type\":\"EntryPoint\",\"urlTemplate\":\"https:\/\/www.bremer-buendnis.de\/en\/?s={search_term_string}\"},\"query-input\":{\"@type\":\"PropertyValueSpecification\",\"valueRequired\":true,\"valueName\":\"search_term_string\"}}],\"inLanguage\":\"en-US\"},{\"@type\":\"Organization\",\"@id\":\"https:\/\/www.bremer-buendnis.de\/en\/#organization\",\"name\":\"Bremer B\u00fcndnis f\u00fcr deutsch-tschechische Zusammenarbeit\",\"url\":\"https:\/\/www.bremer-buendnis.de\/en\/\",\"logo\":{\"@type\":\"ImageObject\",\"inLanguage\":\"en-US\",\"@id\":\"https:\/\/www.bremer-buendnis.de\/en\/#\/schema\/logo\/image\/\",\"url\":\"https:\/\/www.bremer-buendnis.de\/wp-content\/uploads\/2019\/12\/cropped-BB_Logo-long_white-1.png\",\"contentUrl\":\"https:\/\/www.bremer-buendnis.de\/wp-content\/uploads\/2019\/12\/cropped-BB_Logo-long_white-1.png\",\"width\":691,\"height\":250,\"caption\":\"Bremer B\u00fcndnis f\u00fcr deutsch-tschechische Zusammenarbeit\"},\"image\":{\"@id\":\"https:\/\/www.bremer-buendnis.de\/en\/#\/schema\/logo\/image\/\"}},{\"@type\":\"Person\",\"@id\":\"https:\/\/www.bremer-buendnis.de\/en\/#\/schema\/person\/3b90fd155032d5aebae7f2f8faf95c46\",\"name\":\"Klaas\",\"image\":{\"@type\":\"ImageObject\",\"inLanguage\":\"en-US\",\"@id\":\"https:\/\/secure.gravatar.com\/avatar\/1010a8668ddc7fdffc62ef2ecb5764dea117aa05693e201d800ccf9ca334d08d?s=96&d=mm&r=g\",\"url\":\"https:\/\/secure.gravatar.com\/avatar\/1010a8668ddc7fdffc62ef2ecb5764dea117aa05693e201d800ccf9ca334d08d?s=96&d=mm&r=g\",\"contentUrl\":\"https:\/\/secure.gravatar.com\/avatar\/1010a8668ddc7fdffc62ef2ecb5764dea117aa05693e201d800ccf9ca334d08d?s=96&d=mm&r=g\",\"caption\":\"Klaas\"},\"url\":\"https:\/\/www.bremer-buendnis.de\/en\/author\/klaas_bb\/\"}]}<\/script>\n<!-- \/ Yoast SEO plugin. -->","yoast_head_json":{"title":"Team of the project \"NS injustice\" introduces itself - Bremer B\u00fcndnis f\u00fcr deutsch-tschechische Zusammenarbeit","robots":{"index":"index","follow":"follow","max-snippet":"max-snippet:-1","max-image-preview":"max-image-preview:large","max-video-preview":"max-video-preview:-1"},"canonical":"https:\/\/www.bremer-buendnis.de\/en\/2024\/04\/26\/team-of-the-project-ns-injustice-introduces-itself\/","og_locale":"en_US","og_type":"article","og_title":"Team of the project \"NS injustice\" introduces itself - Bremer B\u00fcndnis f\u00fcr deutsch-tschechische Zusammenarbeit","og_description":"Get to know us Hi, we are the German team behind the project: &#8220;NS Injustice &#8216;Degenerate Music'&#8221;. We would like to introduce ourselves in the following article. We are based at the Bremer B\u00fcndnis f\u00fcr deutsch-tschechische Zusammenarbeit e.V. and work in Bremen. Natalie Reinsch Hi, my name is Natalie Reinsch and I am the director &hellip; Continue reading \"Team of the project &#8220;NS injustice&#8221; introduces itself\"","og_url":"https:\/\/www.bremer-buendnis.de\/en\/2024\/04\/26\/team-of-the-project-ns-injustice-introduces-itself\/","og_site_name":"Bremer B\u00fcndnis f\u00fcr deutsch-tschechische Zusammenarbeit","article_published_time":"2024-04-26T11:04:04+00:00","article_modified_time":"2025-03-04T16:15:22+00:00","og_image":[{"width":2560,"height":1778,"url":"https:\/\/www.bremer-buendnis.de\/wp-content\/uploads\/2024\/04\/a-scaled.jpg","type":"image\/jpeg"}],"author":"Klaas","twitter_card":"summary_large_image","twitter_misc":{"Written by":"Klaas","Est. reading time":"3 minutes"},"schema":{"@context":"https:\/\/schema.org","@graph":[{"@type":"Article","@id":"https:\/\/www.bremer-buendnis.de\/en\/2024\/04\/26\/team-of-the-project-ns-injustice-introduces-itself\/#article","isPartOf":{"@id":"https:\/\/www.bremer-buendnis.de\/en\/2024\/04\/26\/team-of-the-project-ns-injustice-introduces-itself\/"},"author":{"name":"Klaas","@id":"https:\/\/www.bremer-buendnis.de\/en\/#\/schema\/person\/3b90fd155032d5aebae7f2f8faf95c46"},"headline":"Team of the project &#8220;NS injustice&#8221; introduces itself","datePublished":"2024-04-26T11:04:04+00:00","dateModified":"2025-03-04T16:15:22+00:00","mainEntityOfPage":{"@id":"https:\/\/www.bremer-buendnis.de\/en\/2024\/04\/26\/team-of-the-project-ns-injustice-introduces-itself\/"},"wordCount":597,"publisher":{"@id":"https:\/\/www.bremer-buendnis.de\/en\/#organization"},"image":{"@id":"https:\/\/www.bremer-buendnis.de\/en\/2024\/04\/26\/team-of-the-project-ns-injustice-introduces-itself\/#primaryimage"},"thumbnailUrl":"https:\/\/www.bremer-buendnis.de\/wp-content\/uploads\/2024\/04\/a-scaled.jpg","articleSection":["News","Swing"],"inLanguage":"en-US"},{"@type":"WebPage","@id":"https:\/\/www.bremer-buendnis.de\/en\/2024\/04\/26\/team-of-the-project-ns-injustice-introduces-itself\/","url":"https:\/\/www.bremer-buendnis.de\/en\/2024\/04\/26\/team-of-the-project-ns-injustice-introduces-itself\/","name":"Team of the project \"NS injustice\" introduces itself - Bremer B\u00fcndnis f\u00fcr deutsch-tschechische Zusammenarbeit","isPartOf":{"@id":"https:\/\/www.bremer-buendnis.de\/en\/#website"},"primaryImageOfPage":{"@id":"https:\/\/www.bremer-buendnis.de\/en\/2024\/04\/26\/team-of-the-project-ns-injustice-introduces-itself\/#primaryimage"},"image":{"@id":"https:\/\/www.bremer-buendnis.de\/en\/2024\/04\/26\/team-of-the-project-ns-injustice-introduces-itself\/#primaryimage"},"thumbnailUrl":"https:\/\/www.bremer-buendnis.de\/wp-content\/uploads\/2024\/04\/a-scaled.jpg","datePublished":"2024-04-26T11:04:04+00:00","dateModified":"2025-03-04T16:15:22+00:00","breadcrumb":{"@id":"https:\/\/www.bremer-buendnis.de\/en\/2024\/04\/26\/team-of-the-project-ns-injustice-introduces-itself\/#breadcrumb"},"inLanguage":"en-US","potentialAction":[{"@type":"ReadAction","target":["https:\/\/www.bremer-buendnis.de\/en\/2024\/04\/26\/team-of-the-project-ns-injustice-introduces-itself\/"]}]},{"@type":"ImageObject","inLanguage":"en-US","@id":"https:\/\/www.bremer-buendnis.de\/en\/2024\/04\/26\/team-of-the-project-ns-injustice-introduces-itself\/#primaryimage","url":"https:\/\/www.bremer-buendnis.de\/wp-content\/uploads\/2024\/04\/a-scaled.jpg","contentUrl":"https:\/\/www.bremer-buendnis.de\/wp-content\/uploads\/2024\/04\/a-scaled.jpg","width":2560,"height":1778},{"@type":"BreadcrumbList","@id":"https:\/\/www.bremer-buendnis.de\/en\/2024\/04\/26\/team-of-the-project-ns-injustice-introduces-itself\/#breadcrumb","itemListElement":[{"@type":"ListItem","position":1,"name":"Startseite","item":"https:\/\/www.bremer-buendnis.de\/en\/home-page\/"},{"@type":"ListItem","position":2,"name":"Team of the project &#8220;NS injustice&#8221; introduces itself"}]},{"@type":"WebSite","@id":"https:\/\/www.bremer-buendnis.de\/en\/#website","url":"https:\/\/www.bremer-buendnis.de\/en\/","name":"Bremer B\u00fcndnis f\u00fcr deutsch-tschechische Zusammenarbeit","description":"Das Bremer B\u00fcndnis f\u00fcr deutsch-tschechische Zusammenarbeit e.V. b\u00fcndelt Ideen und Aktivit\u00e4ten mit dem Ziel, die deutsch-tschechische Zusammenarbeit zu f\u00f6rdern und deren Akteure zu vernetzen.","publisher":{"@id":"https:\/\/www.bremer-buendnis.de\/en\/#organization"},"potentialAction":[{"@type":"SearchAction","target":{"@type":"EntryPoint","urlTemplate":"https:\/\/www.bremer-buendnis.de\/en\/?s={search_term_string}"},"query-input":{"@type":"PropertyValueSpecification","valueRequired":true,"valueName":"search_term_string"}}],"inLanguage":"en-US"},{"@type":"Organization","@id":"https:\/\/www.bremer-buendnis.de\/en\/#organization","name":"Bremer B\u00fcndnis f\u00fcr deutsch-tschechische Zusammenarbeit","url":"https:\/\/www.bremer-buendnis.de\/en\/","logo":{"@type":"ImageObject","inLanguage":"en-US","@id":"https:\/\/www.bremer-buendnis.de\/en\/#\/schema\/logo\/image\/","url":"https:\/\/www.bremer-buendnis.de\/wp-content\/uploads\/2019\/12\/cropped-BB_Logo-long_white-1.png","contentUrl":"https:\/\/www.bremer-buendnis.de\/wp-content\/uploads\/2019\/12\/cropped-BB_Logo-long_white-1.png","width":691,"height":250,"caption":"Bremer B\u00fcndnis f\u00fcr deutsch-tschechische Zusammenarbeit"},"image":{"@id":"https:\/\/www.bremer-buendnis.de\/en\/#\/schema\/logo\/image\/"}},{"@type":"Person","@id":"https:\/\/www.bremer-buendnis.de\/en\/#\/schema\/person\/3b90fd155032d5aebae7f2f8faf95c46","name":"Klaas","image":{"@type":"ImageObject","inLanguage":"en-US","@id":"https:\/\/secure.gravatar.com\/avatar\/1010a8668ddc7fdffc62ef2ecb5764dea117aa05693e201d800ccf9ca334d08d?s=96&d=mm&r=g","url":"https:\/\/secure.gravatar.com\/avatar\/1010a8668ddc7fdffc62ef2ecb5764dea117aa05693e201d800ccf9ca334d08d?s=96&d=mm&r=g","contentUrl":"https:\/\/secure.gravatar.com\/avatar\/1010a8668ddc7fdffc62ef2ecb5764dea117aa05693e201d800ccf9ca334d08d?s=96&d=mm&r=g","caption":"Klaas"},"url":"https:\/\/www.bremer-buendnis.de\/en\/author\/klaas_bb\/"}]}},"_links":{"self":[{"href":"https:\/\/www.bremer-buendnis.de\/en\/wp-json\/wp\/v2\/posts\/6072","targetHints":{"allow":["GET"]}}],"collection":[{"href":"https:\/\/www.bremer-buendnis.de\/en\/wp-json\/wp\/v2\/posts"}],"about":[{"href":"https:\/\/www.bremer-buendnis.de\/en\/wp-json\/wp\/v2\/types\/post"}],"author":[{"embeddable":true,"href":"https:\/\/www.bremer-buendnis.de\/en\/wp-json\/wp\/v2\/users\/9"}],"replies":[{"embeddable":true,"href":"https:\/\/www.bremer-buendnis.de\/en\/wp-json\/wp\/v2\/comments?post=6072"}],"version-history":[{"count":1,"href":"https:\/\/www.bremer-buendnis.de\/en\/wp-json\/wp\/v2\/posts\/6072\/revisions"}],"predecessor-version":[{"id":6073,"href":"https:\/\/www.bremer-buendnis.de\/en\/wp-json\/wp\/v2\/posts\/6072\/revisions\/6073"}],"wp:featuredmedia":[{"embeddable":true,"href":"https:\/\/www.bremer-buendnis.de\/en\/wp-json\/wp\/v2\/media\/5436"}],"wp:attachment":[{"href":"https:\/\/www.bremer-buendnis.de\/en\/wp-json\/wp\/v2\/media?parent=6072"}],"wp:term":[{"taxonomy":"category","embeddable":true,"href":"https:\/\/www.bremer-buendnis.de\/en\/wp-json\/wp\/v2\/categories?post=6072"},{"taxonomy":"post_tag","embeddable":true,"href":"https:\/\/www.bremer-buendnis.de\/en\/wp-json\/wp\/v2\/tags?post=6072"}],"curies":[{"name":"wp","href":"https:\/\/api.w.org\/{rel}","templated":true}]}}