{"id":6074,"date":"2024-08-14T12:53:27","date_gmt":"2024-08-14T10:53:27","guid":{"rendered":"https:\/\/www.bremer-buendnis.de\/2024\/08\/14\/concert-django-h-reinhardt-with-band-and-hfk-musicians\/"},"modified":"2025-03-04T17:15:36","modified_gmt":"2025-03-04T16:15:36","slug":"concert-django-h-reinhardt-with-band-and-hfk-musicians","status":"publish","type":"post","link":"https:\/\/www.bremer-buendnis.de\/en\/2024\/08\/14\/concert-django-h-reinhardt-with-band-and-hfk-musicians\/","title":{"rendered":"Concert: Django H. Reinhardt with band and HFK musicians"},"content":{"rendered":"\t\t<div data-elementor-type=\"wp-post\" data-elementor-id=\"6074\" class=\"elementor elementor-6074 elementor-3111\" data-elementor-post-type=\"post\">\n\t\t\t\t<div data-particle_enable=\"false\" data-particle-mobile-disabled=\"false\" class=\"elementor-element elementor-element-6bbf37f e-flex e-con-boxed e-con e-parent\" data-id=\"6bbf37f\" data-element_type=\"container\" data-e-type=\"container\">\n\t\t\t\t\t<div class=\"e-con-inner\">\n\t\t\t\t<div class=\"elementor-element elementor-element-e74927f elementor-widget elementor-widget-heading\" data-id=\"e74927f\" data-element_type=\"widget\" data-e-type=\"widget\" data-widget_type=\"heading.default\">\n\t\t\t\t<div class=\"elementor-widget-container\">\n\t\t\t\t\t<h1 class=\"elementor-heading-title elementor-size-default\">History Talk + concert: Django H. Reinhardt with band and HFK musicians<\/h1>\t\t\t\t<\/div>\n\t\t\t\t<\/div>\n\t\t\t\t\t<\/div>\n\t\t\t\t<\/div>\n\t\t<div data-particle_enable=\"false\" data-particle-mobile-disabled=\"false\" class=\"elementor-element elementor-element-91395fa e-grid e-con-boxed e-con e-parent\" data-id=\"91395fa\" data-element_type=\"container\" data-e-type=\"container\" data-settings=\"{&quot;background_background&quot;:&quot;classic&quot;}\">\n\t\t\t\t\t<div class=\"e-con-inner\">\n\t\t\t\t<div class=\"elementor-element elementor-element-97c21c1 elementor-widget elementor-widget-image\" data-id=\"97c21c1\" data-element_type=\"widget\" data-e-type=\"widget\" data-widget_type=\"image.default\">\n\t\t\t\t<div class=\"elementor-widget-container\">\n\t\t\t\t\t\t\t\t\t\t\t\t<figure class=\"wp-caption\">\n\t\t\t\t\t\t\t\t\t\t<img fetchpriority=\"high\" decoding=\"async\" width=\"525\" height=\"520\" src=\"https:\/\/www.bremer-buendnis.de\/wp-content\/uploads\/2024\/08\/Einladung-Konzert-Django-H.-Reinhardt-e1723632150175-768x761.png\" class=\"attachment-medium_large size-medium_large wp-image-5472\" alt=\"\" srcset=\"https:\/\/www.bremer-buendnis.de\/wp-content\/uploads\/2024\/08\/Einladung-Konzert-Django-H.-Reinhardt-e1723632150175-768x761.png 768w, https:\/\/www.bremer-buendnis.de\/wp-content\/uploads\/2024\/08\/Einladung-Konzert-Django-H.-Reinhardt-e1723632150175-300x297.png 300w, https:\/\/www.bremer-buendnis.de\/wp-content\/uploads\/2024\/08\/Einladung-Konzert-Django-H.-Reinhardt-e1723632150175-1024x1015.png 1024w, https:\/\/www.bremer-buendnis.de\/wp-content\/uploads\/2024\/08\/Einladung-Konzert-Django-H.-Reinhardt-e1723632150175-150x150.png 150w, https:\/\/www.bremer-buendnis.de\/wp-content\/uploads\/2024\/08\/Einladung-Konzert-Django-H.-Reinhardt-e1723632150175-1536x1522.png 1536w, https:\/\/www.bremer-buendnis.de\/wp-content\/uploads\/2024\/08\/Einladung-Konzert-Django-H.-Reinhardt-e1723632150175-100x100.png 100w, https:\/\/www.bremer-buendnis.de\/wp-content\/uploads\/2024\/08\/Einladung-Konzert-Django-H.-Reinhardt-e1723632150175.png 1652w\" sizes=\"100vw\" \/>\t\t\t\t\t\t\t\t\t\t\t<figcaption class=\"widget-image-caption wp-caption-text\"><\/figcaption>\n\t\t\t\t\t\t\t\t\t\t<\/figure>\n\t\t\t\t\t\t\t\t\t<\/div>\n\t\t\t\t<\/div>\n\t\t\t\t<div class=\"elementor-element elementor-element-48b2b99 elementor-widget elementor-widget-text-editor\" data-id=\"48b2b99\" data-element_type=\"widget\" data-e-type=\"widget\" data-widget_type=\"text-editor.default\">\n\t\t\t\t<div class=\"elementor-widget-container\">\n\t\t\t\t\t\t\t\t\t<p><strong>19:00: History Talk<\/strong><\/p>\n<p>A history talk with Czech swing dancers Zuzana Hypsova and Zden\u011bk Pilecky will take place before the concert at 7 pm. Zden\u011bk Pilecky danced in the 1993 feature film &#8220;Swing Kids&#8221; and later founded the swing and tap dance studio ZIG-ZAG in Prague. Zuzana Hypsova works as a therapist with Holocaust survivors. They talk about how they use Lindy Hop in their therapeutic work. The interview is in English.    <\/p>\n<p><strong>20:00 Concert\/Social Dance<\/strong><\/p>\n<p>The concert starts at 20:00 with Social Dance. Django Heinrich Reinhardt belongs to one of the most famous jazz families in Europe. As part of our Swing Exchange weekend, he will be playing with parts of his swing orchestra and musicians from the Bremen University of the Arts in the St. Pauli parish in Bremen&#8217;s Neustadt district.  <\/p>\n<p>Admission: free<\/p>\n\t\t\t\t\t\t\t\t<\/div>\n\t\t\t\t<\/div>\n\t\t\t\t\t<\/div>\n\t\t\t\t<\/div>\n\t\t<div data-particle_enable=\"false\" data-particle-mobile-disabled=\"false\" class=\"elementor-element elementor-element-14e5fa6 e-flex e-con-boxed e-con e-parent\" data-id=\"14e5fa6\" data-element_type=\"container\" data-e-type=\"container\">\n\t\t\t\t\t<div class=\"e-con-inner\">\n\t\t\t\t\t<\/div>\n\t\t\t\t<\/div>\n\t\t\t\t<\/div>\n\t\t","protected":false},"excerpt":{"rendered":"<p>History Talk + concert: Django H. Reinhardt with band and HFK musicians 19:00: History Talk A history talk with Czech swing dancers Zuzana Hypsova and Zden\u011bk Pilecky will take place before the concert at 7 pm. Zden\u011bk Pilecky danced in the 1993 feature film &#8220;Swing Kids&#8221; and later founded the swing and tap dance studio &hellip; <\/p>\n<p class=\"link-more\"><a href=\"https:\/\/www.bremer-buendnis.de\/en\/2024\/08\/14\/concert-django-h-reinhardt-with-band-and-hfk-musicians\/\" class=\"more-link\">Continue reading<span class=\"screen-reader-text\"> &#8220;Concert: Django H. Reinhardt with band and HFK musicians&#8221;<\/span><\/a><\/p>\n","protected":false},"author":11,"featured_media":5475,"comment_status":"closed","ping_status":"open","sticky":false,"template":"elementor_header_footer","format":"standard","meta":{"footnotes":"","_links_to":"","_links_to_target":""},"categories":[45,40,46],"tags":[],"class_list":["post-6074","post","type-post","status-publish","format-standard","has-post-thumbnail","hentry","category-events","category-news-en","category-swing-en"],"yoast_head":"<!-- This site is optimized with the Yoast SEO plugin v27.2 - https:\/\/yoast.com\/product\/yoast-seo-wordpress\/ -->\n<title>Concert: Django H. Reinhardt with band and HFK musicians - Bremer B\u00fcndnis f\u00fcr deutsch-tschechische Zusammenarbeit<\/title>\n<meta name=\"robots\" content=\"index, follow, max-snippet:-1, max-image-preview:large, max-video-preview:-1\" \/>\n<link rel=\"canonical\" href=\"https:\/\/www.bremer-buendnis.de\/en\/2024\/08\/14\/concert-django-h-reinhardt-with-band-and-hfk-musicians\/\" \/>\n<meta property=\"og:locale\" content=\"en_US\" \/>\n<meta property=\"og:type\" content=\"article\" \/>\n<meta property=\"og:title\" content=\"Concert: Django H. Reinhardt with band and HFK musicians - Bremer B\u00fcndnis f\u00fcr deutsch-tschechische Zusammenarbeit\" \/>\n<meta property=\"og:description\" content=\"History Talk + concert: Django H. Reinhardt with band and HFK musicians 19:00: History Talk A history talk with Czech swing dancers Zuzana Hypsova and Zden\u011bk Pilecky will take place before the concert at 7 pm. Zden\u011bk Pilecky danced in the 1993 feature film &#8220;Swing Kids&#8221; and later founded the swing and tap dance studio &hellip; Continue reading &quot;Concert: Django H. Reinhardt with band and HFK musicians&quot;\" \/>\n<meta property=\"og:url\" content=\"https:\/\/www.bremer-buendnis.de\/en\/2024\/08\/14\/concert-django-h-reinhardt-with-band-and-hfk-musicians\/\" \/>\n<meta property=\"og:site_name\" content=\"Bremer B\u00fcndnis f\u00fcr deutsch-tschechische Zusammenarbeit\" \/>\n<meta property=\"article:published_time\" content=\"2024-08-14T10:53:27+00:00\" \/>\n<meta property=\"article:modified_time\" content=\"2025-03-04T16:15:36+00:00\" \/>\n<meta property=\"og:image\" content=\"https:\/\/www.bremer-buendnis.de\/wp-content\/uploads\/2024\/08\/Einladung-Konzert-Django-H.-Reinhardt-1.png\" \/>\n\t<meta property=\"og:image:width\" content=\"1653\" \/>\n\t<meta property=\"og:image:height\" content=\"2339\" \/>\n\t<meta property=\"og:image:type\" content=\"image\/png\" \/>\n<meta name=\"author\" content=\"Philipp Mangels\" \/>\n<meta name=\"twitter:card\" content=\"summary_large_image\" \/>\n<meta name=\"twitter:label1\" content=\"Written by\" \/>\n\t<meta name=\"twitter:data1\" content=\"Philipp Mangels\" \/>\n\t<meta name=\"twitter:label2\" content=\"Est. reading time\" \/>\n\t<meta name=\"twitter:data2\" content=\"1 minute\" \/>\n<script type=\"application\/ld+json\" class=\"yoast-schema-graph\">{\"@context\":\"https:\/\/schema.org\",\"@graph\":[{\"@type\":\"Article\",\"@id\":\"https:\/\/www.bremer-buendnis.de\/en\/2024\/08\/14\/concert-django-h-reinhardt-with-band-and-hfk-musicians\/#article\",\"isPartOf\":{\"@id\":\"https:\/\/www.bremer-buendnis.de\/en\/2024\/08\/14\/concert-django-h-reinhardt-with-band-and-hfk-musicians\/\"},\"author\":{\"name\":\"Philipp Mangels\",\"@id\":\"https:\/\/www.bremer-buendnis.de\/en\/#\/schema\/person\/e4409591824d602543e26f5cd7db8356\"},\"headline\":\"Concert: Django H. Reinhardt with band and HFK musicians\",\"datePublished\":\"2024-08-14T10:53:27+00:00\",\"dateModified\":\"2025-03-04T16:15:36+00:00\",\"mainEntityOfPage\":{\"@id\":\"https:\/\/www.bremer-buendnis.de\/en\/2024\/08\/14\/concert-django-h-reinhardt-with-band-and-hfk-musicians\/\"},\"wordCount\":153,\"publisher\":{\"@id\":\"https:\/\/www.bremer-buendnis.de\/en\/#organization\"},\"image\":{\"@id\":\"https:\/\/www.bremer-buendnis.de\/en\/2024\/08\/14\/concert-django-h-reinhardt-with-band-and-hfk-musicians\/#primaryimage\"},\"thumbnailUrl\":\"https:\/\/www.bremer-buendnis.de\/wp-content\/uploads\/2024\/08\/Einladung-Konzert-Django-H.-Reinhardt-1.png\",\"articleSection\":[\"events\",\"News\",\"Swing\"],\"inLanguage\":\"en-US\"},{\"@type\":\"WebPage\",\"@id\":\"https:\/\/www.bremer-buendnis.de\/en\/2024\/08\/14\/concert-django-h-reinhardt-with-band-and-hfk-musicians\/\",\"url\":\"https:\/\/www.bremer-buendnis.de\/en\/2024\/08\/14\/concert-django-h-reinhardt-with-band-and-hfk-musicians\/\",\"name\":\"Concert: Django H. Reinhardt with band and HFK musicians - Bremer B\u00fcndnis f\u00fcr deutsch-tschechische Zusammenarbeit\",\"isPartOf\":{\"@id\":\"https:\/\/www.bremer-buendnis.de\/en\/#website\"},\"primaryImageOfPage\":{\"@id\":\"https:\/\/www.bremer-buendnis.de\/en\/2024\/08\/14\/concert-django-h-reinhardt-with-band-and-hfk-musicians\/#primaryimage\"},\"image\":{\"@id\":\"https:\/\/www.bremer-buendnis.de\/en\/2024\/08\/14\/concert-django-h-reinhardt-with-band-and-hfk-musicians\/#primaryimage\"},\"thumbnailUrl\":\"https:\/\/www.bremer-buendnis.de\/wp-content\/uploads\/2024\/08\/Einladung-Konzert-Django-H.-Reinhardt-1.png\",\"datePublished\":\"2024-08-14T10:53:27+00:00\",\"dateModified\":\"2025-03-04T16:15:36+00:00\",\"breadcrumb\":{\"@id\":\"https:\/\/www.bremer-buendnis.de\/en\/2024\/08\/14\/concert-django-h-reinhardt-with-band-and-hfk-musicians\/#breadcrumb\"},\"inLanguage\":\"en-US\",\"potentialAction\":[{\"@type\":\"ReadAction\",\"target\":[\"https:\/\/www.bremer-buendnis.de\/en\/2024\/08\/14\/concert-django-h-reinhardt-with-band-and-hfk-musicians\/\"]}]},{\"@type\":\"ImageObject\",\"inLanguage\":\"en-US\",\"@id\":\"https:\/\/www.bremer-buendnis.de\/en\/2024\/08\/14\/concert-django-h-reinhardt-with-band-and-hfk-musicians\/#primaryimage\",\"url\":\"https:\/\/www.bremer-buendnis.de\/wp-content\/uploads\/2024\/08\/Einladung-Konzert-Django-H.-Reinhardt-1.png\",\"contentUrl\":\"https:\/\/www.bremer-buendnis.de\/wp-content\/uploads\/2024\/08\/Einladung-Konzert-Django-H.-Reinhardt-1.png\",\"width\":1653,\"height\":2339},{\"@type\":\"BreadcrumbList\",\"@id\":\"https:\/\/www.bremer-buendnis.de\/en\/2024\/08\/14\/concert-django-h-reinhardt-with-band-and-hfk-musicians\/#breadcrumb\",\"itemListElement\":[{\"@type\":\"ListItem\",\"position\":1,\"name\":\"Startseite\",\"item\":\"https:\/\/www.bremer-buendnis.de\/en\/home-page\/\"},{\"@type\":\"ListItem\",\"position\":2,\"name\":\"Concert: Django H. Reinhardt with band and HFK musicians\"}]},{\"@type\":\"WebSite\",\"@id\":\"https:\/\/www.bremer-buendnis.de\/en\/#website\",\"url\":\"https:\/\/www.bremer-buendnis.de\/en\/\",\"name\":\"Bremer B\u00fcndnis f\u00fcr deutsch-tschechische Zusammenarbeit\",\"description\":\"Das Bremer B\u00fcndnis f\u00fcr deutsch-tschechische Zusammenarbeit e.V. b\u00fcndelt Ideen und Aktivit\u00e4ten mit dem Ziel, die deutsch-tschechische Zusammenarbeit zu f\u00f6rdern und deren Akteure zu vernetzen.\",\"publisher\":{\"@id\":\"https:\/\/www.bremer-buendnis.de\/en\/#organization\"},\"potentialAction\":[{\"@type\":\"SearchAction\",\"target\":{\"@type\":\"EntryPoint\",\"urlTemplate\":\"https:\/\/www.bremer-buendnis.de\/en\/?s={search_term_string}\"},\"query-input\":{\"@type\":\"PropertyValueSpecification\",\"valueRequired\":true,\"valueName\":\"search_term_string\"}}],\"inLanguage\":\"en-US\"},{\"@type\":\"Organization\",\"@id\":\"https:\/\/www.bremer-buendnis.de\/en\/#organization\",\"name\":\"Bremer B\u00fcndnis f\u00fcr deutsch-tschechische Zusammenarbeit\",\"url\":\"https:\/\/www.bremer-buendnis.de\/en\/\",\"logo\":{\"@type\":\"ImageObject\",\"inLanguage\":\"en-US\",\"@id\":\"https:\/\/www.bremer-buendnis.de\/en\/#\/schema\/logo\/image\/\",\"url\":\"https:\/\/www.bremer-buendnis.de\/wp-content\/uploads\/2019\/12\/cropped-BB_Logo-long_white-1.png\",\"contentUrl\":\"https:\/\/www.bremer-buendnis.de\/wp-content\/uploads\/2019\/12\/cropped-BB_Logo-long_white-1.png\",\"width\":691,\"height\":250,\"caption\":\"Bremer B\u00fcndnis f\u00fcr deutsch-tschechische Zusammenarbeit\"},\"image\":{\"@id\":\"https:\/\/www.bremer-buendnis.de\/en\/#\/schema\/logo\/image\/\"}},{\"@type\":\"Person\",\"@id\":\"https:\/\/www.bremer-buendnis.de\/en\/#\/schema\/person\/e4409591824d602543e26f5cd7db8356\",\"name\":\"Philipp Mangels\",\"image\":{\"@type\":\"ImageObject\",\"inLanguage\":\"en-US\",\"@id\":\"https:\/\/secure.gravatar.com\/avatar\/927e4e763dad8f387a528e5b9739ec56decc3b808346a5b987f0a77ac0134f05?s=96&d=mm&r=g\",\"url\":\"https:\/\/secure.gravatar.com\/avatar\/927e4e763dad8f387a528e5b9739ec56decc3b808346a5b987f0a77ac0134f05?s=96&d=mm&r=g\",\"contentUrl\":\"https:\/\/secure.gravatar.com\/avatar\/927e4e763dad8f387a528e5b9739ec56decc3b808346a5b987f0a77ac0134f05?s=96&d=mm&r=g\",\"caption\":\"Philipp Mangels\"},\"url\":\"https:\/\/www.bremer-buendnis.de\/en\/author\/philipp-mangels\/\"}]}<\/script>\n<!-- \/ Yoast SEO plugin. -->","yoast_head_json":{"title":"Concert: Django H. Reinhardt with band and HFK musicians - Bremer B\u00fcndnis f\u00fcr deutsch-tschechische Zusammenarbeit","robots":{"index":"index","follow":"follow","max-snippet":"max-snippet:-1","max-image-preview":"max-image-preview:large","max-video-preview":"max-video-preview:-1"},"canonical":"https:\/\/www.bremer-buendnis.de\/en\/2024\/08\/14\/concert-django-h-reinhardt-with-band-and-hfk-musicians\/","og_locale":"en_US","og_type":"article","og_title":"Concert: Django H. Reinhardt with band and HFK musicians - Bremer B\u00fcndnis f\u00fcr deutsch-tschechische Zusammenarbeit","og_description":"History Talk + concert: Django H. Reinhardt with band and HFK musicians 19:00: History Talk A history talk with Czech swing dancers Zuzana Hypsova and Zden\u011bk Pilecky will take place before the concert at 7 pm. Zden\u011bk Pilecky danced in the 1993 feature film &#8220;Swing Kids&#8221; and later founded the swing and tap dance studio &hellip; Continue reading \"Concert: Django H. Reinhardt with band and HFK musicians\"","og_url":"https:\/\/www.bremer-buendnis.de\/en\/2024\/08\/14\/concert-django-h-reinhardt-with-band-and-hfk-musicians\/","og_site_name":"Bremer B\u00fcndnis f\u00fcr deutsch-tschechische Zusammenarbeit","article_published_time":"2024-08-14T10:53:27+00:00","article_modified_time":"2025-03-04T16:15:36+00:00","og_image":[{"width":1653,"height":2339,"url":"https:\/\/www.bremer-buendnis.de\/wp-content\/uploads\/2024\/08\/Einladung-Konzert-Django-H.-Reinhardt-1.png","type":"image\/png"}],"author":"Philipp Mangels","twitter_card":"summary_large_image","twitter_misc":{"Written by":"Philipp Mangels","Est. reading time":"1 minute"},"schema":{"@context":"https:\/\/schema.org","@graph":[{"@type":"Article","@id":"https:\/\/www.bremer-buendnis.de\/en\/2024\/08\/14\/concert-django-h-reinhardt-with-band-and-hfk-musicians\/#article","isPartOf":{"@id":"https:\/\/www.bremer-buendnis.de\/en\/2024\/08\/14\/concert-django-h-reinhardt-with-band-and-hfk-musicians\/"},"author":{"name":"Philipp Mangels","@id":"https:\/\/www.bremer-buendnis.de\/en\/#\/schema\/person\/e4409591824d602543e26f5cd7db8356"},"headline":"Concert: Django H. Reinhardt with band and HFK musicians","datePublished":"2024-08-14T10:53:27+00:00","dateModified":"2025-03-04T16:15:36+00:00","mainEntityOfPage":{"@id":"https:\/\/www.bremer-buendnis.de\/en\/2024\/08\/14\/concert-django-h-reinhardt-with-band-and-hfk-musicians\/"},"wordCount":153,"publisher":{"@id":"https:\/\/www.bremer-buendnis.de\/en\/#organization"},"image":{"@id":"https:\/\/www.bremer-buendnis.de\/en\/2024\/08\/14\/concert-django-h-reinhardt-with-band-and-hfk-musicians\/#primaryimage"},"thumbnailUrl":"https:\/\/www.bremer-buendnis.de\/wp-content\/uploads\/2024\/08\/Einladung-Konzert-Django-H.-Reinhardt-1.png","articleSection":["events","News","Swing"],"inLanguage":"en-US"},{"@type":"WebPage","@id":"https:\/\/www.bremer-buendnis.de\/en\/2024\/08\/14\/concert-django-h-reinhardt-with-band-and-hfk-musicians\/","url":"https:\/\/www.bremer-buendnis.de\/en\/2024\/08\/14\/concert-django-h-reinhardt-with-band-and-hfk-musicians\/","name":"Concert: Django H. Reinhardt with band and HFK musicians - Bremer B\u00fcndnis f\u00fcr deutsch-tschechische Zusammenarbeit","isPartOf":{"@id":"https:\/\/www.bremer-buendnis.de\/en\/#website"},"primaryImageOfPage":{"@id":"https:\/\/www.bremer-buendnis.de\/en\/2024\/08\/14\/concert-django-h-reinhardt-with-band-and-hfk-musicians\/#primaryimage"},"image":{"@id":"https:\/\/www.bremer-buendnis.de\/en\/2024\/08\/14\/concert-django-h-reinhardt-with-band-and-hfk-musicians\/#primaryimage"},"thumbnailUrl":"https:\/\/www.bremer-buendnis.de\/wp-content\/uploads\/2024\/08\/Einladung-Konzert-Django-H.-Reinhardt-1.png","datePublished":"2024-08-14T10:53:27+00:00","dateModified":"2025-03-04T16:15:36+00:00","breadcrumb":{"@id":"https:\/\/www.bremer-buendnis.de\/en\/2024\/08\/14\/concert-django-h-reinhardt-with-band-and-hfk-musicians\/#breadcrumb"},"inLanguage":"en-US","potentialAction":[{"@type":"ReadAction","target":["https:\/\/www.bremer-buendnis.de\/en\/2024\/08\/14\/concert-django-h-reinhardt-with-band-and-hfk-musicians\/"]}]},{"@type":"ImageObject","inLanguage":"en-US","@id":"https:\/\/www.bremer-buendnis.de\/en\/2024\/08\/14\/concert-django-h-reinhardt-with-band-and-hfk-musicians\/#primaryimage","url":"https:\/\/www.bremer-buendnis.de\/wp-content\/uploads\/2024\/08\/Einladung-Konzert-Django-H.-Reinhardt-1.png","contentUrl":"https:\/\/www.bremer-buendnis.de\/wp-content\/uploads\/2024\/08\/Einladung-Konzert-Django-H.-Reinhardt-1.png","width":1653,"height":2339},{"@type":"BreadcrumbList","@id":"https:\/\/www.bremer-buendnis.de\/en\/2024\/08\/14\/concert-django-h-reinhardt-with-band-and-hfk-musicians\/#breadcrumb","itemListElement":[{"@type":"ListItem","position":1,"name":"Startseite","item":"https:\/\/www.bremer-buendnis.de\/en\/home-page\/"},{"@type":"ListItem","position":2,"name":"Concert: Django H. Reinhardt with band and HFK musicians"}]},{"@type":"WebSite","@id":"https:\/\/www.bremer-buendnis.de\/en\/#website","url":"https:\/\/www.bremer-buendnis.de\/en\/","name":"Bremer B\u00fcndnis f\u00fcr deutsch-tschechische Zusammenarbeit","description":"Das Bremer B\u00fcndnis f\u00fcr deutsch-tschechische Zusammenarbeit e.V. b\u00fcndelt Ideen und Aktivit\u00e4ten mit dem Ziel, die deutsch-tschechische Zusammenarbeit zu f\u00f6rdern und deren Akteure zu vernetzen.","publisher":{"@id":"https:\/\/www.bremer-buendnis.de\/en\/#organization"},"potentialAction":[{"@type":"SearchAction","target":{"@type":"EntryPoint","urlTemplate":"https:\/\/www.bremer-buendnis.de\/en\/?s={search_term_string}"},"query-input":{"@type":"PropertyValueSpecification","valueRequired":true,"valueName":"search_term_string"}}],"inLanguage":"en-US"},{"@type":"Organization","@id":"https:\/\/www.bremer-buendnis.de\/en\/#organization","name":"Bremer B\u00fcndnis f\u00fcr deutsch-tschechische Zusammenarbeit","url":"https:\/\/www.bremer-buendnis.de\/en\/","logo":{"@type":"ImageObject","inLanguage":"en-US","@id":"https:\/\/www.bremer-buendnis.de\/en\/#\/schema\/logo\/image\/","url":"https:\/\/www.bremer-buendnis.de\/wp-content\/uploads\/2019\/12\/cropped-BB_Logo-long_white-1.png","contentUrl":"https:\/\/www.bremer-buendnis.de\/wp-content\/uploads\/2019\/12\/cropped-BB_Logo-long_white-1.png","width":691,"height":250,"caption":"Bremer B\u00fcndnis f\u00fcr deutsch-tschechische Zusammenarbeit"},"image":{"@id":"https:\/\/www.bremer-buendnis.de\/en\/#\/schema\/logo\/image\/"}},{"@type":"Person","@id":"https:\/\/www.bremer-buendnis.de\/en\/#\/schema\/person\/e4409591824d602543e26f5cd7db8356","name":"Philipp Mangels","image":{"@type":"ImageObject","inLanguage":"en-US","@id":"https:\/\/secure.gravatar.com\/avatar\/927e4e763dad8f387a528e5b9739ec56decc3b808346a5b987f0a77ac0134f05?s=96&d=mm&r=g","url":"https:\/\/secure.gravatar.com\/avatar\/927e4e763dad8f387a528e5b9739ec56decc3b808346a5b987f0a77ac0134f05?s=96&d=mm&r=g","contentUrl":"https:\/\/secure.gravatar.com\/avatar\/927e4e763dad8f387a528e5b9739ec56decc3b808346a5b987f0a77ac0134f05?s=96&d=mm&r=g","caption":"Philipp Mangels"},"url":"https:\/\/www.bremer-buendnis.de\/en\/author\/philipp-mangels\/"}]}},"_links":{"self":[{"href":"https:\/\/www.bremer-buendnis.de\/en\/wp-json\/wp\/v2\/posts\/6074","targetHints":{"allow":["GET"]}}],"collection":[{"href":"https:\/\/www.bremer-buendnis.de\/en\/wp-json\/wp\/v2\/posts"}],"about":[{"href":"https:\/\/www.bremer-buendnis.de\/en\/wp-json\/wp\/v2\/types\/post"}],"author":[{"embeddable":true,"href":"https:\/\/www.bremer-buendnis.de\/en\/wp-json\/wp\/v2\/users\/11"}],"replies":[{"embeddable":true,"href":"https:\/\/www.bremer-buendnis.de\/en\/wp-json\/wp\/v2\/comments?post=6074"}],"version-history":[{"count":1,"href":"https:\/\/www.bremer-buendnis.de\/en\/wp-json\/wp\/v2\/posts\/6074\/revisions"}],"predecessor-version":[{"id":6075,"href":"https:\/\/www.bremer-buendnis.de\/en\/wp-json\/wp\/v2\/posts\/6074\/revisions\/6075"}],"wp:featuredmedia":[{"embeddable":true,"href":"https:\/\/www.bremer-buendnis.de\/en\/wp-json\/wp\/v2\/media\/5475"}],"wp:attachment":[{"href":"https:\/\/www.bremer-buendnis.de\/en\/wp-json\/wp\/v2\/media?parent=6074"}],"wp:term":[{"taxonomy":"category","embeddable":true,"href":"https:\/\/www.bremer-buendnis.de\/en\/wp-json\/wp\/v2\/categories?post=6074"},{"taxonomy":"post_tag","embeddable":true,"href":"https:\/\/www.bremer-buendnis.de\/en\/wp-json\/wp\/v2\/tags?post=6074"}],"curies":[{"name":"wp","href":"https:\/\/api.w.org\/{rel}","templated":true}]}}