{"id":6685,"date":"2025-07-30T16:14:09","date_gmt":"2025-07-30T14:14:09","guid":{"rendered":"https:\/\/www.bremer-buendnis.de\/2025\/07\/30\/tip-07-09-10-meeting-leos-janacek-and-viezslava-kapralova\/"},"modified":"2025-08-01T13:30:09","modified_gmt":"2025-08-01T11:30:09","slug":"tip-07-09-10-meeting-leos-janacek-and-viezslava-kapralova","status":"publish","type":"post","link":"https:\/\/www.bremer-buendnis.de\/en\/2025\/07\/30\/tip-07-09-10-meeting-leos-janacek-and-viezslava-kapralova\/","title":{"rendered":"Tip: 07. &#8211; 09.10, &#8220;Meeting Leo\u0161 Jan\u00e1\u010dek and V\u00ed\u011bzslava Kapr\u00e1lov\u00e1&#8221;"},"content":{"rendered":"\t\t<div data-elementor-type=\"wp-post\" data-elementor-id=\"6685\" class=\"elementor elementor-6685 elementor-6670\" data-elementor-post-type=\"post\">\n\t\t\t\t<div data-particle_enable=\"false\" data-particle-mobile-disabled=\"false\" class=\"elementor-element elementor-element-6bbf37f e-flex e-con-boxed e-con e-parent\" data-id=\"6bbf37f\" data-element_type=\"container\" data-e-type=\"container\">\n\t\t\t\t\t<div class=\"e-con-inner\">\n\t\t\t\t<div class=\"elementor-element elementor-element-e74927f elementor-widget elementor-widget-heading\" data-id=\"e74927f\" data-element_type=\"widget\" data-e-type=\"widget\" data-widget_type=\"heading.default\">\n\t\t\t\t<div class=\"elementor-widget-container\">\n\t\t\t\t\t<h1 class=\"elementor-heading-title elementor-size-default\">Tip: 07. - 09.10, \"Meeting Leo\u0161 Jan\u00e1\u010dek and V\u00ed\u011bzslava Kapr\u00e1lov\u00e1\"<\/h1>\t\t\t\t<\/div>\n\t\t\t\t<\/div>\n\t\t\t\t<div class=\"elementor-element elementor-element-d107f3f elementor-widget elementor-widget-heading\" data-id=\"d107f3f\" data-element_type=\"widget\" data-e-type=\"widget\" data-widget_type=\"heading.default\">\n\t\t\t\t<div class=\"elementor-widget-container\">\n\t\t\t\t\t<h1 class=\"elementor-heading-title elementor-size-default\">The association SIGNUM open space e.V.\n  invites:\n<\/h1>\t\t\t\t<\/div>\n\t\t\t\t<\/div>\n\t\t\t\t\t<\/div>\n\t\t\t\t<\/div>\n\t\t<div data-particle_enable=\"false\" data-particle-mobile-disabled=\"false\" class=\"elementor-element elementor-element-14e5fa6 e-flex e-con-boxed e-con e-parent\" data-id=\"14e5fa6\" data-element_type=\"container\" data-e-type=\"container\" data-settings=\"{&quot;background_background&quot;:&quot;classic&quot;}\">\n\t\t\t\t\t<div class=\"e-con-inner\">\n\t\t\t\t<div class=\"elementor-element elementor-element-c533afc elementor-widget elementor-widget-text-editor\" data-id=\"c533afc\" data-element_type=\"widget\" data-e-type=\"widget\" data-widget_type=\"text-editor.default\">\n\t\t\t\t<div class=\"elementor-widget-container\">\n\t\t\t\t\t\t\t\t\t<p>&#8220;Meeting Leo\u0161 Jan\u00e1\u010dek and V\u00ed\u011bzslava Kapr\u00e1lov\u00e1&#8221;: SYMPOSIUM on the life and work of the Czech composers of the early 20th century &#8211; workshops, lectures, rehearsals, discussion concert. We are delighted to welcome our distinguished guests Derek Katz (USA) and Igor Karsko (Czech Republic, Switzerland), experts on Czech composers and life at the time.<br>Find out more about Jan\u00e1\u010dek&#8217;s extraordinary way of composing and about a woman who, in a very short life, went far beyond the boundaries set for her at the time because of her gender and fought for her success.<\/p>\t\t\t\t\t\t\t\t<\/div>\n\t\t\t\t<\/div>\n\t\t\t\t\t<\/div>\n\t\t\t\t<\/div>\n\t\t<div data-particle_enable=\"false\" data-particle-mobile-disabled=\"false\" class=\"elementor-element elementor-element-c14718e e-flex e-con-boxed e-con e-parent\" data-id=\"c14718e\" data-element_type=\"container\" data-e-type=\"container\" data-settings=\"{&quot;background_background&quot;:&quot;classic&quot;}\">\n\t\t\t\t\t<div class=\"e-con-inner\">\n\t\t<div data-particle_enable=\"false\" data-particle-mobile-disabled=\"false\" class=\"elementor-element elementor-element-6986f47 e-con-full e-flex e-con e-child\" data-id=\"6986f47\" data-element_type=\"container\" data-e-type=\"container\">\n\t\t\t\t<div class=\"elementor-element elementor-element-68684dd elementor-widget elementor-widget-text-editor\" data-id=\"68684dd\" data-element_type=\"widget\" data-e-type=\"widget\" data-widget_type=\"text-editor.default\">\n\t\t\t\t<div class=\"elementor-widget-container\">\n\t\t\t\t\t\t\t\t\t<p>All information here: <a href=\"https:\/\/signumopenspace.com\/termine.html\"><strong><em>https:\/\/signumopenspace.com\/termine.html<\/em><\/strong><\/a><\/p>\t\t\t\t\t\t\t\t<\/div>\n\t\t\t\t<\/div>\n\t\t\t\t<\/div>\n\t\t<div data-particle_enable=\"false\" data-particle-mobile-disabled=\"false\" class=\"elementor-element elementor-element-451b49f e-con-full e-flex e-con e-child\" data-id=\"451b49f\" data-element_type=\"container\" data-e-type=\"container\">\n\t\t\t\t<div class=\"elementor-element elementor-element-52e3b67 elementor-widget elementor-widget-image\" data-id=\"52e3b67\" data-element_type=\"widget\" data-e-type=\"widget\" data-widget_type=\"image.default\">\n\t\t\t\t<div class=\"elementor-widget-container\">\n\t\t\t\t\t\t\t\t\t\t\t\t\t\t\t<img decoding=\"async\" width=\"1\" height=\"1\" src=\"https:\/\/www.bremer-buendnis.de\/wp-content\/uploads\/2025\/07\/Signum-Open-Space_Logo_RGB.svg\" class=\"attachment-twentyseventeen-featured-image size-twentyseventeen-featured-image wp-image-6673\" alt=\"\" sizes=\"(max-width: 767px) 89vw, (max-width: 1000px) 54vw, (max-width: 1071px) 543px, 580px\" \/>\t\t\t\t\t\t\t\t\t\t\t\t\t\t\t<\/div>\n\t\t\t\t<\/div>\n\t\t\t\t<\/div>\n\t\t\t\t\t<\/div>\n\t\t\t\t<\/div>\n\t\t\t\t<\/div>\n\t\t","protected":false},"excerpt":{"rendered":"<p>Tip: 07. &#8211; 09.10, &#8220;Meeting Leo\u0161 Jan\u00e1\u010dek and V\u00ed\u011bzslava Kapr\u00e1lov\u00e1&#8221; The association SIGNUM open space e.V. invites: &#8220;Meeting Leo\u0161 Jan\u00e1\u010dek and V\u00ed\u011bzslava Kapr\u00e1lov\u00e1&#8221;: SYMPOSIUM on the life and work of the Czech composers of the early 20th century &#8211; workshops, lectures, rehearsals, discussion concert. We are delighted to welcome our distinguished guests Derek Katz (USA) &hellip; <\/p>\n<p class=\"link-more\"><a href=\"https:\/\/www.bremer-buendnis.de\/en\/2025\/07\/30\/tip-07-09-10-meeting-leos-janacek-and-viezslava-kapralova\/\" class=\"more-link\">Continue reading<span class=\"screen-reader-text\"> &#8220;Tip: 07. &#8211; 09.10, &#8220;Meeting Leo\u0161 Jan\u00e1\u010dek and V\u00ed\u011bzslava Kapr\u00e1lov\u00e1&#8221;&#8221;<\/span><\/a><\/p>\n","protected":false},"author":9,"featured_media":6673,"comment_status":"closed","ping_status":"open","sticky":false,"template":"elementor_header_footer","format":"standard","meta":{"footnotes":"","_links_to":"","_links_to_target":""},"categories":[45,40],"tags":[],"class_list":["post-6685","post","type-post","status-publish","format-standard","has-post-thumbnail","hentry","category-events","category-news-en"],"yoast_head":"<!-- This site is optimized with the Yoast SEO plugin v27.2 - https:\/\/yoast.com\/product\/yoast-seo-wordpress\/ -->\n<title>Tip: 07. - 09.10, &quot;Meeting Leo\u0161 Jan\u00e1\u010dek and V\u00ed\u011bzslava Kapr\u00e1lov\u00e1&quot; - Bremer B\u00fcndnis f\u00fcr deutsch-tschechische Zusammenarbeit<\/title>\n<meta name=\"robots\" content=\"index, follow, max-snippet:-1, max-image-preview:large, max-video-preview:-1\" \/>\n<link rel=\"canonical\" href=\"https:\/\/www.bremer-buendnis.de\/en\/2025\/07\/30\/tip-07-09-10-meeting-leos-janacek-and-viezslava-kapralova\/\" \/>\n<meta property=\"og:locale\" content=\"en_US\" \/>\n<meta property=\"og:type\" content=\"article\" \/>\n<meta property=\"og:title\" content=\"Tip: 07. - 09.10, &quot;Meeting Leo\u0161 Jan\u00e1\u010dek and V\u00ed\u011bzslava Kapr\u00e1lov\u00e1&quot; - Bremer B\u00fcndnis f\u00fcr deutsch-tschechische Zusammenarbeit\" \/>\n<meta property=\"og:description\" content=\"Tip: 07. &#8211; 09.10, &#8220;Meeting Leo\u0161 Jan\u00e1\u010dek and V\u00ed\u011bzslava Kapr\u00e1lov\u00e1&#8221; The association SIGNUM open space e.V. invites: &#8220;Meeting Leo\u0161 Jan\u00e1\u010dek and V\u00ed\u011bzslava Kapr\u00e1lov\u00e1&#8221;: SYMPOSIUM on the life and work of the Czech composers of the early 20th century &#8211; workshops, lectures, rehearsals, discussion concert. We are delighted to welcome our distinguished guests Derek Katz (USA) &hellip; Continue reading &quot;Tip: 07. &#8211; 09.10, &#8220;Meeting Leo\u0161 Jan\u00e1\u010dek and V\u00ed\u011bzslava Kapr\u00e1lov\u00e1&#8221;&quot;\" \/>\n<meta property=\"og:url\" content=\"https:\/\/www.bremer-buendnis.de\/en\/2025\/07\/30\/tip-07-09-10-meeting-leos-janacek-and-viezslava-kapralova\/\" \/>\n<meta property=\"og:site_name\" content=\"Bremer B\u00fcndnis f\u00fcr deutsch-tschechische Zusammenarbeit\" \/>\n<meta property=\"article:published_time\" content=\"2025-07-30T14:14:09+00:00\" \/>\n<meta property=\"article:modified_time\" content=\"2025-08-01T11:30:09+00:00\" \/>\n<meta name=\"author\" content=\"Klaas\" \/>\n<meta name=\"twitter:card\" content=\"summary_large_image\" \/>\n<meta name=\"twitter:label1\" content=\"Written by\" \/>\n\t<meta name=\"twitter:data1\" content=\"Klaas\" \/>\n\t<meta name=\"twitter:label2\" content=\"Est. reading time\" \/>\n\t<meta name=\"twitter:data2\" content=\"1 minute\" \/>\n<script type=\"application\/ld+json\" class=\"yoast-schema-graph\">{\"@context\":\"https:\/\/schema.org\",\"@graph\":[{\"@type\":\"Article\",\"@id\":\"https:\/\/www.bremer-buendnis.de\/en\/2025\/07\/30\/tip-07-09-10-meeting-leos-janacek-and-viezslava-kapralova\/#article\",\"isPartOf\":{\"@id\":\"https:\/\/www.bremer-buendnis.de\/en\/2025\/07\/30\/tip-07-09-10-meeting-leos-janacek-and-viezslava-kapralova\/\"},\"author\":{\"name\":\"Klaas\",\"@id\":\"https:\/\/www.bremer-buendnis.de\/en\/#\/schema\/person\/3b90fd155032d5aebae7f2f8faf95c46\"},\"headline\":\"Tip: 07. &#8211; 09.10, &#8220;Meeting Leo\u0161 Jan\u00e1\u010dek and V\u00ed\u011bzslava Kapr\u00e1lov\u00e1&#8221;\",\"datePublished\":\"2025-07-30T14:14:09+00:00\",\"dateModified\":\"2025-08-01T11:30:09+00:00\",\"mainEntityOfPage\":{\"@id\":\"https:\/\/www.bremer-buendnis.de\/en\/2025\/07\/30\/tip-07-09-10-meeting-leos-janacek-and-viezslava-kapralova\/\"},\"wordCount\":135,\"publisher\":{\"@id\":\"https:\/\/www.bremer-buendnis.de\/en\/#organization\"},\"image\":{\"@id\":\"https:\/\/www.bremer-buendnis.de\/en\/2025\/07\/30\/tip-07-09-10-meeting-leos-janacek-and-viezslava-kapralova\/#primaryimage\"},\"thumbnailUrl\":\"https:\/\/www.bremer-buendnis.de\/wp-content\/uploads\/2025\/07\/Signum-Open-Space_Logo_RGB.svg\",\"articleSection\":[\"events\",\"News\"],\"inLanguage\":\"en-US\"},{\"@type\":\"WebPage\",\"@id\":\"https:\/\/www.bremer-buendnis.de\/en\/2025\/07\/30\/tip-07-09-10-meeting-leos-janacek-and-viezslava-kapralova\/\",\"url\":\"https:\/\/www.bremer-buendnis.de\/en\/2025\/07\/30\/tip-07-09-10-meeting-leos-janacek-and-viezslava-kapralova\/\",\"name\":\"Tip: 07. - 09.10, \\\"Meeting Leo\u0161 Jan\u00e1\u010dek and V\u00ed\u011bzslava Kapr\u00e1lov\u00e1\\\" - Bremer B\u00fcndnis f\u00fcr deutsch-tschechische Zusammenarbeit\",\"isPartOf\":{\"@id\":\"https:\/\/www.bremer-buendnis.de\/en\/#website\"},\"primaryImageOfPage\":{\"@id\":\"https:\/\/www.bremer-buendnis.de\/en\/2025\/07\/30\/tip-07-09-10-meeting-leos-janacek-and-viezslava-kapralova\/#primaryimage\"},\"image\":{\"@id\":\"https:\/\/www.bremer-buendnis.de\/en\/2025\/07\/30\/tip-07-09-10-meeting-leos-janacek-and-viezslava-kapralova\/#primaryimage\"},\"thumbnailUrl\":\"https:\/\/www.bremer-buendnis.de\/wp-content\/uploads\/2025\/07\/Signum-Open-Space_Logo_RGB.svg\",\"datePublished\":\"2025-07-30T14:14:09+00:00\",\"dateModified\":\"2025-08-01T11:30:09+00:00\",\"breadcrumb\":{\"@id\":\"https:\/\/www.bremer-buendnis.de\/en\/2025\/07\/30\/tip-07-09-10-meeting-leos-janacek-and-viezslava-kapralova\/#breadcrumb\"},\"inLanguage\":\"en-US\",\"potentialAction\":[{\"@type\":\"ReadAction\",\"target\":[\"https:\/\/www.bremer-buendnis.de\/en\/2025\/07\/30\/tip-07-09-10-meeting-leos-janacek-and-viezslava-kapralova\/\"]}]},{\"@type\":\"ImageObject\",\"inLanguage\":\"en-US\",\"@id\":\"https:\/\/www.bremer-buendnis.de\/en\/2025\/07\/30\/tip-07-09-10-meeting-leos-janacek-and-viezslava-kapralova\/#primaryimage\",\"url\":\"https:\/\/www.bremer-buendnis.de\/wp-content\/uploads\/2025\/07\/Signum-Open-Space_Logo_RGB.svg\",\"contentUrl\":\"https:\/\/www.bremer-buendnis.de\/wp-content\/uploads\/2025\/07\/Signum-Open-Space_Logo_RGB.svg\"},{\"@type\":\"BreadcrumbList\",\"@id\":\"https:\/\/www.bremer-buendnis.de\/en\/2025\/07\/30\/tip-07-09-10-meeting-leos-janacek-and-viezslava-kapralova\/#breadcrumb\",\"itemListElement\":[{\"@type\":\"ListItem\",\"position\":1,\"name\":\"Startseite\",\"item\":\"https:\/\/www.bremer-buendnis.de\/en\/home-page\/\"},{\"@type\":\"ListItem\",\"position\":2,\"name\":\"Tip: 07. &#8211; 09.10, &#8220;Meeting Leo\u0161 Jan\u00e1\u010dek and V\u00ed\u011bzslava Kapr\u00e1lov\u00e1&#8221;\"}]},{\"@type\":\"WebSite\",\"@id\":\"https:\/\/www.bremer-buendnis.de\/en\/#website\",\"url\":\"https:\/\/www.bremer-buendnis.de\/en\/\",\"name\":\"Bremer B\u00fcndnis f\u00fcr deutsch-tschechische Zusammenarbeit\",\"description\":\"Das Bremer B\u00fcndnis f\u00fcr deutsch-tschechische Zusammenarbeit e.V. b\u00fcndelt Ideen und Aktivit\u00e4ten mit dem Ziel, die deutsch-tschechische Zusammenarbeit zu f\u00f6rdern und deren Akteure zu vernetzen.\",\"publisher\":{\"@id\":\"https:\/\/www.bremer-buendnis.de\/en\/#organization\"},\"potentialAction\":[{\"@type\":\"SearchAction\",\"target\":{\"@type\":\"EntryPoint\",\"urlTemplate\":\"https:\/\/www.bremer-buendnis.de\/en\/?s={search_term_string}\"},\"query-input\":{\"@type\":\"PropertyValueSpecification\",\"valueRequired\":true,\"valueName\":\"search_term_string\"}}],\"inLanguage\":\"en-US\"},{\"@type\":\"Organization\",\"@id\":\"https:\/\/www.bremer-buendnis.de\/en\/#organization\",\"name\":\"Bremer B\u00fcndnis f\u00fcr deutsch-tschechische Zusammenarbeit\",\"url\":\"https:\/\/www.bremer-buendnis.de\/en\/\",\"logo\":{\"@type\":\"ImageObject\",\"inLanguage\":\"en-US\",\"@id\":\"https:\/\/www.bremer-buendnis.de\/en\/#\/schema\/logo\/image\/\",\"url\":\"https:\/\/www.bremer-buendnis.de\/wp-content\/uploads\/2019\/12\/cropped-BB_Logo-long_white-1.png\",\"contentUrl\":\"https:\/\/www.bremer-buendnis.de\/wp-content\/uploads\/2019\/12\/cropped-BB_Logo-long_white-1.png\",\"width\":691,\"height\":250,\"caption\":\"Bremer B\u00fcndnis f\u00fcr deutsch-tschechische Zusammenarbeit\"},\"image\":{\"@id\":\"https:\/\/www.bremer-buendnis.de\/en\/#\/schema\/logo\/image\/\"}},{\"@type\":\"Person\",\"@id\":\"https:\/\/www.bremer-buendnis.de\/en\/#\/schema\/person\/3b90fd155032d5aebae7f2f8faf95c46\",\"name\":\"Klaas\",\"image\":{\"@type\":\"ImageObject\",\"inLanguage\":\"en-US\",\"@id\":\"https:\/\/secure.gravatar.com\/avatar\/1010a8668ddc7fdffc62ef2ecb5764dea117aa05693e201d800ccf9ca334d08d?s=96&d=mm&r=g\",\"url\":\"https:\/\/secure.gravatar.com\/avatar\/1010a8668ddc7fdffc62ef2ecb5764dea117aa05693e201d800ccf9ca334d08d?s=96&d=mm&r=g\",\"contentUrl\":\"https:\/\/secure.gravatar.com\/avatar\/1010a8668ddc7fdffc62ef2ecb5764dea117aa05693e201d800ccf9ca334d08d?s=96&d=mm&r=g\",\"caption\":\"Klaas\"},\"url\":\"https:\/\/www.bremer-buendnis.de\/en\/author\/klaas_bb\/\"}]}<\/script>\n<!-- \/ Yoast SEO plugin. -->","yoast_head_json":{"title":"Tip: 07. - 09.10, \"Meeting Leo\u0161 Jan\u00e1\u010dek and V\u00ed\u011bzslava Kapr\u00e1lov\u00e1\" - Bremer B\u00fcndnis f\u00fcr deutsch-tschechische Zusammenarbeit","robots":{"index":"index","follow":"follow","max-snippet":"max-snippet:-1","max-image-preview":"max-image-preview:large","max-video-preview":"max-video-preview:-1"},"canonical":"https:\/\/www.bremer-buendnis.de\/en\/2025\/07\/30\/tip-07-09-10-meeting-leos-janacek-and-viezslava-kapralova\/","og_locale":"en_US","og_type":"article","og_title":"Tip: 07. - 09.10, \"Meeting Leo\u0161 Jan\u00e1\u010dek and V\u00ed\u011bzslava Kapr\u00e1lov\u00e1\" - Bremer B\u00fcndnis f\u00fcr deutsch-tschechische Zusammenarbeit","og_description":"Tip: 07. &#8211; 09.10, &#8220;Meeting Leo\u0161 Jan\u00e1\u010dek and V\u00ed\u011bzslava Kapr\u00e1lov\u00e1&#8221; The association SIGNUM open space e.V. invites: &#8220;Meeting Leo\u0161 Jan\u00e1\u010dek and V\u00ed\u011bzslava Kapr\u00e1lov\u00e1&#8221;: SYMPOSIUM on the life and work of the Czech composers of the early 20th century &#8211; workshops, lectures, rehearsals, discussion concert. We are delighted to welcome our distinguished guests Derek Katz (USA) &hellip; Continue reading \"Tip: 07. &#8211; 09.10, &#8220;Meeting Leo\u0161 Jan\u00e1\u010dek and V\u00ed\u011bzslava Kapr\u00e1lov\u00e1&#8221;\"","og_url":"https:\/\/www.bremer-buendnis.de\/en\/2025\/07\/30\/tip-07-09-10-meeting-leos-janacek-and-viezslava-kapralova\/","og_site_name":"Bremer B\u00fcndnis f\u00fcr deutsch-tschechische Zusammenarbeit","article_published_time":"2025-07-30T14:14:09+00:00","article_modified_time":"2025-08-01T11:30:09+00:00","author":"Klaas","twitter_card":"summary_large_image","twitter_misc":{"Written by":"Klaas","Est. reading time":"1 minute"},"schema":{"@context":"https:\/\/schema.org","@graph":[{"@type":"Article","@id":"https:\/\/www.bremer-buendnis.de\/en\/2025\/07\/30\/tip-07-09-10-meeting-leos-janacek-and-viezslava-kapralova\/#article","isPartOf":{"@id":"https:\/\/www.bremer-buendnis.de\/en\/2025\/07\/30\/tip-07-09-10-meeting-leos-janacek-and-viezslava-kapralova\/"},"author":{"name":"Klaas","@id":"https:\/\/www.bremer-buendnis.de\/en\/#\/schema\/person\/3b90fd155032d5aebae7f2f8faf95c46"},"headline":"Tip: 07. &#8211; 09.10, &#8220;Meeting Leo\u0161 Jan\u00e1\u010dek and V\u00ed\u011bzslava Kapr\u00e1lov\u00e1&#8221;","datePublished":"2025-07-30T14:14:09+00:00","dateModified":"2025-08-01T11:30:09+00:00","mainEntityOfPage":{"@id":"https:\/\/www.bremer-buendnis.de\/en\/2025\/07\/30\/tip-07-09-10-meeting-leos-janacek-and-viezslava-kapralova\/"},"wordCount":135,"publisher":{"@id":"https:\/\/www.bremer-buendnis.de\/en\/#organization"},"image":{"@id":"https:\/\/www.bremer-buendnis.de\/en\/2025\/07\/30\/tip-07-09-10-meeting-leos-janacek-and-viezslava-kapralova\/#primaryimage"},"thumbnailUrl":"https:\/\/www.bremer-buendnis.de\/wp-content\/uploads\/2025\/07\/Signum-Open-Space_Logo_RGB.svg","articleSection":["events","News"],"inLanguage":"en-US"},{"@type":"WebPage","@id":"https:\/\/www.bremer-buendnis.de\/en\/2025\/07\/30\/tip-07-09-10-meeting-leos-janacek-and-viezslava-kapralova\/","url":"https:\/\/www.bremer-buendnis.de\/en\/2025\/07\/30\/tip-07-09-10-meeting-leos-janacek-and-viezslava-kapralova\/","name":"Tip: 07. - 09.10, \"Meeting Leo\u0161 Jan\u00e1\u010dek and V\u00ed\u011bzslava Kapr\u00e1lov\u00e1\" - Bremer B\u00fcndnis f\u00fcr deutsch-tschechische Zusammenarbeit","isPartOf":{"@id":"https:\/\/www.bremer-buendnis.de\/en\/#website"},"primaryImageOfPage":{"@id":"https:\/\/www.bremer-buendnis.de\/en\/2025\/07\/30\/tip-07-09-10-meeting-leos-janacek-and-viezslava-kapralova\/#primaryimage"},"image":{"@id":"https:\/\/www.bremer-buendnis.de\/en\/2025\/07\/30\/tip-07-09-10-meeting-leos-janacek-and-viezslava-kapralova\/#primaryimage"},"thumbnailUrl":"https:\/\/www.bremer-buendnis.de\/wp-content\/uploads\/2025\/07\/Signum-Open-Space_Logo_RGB.svg","datePublished":"2025-07-30T14:14:09+00:00","dateModified":"2025-08-01T11:30:09+00:00","breadcrumb":{"@id":"https:\/\/www.bremer-buendnis.de\/en\/2025\/07\/30\/tip-07-09-10-meeting-leos-janacek-and-viezslava-kapralova\/#breadcrumb"},"inLanguage":"en-US","potentialAction":[{"@type":"ReadAction","target":["https:\/\/www.bremer-buendnis.de\/en\/2025\/07\/30\/tip-07-09-10-meeting-leos-janacek-and-viezslava-kapralova\/"]}]},{"@type":"ImageObject","inLanguage":"en-US","@id":"https:\/\/www.bremer-buendnis.de\/en\/2025\/07\/30\/tip-07-09-10-meeting-leos-janacek-and-viezslava-kapralova\/#primaryimage","url":"https:\/\/www.bremer-buendnis.de\/wp-content\/uploads\/2025\/07\/Signum-Open-Space_Logo_RGB.svg","contentUrl":"https:\/\/www.bremer-buendnis.de\/wp-content\/uploads\/2025\/07\/Signum-Open-Space_Logo_RGB.svg"},{"@type":"BreadcrumbList","@id":"https:\/\/www.bremer-buendnis.de\/en\/2025\/07\/30\/tip-07-09-10-meeting-leos-janacek-and-viezslava-kapralova\/#breadcrumb","itemListElement":[{"@type":"ListItem","position":1,"name":"Startseite","item":"https:\/\/www.bremer-buendnis.de\/en\/home-page\/"},{"@type":"ListItem","position":2,"name":"Tip: 07. &#8211; 09.10, &#8220;Meeting Leo\u0161 Jan\u00e1\u010dek and V\u00ed\u011bzslava Kapr\u00e1lov\u00e1&#8221;"}]},{"@type":"WebSite","@id":"https:\/\/www.bremer-buendnis.de\/en\/#website","url":"https:\/\/www.bremer-buendnis.de\/en\/","name":"Bremer B\u00fcndnis f\u00fcr deutsch-tschechische Zusammenarbeit","description":"Das Bremer B\u00fcndnis f\u00fcr deutsch-tschechische Zusammenarbeit e.V. b\u00fcndelt Ideen und Aktivit\u00e4ten mit dem Ziel, die deutsch-tschechische Zusammenarbeit zu f\u00f6rdern und deren Akteure zu vernetzen.","publisher":{"@id":"https:\/\/www.bremer-buendnis.de\/en\/#organization"},"potentialAction":[{"@type":"SearchAction","target":{"@type":"EntryPoint","urlTemplate":"https:\/\/www.bremer-buendnis.de\/en\/?s={search_term_string}"},"query-input":{"@type":"PropertyValueSpecification","valueRequired":true,"valueName":"search_term_string"}}],"inLanguage":"en-US"},{"@type":"Organization","@id":"https:\/\/www.bremer-buendnis.de\/en\/#organization","name":"Bremer B\u00fcndnis f\u00fcr deutsch-tschechische Zusammenarbeit","url":"https:\/\/www.bremer-buendnis.de\/en\/","logo":{"@type":"ImageObject","inLanguage":"en-US","@id":"https:\/\/www.bremer-buendnis.de\/en\/#\/schema\/logo\/image\/","url":"https:\/\/www.bremer-buendnis.de\/wp-content\/uploads\/2019\/12\/cropped-BB_Logo-long_white-1.png","contentUrl":"https:\/\/www.bremer-buendnis.de\/wp-content\/uploads\/2019\/12\/cropped-BB_Logo-long_white-1.png","width":691,"height":250,"caption":"Bremer B\u00fcndnis f\u00fcr deutsch-tschechische Zusammenarbeit"},"image":{"@id":"https:\/\/www.bremer-buendnis.de\/en\/#\/schema\/logo\/image\/"}},{"@type":"Person","@id":"https:\/\/www.bremer-buendnis.de\/en\/#\/schema\/person\/3b90fd155032d5aebae7f2f8faf95c46","name":"Klaas","image":{"@type":"ImageObject","inLanguage":"en-US","@id":"https:\/\/secure.gravatar.com\/avatar\/1010a8668ddc7fdffc62ef2ecb5764dea117aa05693e201d800ccf9ca334d08d?s=96&d=mm&r=g","url":"https:\/\/secure.gravatar.com\/avatar\/1010a8668ddc7fdffc62ef2ecb5764dea117aa05693e201d800ccf9ca334d08d?s=96&d=mm&r=g","contentUrl":"https:\/\/secure.gravatar.com\/avatar\/1010a8668ddc7fdffc62ef2ecb5764dea117aa05693e201d800ccf9ca334d08d?s=96&d=mm&r=g","caption":"Klaas"},"url":"https:\/\/www.bremer-buendnis.de\/en\/author\/klaas_bb\/"}]}},"_links":{"self":[{"href":"https:\/\/www.bremer-buendnis.de\/en\/wp-json\/wp\/v2\/posts\/6685","targetHints":{"allow":["GET"]}}],"collection":[{"href":"https:\/\/www.bremer-buendnis.de\/en\/wp-json\/wp\/v2\/posts"}],"about":[{"href":"https:\/\/www.bremer-buendnis.de\/en\/wp-json\/wp\/v2\/types\/post"}],"author":[{"embeddable":true,"href":"https:\/\/www.bremer-buendnis.de\/en\/wp-json\/wp\/v2\/users\/9"}],"replies":[{"embeddable":true,"href":"https:\/\/www.bremer-buendnis.de\/en\/wp-json\/wp\/v2\/comments?post=6685"}],"version-history":[{"count":1,"href":"https:\/\/www.bremer-buendnis.de\/en\/wp-json\/wp\/v2\/posts\/6685\/revisions"}],"predecessor-version":[{"id":6686,"href":"https:\/\/www.bremer-buendnis.de\/en\/wp-json\/wp\/v2\/posts\/6685\/revisions\/6686"}],"wp:featuredmedia":[{"embeddable":true,"href":"https:\/\/www.bremer-buendnis.de\/en\/wp-json\/wp\/v2\/media\/6673"}],"wp:attachment":[{"href":"https:\/\/www.bremer-buendnis.de\/en\/wp-json\/wp\/v2\/media?parent=6685"}],"wp:term":[{"taxonomy":"category","embeddable":true,"href":"https:\/\/www.bremer-buendnis.de\/en\/wp-json\/wp\/v2\/categories?post=6685"},{"taxonomy":"post_tag","embeddable":true,"href":"https:\/\/www.bremer-buendnis.de\/en\/wp-json\/wp\/v2\/tags?post=6685"}],"curies":[{"name":"wp","href":"https:\/\/api.w.org\/{rel}","templated":true}]}}