{"id":6848,"date":"2025-08-20T13:01:20","date_gmt":"2025-08-20T11:01:20","guid":{"rendered":"https:\/\/www.bremer-buendnis.de\/2025\/08\/20\/denik-n-podcast-recorded-in-bremen-at-the-festival-so-macht-man-fruehling-2025\/"},"modified":"2025-08-20T13:03:03","modified_gmt":"2025-08-20T11:03:03","slug":"denik-n-podcast-recorded-in-bremen-at-the-festival-so-macht-man-fruehling-2025","status":"publish","type":"post","link":"https:\/\/www.bremer-buendnis.de\/en\/2025\/08\/20\/denik-n-podcast-recorded-in-bremen-at-the-festival-so-macht-man-fruehling-2025\/","title":{"rendered":"Den\u00edk N podcast, recorded in Bremen at the festival &#8220;So macht man Fr\u00fchling&#8221; (2025)"},"content":{"rendered":"\t\t<div data-elementor-type=\"wp-post\" data-elementor-id=\"6848\" class=\"elementor elementor-6848 elementor-6835\" data-elementor-post-type=\"post\">\n\t\t\t\t<div data-particle_enable=\"false\" data-particle-mobile-disabled=\"false\" class=\"elementor-element elementor-element-6bbf37f e-flex e-con-boxed e-con e-parent\" data-id=\"6bbf37f\" data-element_type=\"container\" data-e-type=\"container\">\n\t\t\t\t\t<div class=\"e-con-inner\">\n\t\t\t\t<div class=\"elementor-element elementor-element-e74927f elementor-widget elementor-widget-heading\" data-id=\"e74927f\" data-element_type=\"widget\" data-e-type=\"widget\" data-widget_type=\"heading.default\">\n\t\t\t\t<div class=\"elementor-widget-container\">\n\t\t\t\t\t<h1 class=\"elementor-heading-title elementor-size-default\">Den\u00edk N podcast, recorded in Bremen at the festival \"So macht man Fr\u00fchling\" (2025)<\/h1>\t\t\t\t<\/div>\n\t\t\t\t<\/div>\n\t\t\t\t\t<\/div>\n\t\t\t\t<\/div>\n\t\t<div data-particle_enable=\"false\" data-particle-mobile-disabled=\"false\" class=\"elementor-element elementor-element-91395fa e-grid e-con-boxed e-con e-parent\" data-id=\"91395fa\" data-element_type=\"container\" data-e-type=\"container\" data-settings=\"{&quot;background_background&quot;:&quot;classic&quot;}\">\n\t\t\t\t\t<div class=\"e-con-inner\">\n\t\t\t\t<div class=\"elementor-element elementor-element-48b2b99 elementor-widget elementor-widget-text-editor\" data-id=\"48b2b99\" data-element_type=\"widget\" data-e-type=\"widget\" data-widget_type=\"text-editor.default\">\n\t\t\t\t<div class=\"elementor-widget-container\">\n\t\t\t\t\t\t\t\t\t<p>Why has Europe&#8217;s former economic engine become the &#8220;sick man of the continent&#8221;? In the Studio N special filmed in Bremen in northern Germany, Filip Titlbach talks to V\u00e1clav Jab\u016frek about his time as a foreign correspondent for Czech Radio.<br>The podcast was created at the festival &#8220;So macht man Fr\u00fchling&#8221; 2025.<\/p>\t\t\t\t\t\t\t\t<\/div>\n\t\t\t\t<\/div>\n\t\t\t\t<div class=\"elementor-element elementor-element-23ae0a1 elementor-widget elementor-widget-video\" data-id=\"23ae0a1\" data-element_type=\"widget\" data-e-type=\"widget\" data-settings=\"{&quot;youtube_url&quot;:&quot;https:\\\/\\\/www.youtube.com\\\/watch?v=6QKaN3e2g_Y&quot;,&quot;video_type&quot;:&quot;youtube&quot;,&quot;controls&quot;:&quot;yes&quot;}\" data-widget_type=\"video.default\">\n\t\t\t\t<div class=\"elementor-widget-container\">\n\t\t\t\t\t\t\t<div class=\"elementor-wrapper elementor-open-inline\">\n\t\t\t<div class=\"elementor-video\"><\/div>\t\t<\/div>\n\t\t\t\t\t\t<\/div>\n\t\t\t\t<\/div>\n\t\t\t\t\t<\/div>\n\t\t\t\t<\/div>\n\t\t\t\t<\/div>\n\t\t","protected":false},"excerpt":{"rendered":"<p>Den\u00edk N podcast, recorded in Bremen at the festival &#8220;So macht man Fr\u00fchling&#8221; (2025) Why has Europe&#8217;s former economic engine become the &#8220;sick man of the continent&#8221;? In the Studio N special filmed in Bremen in northern Germany, Filip Titlbach talks to V\u00e1clav Jab\u016frek about his time as a foreign correspondent for Czech Radio.The podcast &hellip; <\/p>\n<p class=\"link-more\"><a href=\"https:\/\/www.bremer-buendnis.de\/en\/2025\/08\/20\/denik-n-podcast-recorded-in-bremen-at-the-festival-so-macht-man-fruehling-2025\/\" class=\"more-link\">Continue reading<span class=\"screen-reader-text\"> &#8220;Den\u00edk N podcast, recorded in Bremen at the festival &#8220;So macht man Fr\u00fchling&#8221; (2025)&#8221;<\/span><\/a><\/p>\n","protected":false},"author":9,"featured_media":0,"comment_status":"closed","ping_status":"open","sticky":false,"template":"elementor_header_footer","format":"standard","meta":{"footnotes":"","_links_to":"","_links_to_target":""},"categories":[40],"tags":[],"class_list":["post-6848","post","type-post","status-publish","format-standard","hentry","category-news-en"],"yoast_head":"<!-- This site is optimized with the Yoast SEO plugin v27.2 - https:\/\/yoast.com\/product\/yoast-seo-wordpress\/ -->\n<title>Den\u00edk N podcast, recorded in Bremen at the festival &quot;So macht man Fr\u00fchling&quot; (2025) - Bremer B\u00fcndnis f\u00fcr deutsch-tschechische Zusammenarbeit<\/title>\n<meta name=\"robots\" content=\"index, follow, max-snippet:-1, max-image-preview:large, max-video-preview:-1\" \/>\n<link rel=\"canonical\" href=\"https:\/\/www.bremer-buendnis.de\/en\/2025\/08\/20\/denik-n-podcast-recorded-in-bremen-at-the-festival-so-macht-man-fruehling-2025\/\" \/>\n<meta property=\"og:locale\" content=\"en_US\" \/>\n<meta property=\"og:type\" content=\"article\" \/>\n<meta property=\"og:title\" content=\"Den\u00edk N podcast, recorded in Bremen at the festival &quot;So macht man Fr\u00fchling&quot; (2025) - Bremer B\u00fcndnis f\u00fcr deutsch-tschechische Zusammenarbeit\" \/>\n<meta property=\"og:description\" content=\"Den\u00edk N podcast, recorded in Bremen at the festival &#8220;So macht man Fr\u00fchling&#8221; (2025) Why has Europe&#8217;s former economic engine become the &#8220;sick man of the continent&#8221;? In the Studio N special filmed in Bremen in northern Germany, Filip Titlbach talks to V\u00e1clav Jab\u016frek about his time as a foreign correspondent for Czech Radio.The podcast &hellip; Continue reading &quot;Den\u00edk N podcast, recorded in Bremen at the festival &#8220;So macht man Fr\u00fchling&#8221; (2025)&quot;\" \/>\n<meta property=\"og:url\" content=\"https:\/\/www.bremer-buendnis.de\/en\/2025\/08\/20\/denik-n-podcast-recorded-in-bremen-at-the-festival-so-macht-man-fruehling-2025\/\" \/>\n<meta property=\"og:site_name\" content=\"Bremer B\u00fcndnis f\u00fcr deutsch-tschechische Zusammenarbeit\" \/>\n<meta property=\"article:published_time\" content=\"2025-08-20T11:01:20+00:00\" \/>\n<meta property=\"article:modified_time\" content=\"2025-08-20T11:03:03+00:00\" \/>\n<meta property=\"og:image\" content=\"https:\/\/www.bremer-buendnis.de\/wp-content\/uploads\/2025\/08\/6QKaN3e2g_Y-HD.jpg\" \/>\n\t<meta property=\"og:image:width\" content=\"1280\" \/>\n\t<meta property=\"og:image:height\" content=\"720\" \/>\n\t<meta property=\"og:image:type\" content=\"image\/jpeg\" \/>\n<meta name=\"author\" content=\"Klaas\" \/>\n<meta name=\"twitter:card\" content=\"summary_large_image\" \/>\n<meta name=\"twitter:label1\" content=\"Written by\" \/>\n\t<meta name=\"twitter:data1\" content=\"Klaas\" \/>\n<script type=\"application\/ld+json\" class=\"yoast-schema-graph\">{\"@context\":\"https:\/\/schema.org\",\"@graph\":[{\"@type\":\"Article\",\"@id\":\"https:\/\/www.bremer-buendnis.de\/en\/2025\/08\/20\/denik-n-podcast-recorded-in-bremen-at-the-festival-so-macht-man-fruehling-2025\/#article\",\"isPartOf\":{\"@id\":\"https:\/\/www.bremer-buendnis.de\/en\/2025\/08\/20\/denik-n-podcast-recorded-in-bremen-at-the-festival-so-macht-man-fruehling-2025\/\"},\"author\":{\"name\":\"Klaas\",\"@id\":\"https:\/\/www.bremer-buendnis.de\/en\/#\/schema\/person\/3b90fd155032d5aebae7f2f8faf95c46\"},\"headline\":\"Den\u00edk N podcast, recorded in Bremen at the festival &#8220;So macht man Fr\u00fchling&#8221; (2025)\",\"datePublished\":\"2025-08-20T11:01:20+00:00\",\"dateModified\":\"2025-08-20T11:03:03+00:00\",\"mainEntityOfPage\":{\"@id\":\"https:\/\/www.bremer-buendnis.de\/en\/2025\/08\/20\/denik-n-podcast-recorded-in-bremen-at-the-festival-so-macht-man-fruehling-2025\/\"},\"wordCount\":95,\"publisher\":{\"@id\":\"https:\/\/www.bremer-buendnis.de\/en\/#organization\"},\"articleSection\":[\"News\"],\"inLanguage\":\"en-US\"},{\"@type\":\"WebPage\",\"@id\":\"https:\/\/www.bremer-buendnis.de\/en\/2025\/08\/20\/denik-n-podcast-recorded-in-bremen-at-the-festival-so-macht-man-fruehling-2025\/\",\"url\":\"https:\/\/www.bremer-buendnis.de\/en\/2025\/08\/20\/denik-n-podcast-recorded-in-bremen-at-the-festival-so-macht-man-fruehling-2025\/\",\"name\":\"Den\u00edk N podcast, recorded in Bremen at the festival \\\"So macht man Fr\u00fchling\\\" (2025) - Bremer B\u00fcndnis f\u00fcr deutsch-tschechische Zusammenarbeit\",\"isPartOf\":{\"@id\":\"https:\/\/www.bremer-buendnis.de\/en\/#website\"},\"datePublished\":\"2025-08-20T11:01:20+00:00\",\"dateModified\":\"2025-08-20T11:03:03+00:00\",\"breadcrumb\":{\"@id\":\"https:\/\/www.bremer-buendnis.de\/en\/2025\/08\/20\/denik-n-podcast-recorded-in-bremen-at-the-festival-so-macht-man-fruehling-2025\/#breadcrumb\"},\"inLanguage\":\"en-US\",\"potentialAction\":[{\"@type\":\"ReadAction\",\"target\":[\"https:\/\/www.bremer-buendnis.de\/en\/2025\/08\/20\/denik-n-podcast-recorded-in-bremen-at-the-festival-so-macht-man-fruehling-2025\/\"]}]},{\"@type\":\"BreadcrumbList\",\"@id\":\"https:\/\/www.bremer-buendnis.de\/en\/2025\/08\/20\/denik-n-podcast-recorded-in-bremen-at-the-festival-so-macht-man-fruehling-2025\/#breadcrumb\",\"itemListElement\":[{\"@type\":\"ListItem\",\"position\":1,\"name\":\"Startseite\",\"item\":\"https:\/\/www.bremer-buendnis.de\/en\/home-page\/\"},{\"@type\":\"ListItem\",\"position\":2,\"name\":\"Den\u00edk N podcast, recorded in Bremen at the festival &#8220;So macht man Fr\u00fchling&#8221; (2025)\"}]},{\"@type\":\"WebSite\",\"@id\":\"https:\/\/www.bremer-buendnis.de\/en\/#website\",\"url\":\"https:\/\/www.bremer-buendnis.de\/en\/\",\"name\":\"Bremer B\u00fcndnis f\u00fcr deutsch-tschechische Zusammenarbeit\",\"description\":\"Das Bremer B\u00fcndnis f\u00fcr deutsch-tschechische Zusammenarbeit e.V. b\u00fcndelt Ideen und Aktivit\u00e4ten mit dem Ziel, die deutsch-tschechische Zusammenarbeit zu f\u00f6rdern und deren Akteure zu vernetzen.\",\"publisher\":{\"@id\":\"https:\/\/www.bremer-buendnis.de\/en\/#organization\"},\"potentialAction\":[{\"@type\":\"SearchAction\",\"target\":{\"@type\":\"EntryPoint\",\"urlTemplate\":\"https:\/\/www.bremer-buendnis.de\/en\/?s={search_term_string}\"},\"query-input\":{\"@type\":\"PropertyValueSpecification\",\"valueRequired\":true,\"valueName\":\"search_term_string\"}}],\"inLanguage\":\"en-US\"},{\"@type\":\"Organization\",\"@id\":\"https:\/\/www.bremer-buendnis.de\/en\/#organization\",\"name\":\"Bremer B\u00fcndnis f\u00fcr deutsch-tschechische Zusammenarbeit\",\"url\":\"https:\/\/www.bremer-buendnis.de\/en\/\",\"logo\":{\"@type\":\"ImageObject\",\"inLanguage\":\"en-US\",\"@id\":\"https:\/\/www.bremer-buendnis.de\/en\/#\/schema\/logo\/image\/\",\"url\":\"https:\/\/www.bremer-buendnis.de\/wp-content\/uploads\/2019\/12\/cropped-BB_Logo-long_white-1.png\",\"contentUrl\":\"https:\/\/www.bremer-buendnis.de\/wp-content\/uploads\/2019\/12\/cropped-BB_Logo-long_white-1.png\",\"width\":691,\"height\":250,\"caption\":\"Bremer B\u00fcndnis f\u00fcr deutsch-tschechische Zusammenarbeit\"},\"image\":{\"@id\":\"https:\/\/www.bremer-buendnis.de\/en\/#\/schema\/logo\/image\/\"}},{\"@type\":\"Person\",\"@id\":\"https:\/\/www.bremer-buendnis.de\/en\/#\/schema\/person\/3b90fd155032d5aebae7f2f8faf95c46\",\"name\":\"Klaas\",\"image\":{\"@type\":\"ImageObject\",\"inLanguage\":\"en-US\",\"@id\":\"https:\/\/secure.gravatar.com\/avatar\/1010a8668ddc7fdffc62ef2ecb5764dea117aa05693e201d800ccf9ca334d08d?s=96&d=mm&r=g\",\"url\":\"https:\/\/secure.gravatar.com\/avatar\/1010a8668ddc7fdffc62ef2ecb5764dea117aa05693e201d800ccf9ca334d08d?s=96&d=mm&r=g\",\"contentUrl\":\"https:\/\/secure.gravatar.com\/avatar\/1010a8668ddc7fdffc62ef2ecb5764dea117aa05693e201d800ccf9ca334d08d?s=96&d=mm&r=g\",\"caption\":\"Klaas\"},\"url\":\"https:\/\/www.bremer-buendnis.de\/en\/author\/klaas_bb\/\"}]}<\/script>\n<!-- \/ Yoast SEO plugin. -->","yoast_head_json":{"title":"Den\u00edk N podcast, recorded in Bremen at the festival \"So macht man Fr\u00fchling\" (2025) - Bremer B\u00fcndnis f\u00fcr deutsch-tschechische Zusammenarbeit","robots":{"index":"index","follow":"follow","max-snippet":"max-snippet:-1","max-image-preview":"max-image-preview:large","max-video-preview":"max-video-preview:-1"},"canonical":"https:\/\/www.bremer-buendnis.de\/en\/2025\/08\/20\/denik-n-podcast-recorded-in-bremen-at-the-festival-so-macht-man-fruehling-2025\/","og_locale":"en_US","og_type":"article","og_title":"Den\u00edk N podcast, recorded in Bremen at the festival \"So macht man Fr\u00fchling\" (2025) - Bremer B\u00fcndnis f\u00fcr deutsch-tschechische Zusammenarbeit","og_description":"Den\u00edk N podcast, recorded in Bremen at the festival &#8220;So macht man Fr\u00fchling&#8221; (2025) Why has Europe&#8217;s former economic engine become the &#8220;sick man of the continent&#8221;? In the Studio N special filmed in Bremen in northern Germany, Filip Titlbach talks to V\u00e1clav Jab\u016frek about his time as a foreign correspondent for Czech Radio.The podcast &hellip; Continue reading \"Den\u00edk N podcast, recorded in Bremen at the festival &#8220;So macht man Fr\u00fchling&#8221; (2025)\"","og_url":"https:\/\/www.bremer-buendnis.de\/en\/2025\/08\/20\/denik-n-podcast-recorded-in-bremen-at-the-festival-so-macht-man-fruehling-2025\/","og_site_name":"Bremer B\u00fcndnis f\u00fcr deutsch-tschechische Zusammenarbeit","article_published_time":"2025-08-20T11:01:20+00:00","article_modified_time":"2025-08-20T11:03:03+00:00","og_image":[{"width":1280,"height":720,"url":"https:\/\/www.bremer-buendnis.de\/wp-content\/uploads\/2025\/08\/6QKaN3e2g_Y-HD.jpg","type":"image\/jpeg"}],"author":"Klaas","twitter_card":"summary_large_image","twitter_misc":{"Written by":"Klaas"},"schema":{"@context":"https:\/\/schema.org","@graph":[{"@type":"Article","@id":"https:\/\/www.bremer-buendnis.de\/en\/2025\/08\/20\/denik-n-podcast-recorded-in-bremen-at-the-festival-so-macht-man-fruehling-2025\/#article","isPartOf":{"@id":"https:\/\/www.bremer-buendnis.de\/en\/2025\/08\/20\/denik-n-podcast-recorded-in-bremen-at-the-festival-so-macht-man-fruehling-2025\/"},"author":{"name":"Klaas","@id":"https:\/\/www.bremer-buendnis.de\/en\/#\/schema\/person\/3b90fd155032d5aebae7f2f8faf95c46"},"headline":"Den\u00edk N podcast, recorded in Bremen at the festival &#8220;So macht man Fr\u00fchling&#8221; (2025)","datePublished":"2025-08-20T11:01:20+00:00","dateModified":"2025-08-20T11:03:03+00:00","mainEntityOfPage":{"@id":"https:\/\/www.bremer-buendnis.de\/en\/2025\/08\/20\/denik-n-podcast-recorded-in-bremen-at-the-festival-so-macht-man-fruehling-2025\/"},"wordCount":95,"publisher":{"@id":"https:\/\/www.bremer-buendnis.de\/en\/#organization"},"articleSection":["News"],"inLanguage":"en-US"},{"@type":"WebPage","@id":"https:\/\/www.bremer-buendnis.de\/en\/2025\/08\/20\/denik-n-podcast-recorded-in-bremen-at-the-festival-so-macht-man-fruehling-2025\/","url":"https:\/\/www.bremer-buendnis.de\/en\/2025\/08\/20\/denik-n-podcast-recorded-in-bremen-at-the-festival-so-macht-man-fruehling-2025\/","name":"Den\u00edk N podcast, recorded in Bremen at the festival \"So macht man Fr\u00fchling\" (2025) - Bremer B\u00fcndnis f\u00fcr deutsch-tschechische Zusammenarbeit","isPartOf":{"@id":"https:\/\/www.bremer-buendnis.de\/en\/#website"},"datePublished":"2025-08-20T11:01:20+00:00","dateModified":"2025-08-20T11:03:03+00:00","breadcrumb":{"@id":"https:\/\/www.bremer-buendnis.de\/en\/2025\/08\/20\/denik-n-podcast-recorded-in-bremen-at-the-festival-so-macht-man-fruehling-2025\/#breadcrumb"},"inLanguage":"en-US","potentialAction":[{"@type":"ReadAction","target":["https:\/\/www.bremer-buendnis.de\/en\/2025\/08\/20\/denik-n-podcast-recorded-in-bremen-at-the-festival-so-macht-man-fruehling-2025\/"]}]},{"@type":"BreadcrumbList","@id":"https:\/\/www.bremer-buendnis.de\/en\/2025\/08\/20\/denik-n-podcast-recorded-in-bremen-at-the-festival-so-macht-man-fruehling-2025\/#breadcrumb","itemListElement":[{"@type":"ListItem","position":1,"name":"Startseite","item":"https:\/\/www.bremer-buendnis.de\/en\/home-page\/"},{"@type":"ListItem","position":2,"name":"Den\u00edk N podcast, recorded in Bremen at the festival &#8220;So macht man Fr\u00fchling&#8221; (2025)"}]},{"@type":"WebSite","@id":"https:\/\/www.bremer-buendnis.de\/en\/#website","url":"https:\/\/www.bremer-buendnis.de\/en\/","name":"Bremer B\u00fcndnis f\u00fcr deutsch-tschechische Zusammenarbeit","description":"Das Bremer B\u00fcndnis f\u00fcr deutsch-tschechische Zusammenarbeit e.V. b\u00fcndelt Ideen und Aktivit\u00e4ten mit dem Ziel, die deutsch-tschechische Zusammenarbeit zu f\u00f6rdern und deren Akteure zu vernetzen.","publisher":{"@id":"https:\/\/www.bremer-buendnis.de\/en\/#organization"},"potentialAction":[{"@type":"SearchAction","target":{"@type":"EntryPoint","urlTemplate":"https:\/\/www.bremer-buendnis.de\/en\/?s={search_term_string}"},"query-input":{"@type":"PropertyValueSpecification","valueRequired":true,"valueName":"search_term_string"}}],"inLanguage":"en-US"},{"@type":"Organization","@id":"https:\/\/www.bremer-buendnis.de\/en\/#organization","name":"Bremer B\u00fcndnis f\u00fcr deutsch-tschechische Zusammenarbeit","url":"https:\/\/www.bremer-buendnis.de\/en\/","logo":{"@type":"ImageObject","inLanguage":"en-US","@id":"https:\/\/www.bremer-buendnis.de\/en\/#\/schema\/logo\/image\/","url":"https:\/\/www.bremer-buendnis.de\/wp-content\/uploads\/2019\/12\/cropped-BB_Logo-long_white-1.png","contentUrl":"https:\/\/www.bremer-buendnis.de\/wp-content\/uploads\/2019\/12\/cropped-BB_Logo-long_white-1.png","width":691,"height":250,"caption":"Bremer B\u00fcndnis f\u00fcr deutsch-tschechische Zusammenarbeit"},"image":{"@id":"https:\/\/www.bremer-buendnis.de\/en\/#\/schema\/logo\/image\/"}},{"@type":"Person","@id":"https:\/\/www.bremer-buendnis.de\/en\/#\/schema\/person\/3b90fd155032d5aebae7f2f8faf95c46","name":"Klaas","image":{"@type":"ImageObject","inLanguage":"en-US","@id":"https:\/\/secure.gravatar.com\/avatar\/1010a8668ddc7fdffc62ef2ecb5764dea117aa05693e201d800ccf9ca334d08d?s=96&d=mm&r=g","url":"https:\/\/secure.gravatar.com\/avatar\/1010a8668ddc7fdffc62ef2ecb5764dea117aa05693e201d800ccf9ca334d08d?s=96&d=mm&r=g","contentUrl":"https:\/\/secure.gravatar.com\/avatar\/1010a8668ddc7fdffc62ef2ecb5764dea117aa05693e201d800ccf9ca334d08d?s=96&d=mm&r=g","caption":"Klaas"},"url":"https:\/\/www.bremer-buendnis.de\/en\/author\/klaas_bb\/"}]}},"_links":{"self":[{"href":"https:\/\/www.bremer-buendnis.de\/en\/wp-json\/wp\/v2\/posts\/6848","targetHints":{"allow":["GET"]}}],"collection":[{"href":"https:\/\/www.bremer-buendnis.de\/en\/wp-json\/wp\/v2\/posts"}],"about":[{"href":"https:\/\/www.bremer-buendnis.de\/en\/wp-json\/wp\/v2\/types\/post"}],"author":[{"embeddable":true,"href":"https:\/\/www.bremer-buendnis.de\/en\/wp-json\/wp\/v2\/users\/9"}],"replies":[{"embeddable":true,"href":"https:\/\/www.bremer-buendnis.de\/en\/wp-json\/wp\/v2\/comments?post=6848"}],"version-history":[{"count":1,"href":"https:\/\/www.bremer-buendnis.de\/en\/wp-json\/wp\/v2\/posts\/6848\/revisions"}],"predecessor-version":[{"id":6849,"href":"https:\/\/www.bremer-buendnis.de\/en\/wp-json\/wp\/v2\/posts\/6848\/revisions\/6849"}],"wp:attachment":[{"href":"https:\/\/www.bremer-buendnis.de\/en\/wp-json\/wp\/v2\/media?parent=6848"}],"wp:term":[{"taxonomy":"category","embeddable":true,"href":"https:\/\/www.bremer-buendnis.de\/en\/wp-json\/wp\/v2\/categories?post=6848"},{"taxonomy":"post_tag","embeddable":true,"href":"https:\/\/www.bremer-buendnis.de\/en\/wp-json\/wp\/v2\/tags?post=6848"}],"curies":[{"name":"wp","href":"https:\/\/api.w.org\/{rel}","templated":true}]}}