{"id":6078,"date":"2024-10-04T18:15:29","date_gmt":"2024-10-04T16:15:29","guid":{"rendered":"https:\/\/www.bremer-buendnis.de\/2024\/10\/04\/podsumowanie-wideo-swing-exchange-bremen-2024\/"},"modified":"2025-03-04T17:16:10","modified_gmt":"2025-03-04T16:16:10","slug":"podsumowanie-wideo-swing-exchange-bremen-2024","status":"publish","type":"post","link":"https:\/\/www.bremer-buendnis.de\/pl\/2024\/10\/04\/podsumowanie-wideo-swing-exchange-bremen-2024\/","title":{"rendered":"Podsumowanie wideo: Swing-Exchange Bremen 2024"},"content":{"rendered":"\t\t<div data-elementor-type=\"wp-post\" data-elementor-id=\"6078\" class=\"elementor elementor-6078 elementor-3213\" data-elementor-post-type=\"post\">\n\t\t\t\t<div data-particle_enable=\"false\" data-particle-mobile-disabled=\"false\" class=\"elementor-element elementor-element-6bbf37f e-flex e-con-boxed e-con e-parent\" data-id=\"6bbf37f\" data-element_type=\"container\" data-e-type=\"container\">\n\t\t\t\t\t<div class=\"e-con-inner\">\n\t\t\t\t<div class=\"elementor-element elementor-element-e74927f elementor-widget elementor-widget-heading\" data-id=\"e74927f\" data-element_type=\"widget\" data-e-type=\"widget\" data-widget_type=\"heading.default\">\n\t\t\t\t<div class=\"elementor-widget-container\">\n\t\t\t\t\t<h1 class=\"elementor-heading-title elementor-size-default\">Podsumowanie wideo: Swing Exchange Bremen 2024<\/h1>\t\t\t\t<\/div>\n\t\t\t\t<\/div>\n\t\t\t\t\t<\/div>\n\t\t\t\t<\/div>\n\t\t<div data-particle_enable=\"false\" data-particle-mobile-disabled=\"false\" class=\"elementor-element elementor-element-91395fa e-grid e-con-boxed e-con e-parent\" data-id=\"91395fa\" data-element_type=\"container\" data-e-type=\"container\" data-settings=\"{&quot;background_background&quot;:&quot;classic&quot;}\">\n\t\t\t\t\t<div class=\"e-con-inner\">\n\t\t\t\t<div class=\"elementor-element elementor-element-48b2b99 elementor-widget elementor-widget-text-editor\" data-id=\"48b2b99\" data-element_type=\"widget\" data-e-type=\"widget\" data-widget_type=\"text-editor.default\">\n\t\t\t\t<div class=\"elementor-widget-container\">\n\t\t\t\t\t\t\t\t\t<p><strong>To by\u0142a \u015bwietna zabawa!<br \/><\/strong><\/p>\n<p>Film podsumowuj\u0105cy nasz weekend Swing Exchange w sierpniu 2024 roku jest tutaj. Zobacz wra\u017cenia z tego wydarzenia w kr\u00f3tkim filmie. <\/p>\n<p>Dzi\u0119kujemy wszystkim uczestnikom z ca\u0142ej Europy. Bardzo mi\u0142o by\u0142o nawi\u0105za\u0107 kontakty, wsp\u00f3lnie ta\u0144czy\u0107, uczy\u0107 si\u0119 i upami\u0119tnia\u0107 m\u0142odych tancerzy swingowych, kt\u00f3rzy byli prze\u015bladowani przez nazistowski re\u017cim. <\/p>\n<p>Swing by\u0142 i jest symbolem wolno\u015bci i indywidualno\u015bci. Z niecierpliwo\u015bci\u0105 czekamy na nasze kolejne wydarzenia w Pradze w listopadzie! <\/p>\n\t\t\t\t\t\t\t\t<\/div>\n\t\t\t\t<\/div>\n\t\t\t\t<div class=\"elementor-element elementor-element-d268e0a elementor-widget__width-initial elementor-widget elementor-widget-text-editor\" data-id=\"d268e0a\" data-element_type=\"widget\" data-e-type=\"widget\" data-widget_type=\"text-editor.default\">\n\t\t\t\t<div class=\"elementor-widget-container\">\n\t\t\t\t\t\t\t\t\t<p><div style=\"width: 525px;\" class=\"wp-video\"><video class=\"wp-video-shortcode\" id=\"video-6078-1\" width=\"525\" height=\"933\" preload=\"metadata\" controls=\"controls\"><source type=\"video\/mp4\" src=\"https:\/\/www.bremer-buendnis.de\/wp-content\/uploads\/2024\/10\/Recap-Video-Swing-Exchange.mp4?_=1\" \/><a href=\"https:\/\/www.bremer-buendnis.de\/wp-content\/uploads\/2024\/10\/Recap-Video-Swing-Exchange.mp4\">https:\/\/www.bremer-buendnis.de\/wp-content\/uploads\/2024\/10\/Recap-Video-Swing-Exchange.mp4<\/a><\/video><\/div><\/p>\n\t\t\t\t\t\t\t\t<\/div>\n\t\t\t\t<\/div>\n\t\t\t\t\t<\/div>\n\t\t\t\t<\/div>\n\t\t<div data-particle_enable=\"false\" data-particle-mobile-disabled=\"false\" class=\"elementor-element elementor-element-14e5fa6 e-flex e-con-boxed e-con e-parent\" data-id=\"14e5fa6\" data-element_type=\"container\" data-e-type=\"container\">\n\t\t\t\t\t<div class=\"e-con-inner\">\n\t\t\t\t\t<\/div>\n\t\t\t\t<\/div>\n\t\t\t\t<\/div>\n\t\t","protected":false},"excerpt":{"rendered":"<p>Podsumowanie wideo: Swing Exchange Bremen 2024 To by\u0142a \u015bwietna zabawa! Film podsumowuj\u0105cy nasz weekend Swing Exchange w sierpniu 2024 roku jest tutaj. Zobacz wra\u017cenia z tego wydarzenia w kr\u00f3tkim filmie. Dzi\u0119kujemy wszystkim uczestnikom z ca\u0142ej Europy. Bardzo mi\u0142o by\u0142o nawi\u0105za\u0107 kontakty, wsp\u00f3lnie ta\u0144czy\u0107, uczy\u0107 si\u0119 i upami\u0119tnia\u0107 m\u0142odych tancerzy swingowych, kt\u00f3rzy byli prze\u015bladowani przez nazistowski &hellip; <\/p>\n<p class=\"link-more\"><a href=\"https:\/\/www.bremer-buendnis.de\/pl\/2024\/10\/04\/podsumowanie-wideo-swing-exchange-bremen-2024\/\" class=\"more-link\">Czytaj dalej<span class=\"screen-reader-text\"> \u201ePodsumowanie wideo: Swing-Exchange Bremen 2024\u201d<\/span><\/a><\/p>\n","protected":false},"author":11,"featured_media":5503,"comment_status":"closed","ping_status":"open","sticky":false,"template":"elementor_header_footer","format":"standard","meta":{"footnotes":"","_links_to":"","_links_to_target":""},"categories":[49,50],"tags":[],"class_list":["post-6078","post","type-post","status-publish","format-standard","has-post-thumbnail","hentry","category-aktualnosci","category-hustawka"],"yoast_head":"<!-- This site is optimized with the Yoast SEO plugin v27.2 - https:\/\/yoast.com\/product\/yoast-seo-wordpress\/ -->\n<title>Podsumowanie wideo: Swing-Exchange Bremen 2024 - Bremer B\u00fcndnis f\u00fcr deutsch-tschechische Zusammenarbeit<\/title>\n<meta name=\"robots\" content=\"index, follow, max-snippet:-1, max-image-preview:large, max-video-preview:-1\" \/>\n<link rel=\"canonical\" href=\"https:\/\/www.bremer-buendnis.de\/pl\/2024\/10\/04\/podsumowanie-wideo-swing-exchange-bremen-2024\/\" \/>\n<meta property=\"og:locale\" content=\"pl_PL\" \/>\n<meta property=\"og:type\" content=\"article\" \/>\n<meta property=\"og:title\" content=\"Podsumowanie wideo: Swing-Exchange Bremen 2024 - Bremer B\u00fcndnis f\u00fcr deutsch-tschechische Zusammenarbeit\" \/>\n<meta property=\"og:description\" content=\"Podsumowanie wideo: Swing Exchange Bremen 2024 To by\u0142a \u015bwietna zabawa! Film podsumowuj\u0105cy nasz weekend Swing Exchange w sierpniu 2024 roku jest tutaj. Zobacz wra\u017cenia z tego wydarzenia w kr\u00f3tkim filmie. Dzi\u0119kujemy wszystkim uczestnikom z ca\u0142ej Europy. Bardzo mi\u0142o by\u0142o nawi\u0105za\u0107 kontakty, wsp\u00f3lnie ta\u0144czy\u0107, uczy\u0107 si\u0119 i upami\u0119tnia\u0107 m\u0142odych tancerzy swingowych, kt\u00f3rzy byli prze\u015bladowani przez nazistowski &hellip; Czytaj dalej \u201ePodsumowanie wideo: Swing-Exchange Bremen 2024\u201d\" \/>\n<meta property=\"og:url\" content=\"https:\/\/www.bremer-buendnis.de\/pl\/2024\/10\/04\/podsumowanie-wideo-swing-exchange-bremen-2024\/\" \/>\n<meta property=\"og:site_name\" content=\"Bremer B\u00fcndnis f\u00fcr deutsch-tschechische Zusammenarbeit\" \/>\n<meta property=\"article:published_time\" content=\"2024-10-04T16:15:29+00:00\" \/>\n<meta property=\"article:modified_time\" content=\"2025-03-04T16:16:10+00:00\" \/>\n<meta property=\"og:image\" content=\"https:\/\/www.bremer-buendnis.de\/wp-content\/uploads\/2024\/10\/Recap-Video-Swing-Exchange-Snapshot-576x1024.png\" \/>\n\t<meta property=\"og:image:width\" content=\"576\" \/>\n\t<meta property=\"og:image:height\" content=\"1024\" \/>\n\t<meta property=\"og:image:type\" content=\"image\/png\" \/>\n<meta name=\"author\" content=\"Philipp Mangels\" \/>\n<meta name=\"twitter:card\" content=\"summary_large_image\" \/>\n<meta name=\"twitter:label1\" content=\"Napisane przez\" \/>\n\t<meta name=\"twitter:data1\" content=\"Philipp Mangels\" \/>\n\t<meta name=\"twitter:label2\" content=\"Szacowany czas czytania\" \/>\n\t<meta name=\"twitter:data2\" content=\"1 minuta\" \/>\n<script type=\"application\/ld+json\" class=\"yoast-schema-graph\">{\"@context\":\"https:\/\/schema.org\",\"@graph\":[{\"@type\":\"Article\",\"@id\":\"https:\/\/www.bremer-buendnis.de\/pl\/2024\/10\/04\/podsumowanie-wideo-swing-exchange-bremen-2024\/#article\",\"isPartOf\":{\"@id\":\"https:\/\/www.bremer-buendnis.de\/pl\/2024\/10\/04\/podsumowanie-wideo-swing-exchange-bremen-2024\/\"},\"author\":{\"name\":\"Philipp Mangels\",\"@id\":\"https:\/\/www.bremer-buendnis.de\/pl\/#\/schema\/person\/e4409591824d602543e26f5cd7db8356\"},\"headline\":\"Podsumowanie wideo: Swing-Exchange Bremen 2024\",\"datePublished\":\"2024-10-04T16:15:29+00:00\",\"dateModified\":\"2025-03-04T16:16:10+00:00\",\"mainEntityOfPage\":{\"@id\":\"https:\/\/www.bremer-buendnis.de\/pl\/2024\/10\/04\/podsumowanie-wideo-swing-exchange-bremen-2024\/\"},\"wordCount\":109,\"publisher\":{\"@id\":\"https:\/\/www.bremer-buendnis.de\/pl\/#organization\"},\"image\":{\"@id\":\"https:\/\/www.bremer-buendnis.de\/pl\/2024\/10\/04\/podsumowanie-wideo-swing-exchange-bremen-2024\/#primaryimage\"},\"thumbnailUrl\":\"https:\/\/www.bremer-buendnis.de\/wp-content\/uploads\/2024\/10\/Recap-Video-Swing-Exchange-Snapshot.png\",\"articleSection\":[\"Aktualno\u015bci\",\"Hu\u015btawka\"],\"inLanguage\":\"pl-PL\"},{\"@type\":\"WebPage\",\"@id\":\"https:\/\/www.bremer-buendnis.de\/pl\/2024\/10\/04\/podsumowanie-wideo-swing-exchange-bremen-2024\/\",\"url\":\"https:\/\/www.bremer-buendnis.de\/pl\/2024\/10\/04\/podsumowanie-wideo-swing-exchange-bremen-2024\/\",\"name\":\"Podsumowanie wideo: Swing-Exchange Bremen 2024 - Bremer B\u00fcndnis f\u00fcr deutsch-tschechische Zusammenarbeit\",\"isPartOf\":{\"@id\":\"https:\/\/www.bremer-buendnis.de\/pl\/#website\"},\"primaryImageOfPage\":{\"@id\":\"https:\/\/www.bremer-buendnis.de\/pl\/2024\/10\/04\/podsumowanie-wideo-swing-exchange-bremen-2024\/#primaryimage\"},\"image\":{\"@id\":\"https:\/\/www.bremer-buendnis.de\/pl\/2024\/10\/04\/podsumowanie-wideo-swing-exchange-bremen-2024\/#primaryimage\"},\"thumbnailUrl\":\"https:\/\/www.bremer-buendnis.de\/wp-content\/uploads\/2024\/10\/Recap-Video-Swing-Exchange-Snapshot.png\",\"datePublished\":\"2024-10-04T16:15:29+00:00\",\"dateModified\":\"2025-03-04T16:16:10+00:00\",\"breadcrumb\":{\"@id\":\"https:\/\/www.bremer-buendnis.de\/pl\/2024\/10\/04\/podsumowanie-wideo-swing-exchange-bremen-2024\/#breadcrumb\"},\"inLanguage\":\"pl-PL\",\"potentialAction\":[{\"@type\":\"ReadAction\",\"target\":[\"https:\/\/www.bremer-buendnis.de\/pl\/2024\/10\/04\/podsumowanie-wideo-swing-exchange-bremen-2024\/\"]}]},{\"@type\":\"ImageObject\",\"inLanguage\":\"pl-PL\",\"@id\":\"https:\/\/www.bremer-buendnis.de\/pl\/2024\/10\/04\/podsumowanie-wideo-swing-exchange-bremen-2024\/#primaryimage\",\"url\":\"https:\/\/www.bremer-buendnis.de\/wp-content\/uploads\/2024\/10\/Recap-Video-Swing-Exchange-Snapshot.png\",\"contentUrl\":\"https:\/\/www.bremer-buendnis.de\/wp-content\/uploads\/2024\/10\/Recap-Video-Swing-Exchange-Snapshot.png\",\"width\":1080,\"height\":1920},{\"@type\":\"BreadcrumbList\",\"@id\":\"https:\/\/www.bremer-buendnis.de\/pl\/2024\/10\/04\/podsumowanie-wideo-swing-exchange-bremen-2024\/#breadcrumb\",\"itemListElement\":[{\"@type\":\"ListItem\",\"position\":1,\"name\":\"Startseite\",\"item\":\"https:\/\/www.bremer-buendnis.de\/pl\/\"},{\"@type\":\"ListItem\",\"position\":2,\"name\":\"Podsumowanie wideo: Swing-Exchange Bremen 2024\"}]},{\"@type\":\"WebSite\",\"@id\":\"https:\/\/www.bremer-buendnis.de\/pl\/#website\",\"url\":\"https:\/\/www.bremer-buendnis.de\/pl\/\",\"name\":\"Bremer B\u00fcndnis f\u00fcr deutsch-tschechische Zusammenarbeit\",\"description\":\"Das Bremer B\u00fcndnis f\u00fcr deutsch-tschechische Zusammenarbeit e.V. b\u00fcndelt Ideen und Aktivit\u00e4ten mit dem Ziel, die deutsch-tschechische Zusammenarbeit zu f\u00f6rdern und deren Akteure zu vernetzen.\",\"publisher\":{\"@id\":\"https:\/\/www.bremer-buendnis.de\/pl\/#organization\"},\"potentialAction\":[{\"@type\":\"SearchAction\",\"target\":{\"@type\":\"EntryPoint\",\"urlTemplate\":\"https:\/\/www.bremer-buendnis.de\/pl\/?s={search_term_string}\"},\"query-input\":{\"@type\":\"PropertyValueSpecification\",\"valueRequired\":true,\"valueName\":\"search_term_string\"}}],\"inLanguage\":\"pl-PL\"},{\"@type\":\"Organization\",\"@id\":\"https:\/\/www.bremer-buendnis.de\/pl\/#organization\",\"name\":\"Bremer B\u00fcndnis f\u00fcr deutsch-tschechische Zusammenarbeit\",\"url\":\"https:\/\/www.bremer-buendnis.de\/pl\/\",\"logo\":{\"@type\":\"ImageObject\",\"inLanguage\":\"pl-PL\",\"@id\":\"https:\/\/www.bremer-buendnis.de\/pl\/#\/schema\/logo\/image\/\",\"url\":\"https:\/\/www.bremer-buendnis.de\/wp-content\/uploads\/2019\/12\/cropped-BB_Logo-long_white-1.png\",\"contentUrl\":\"https:\/\/www.bremer-buendnis.de\/wp-content\/uploads\/2019\/12\/cropped-BB_Logo-long_white-1.png\",\"width\":691,\"height\":250,\"caption\":\"Bremer B\u00fcndnis f\u00fcr deutsch-tschechische Zusammenarbeit\"},\"image\":{\"@id\":\"https:\/\/www.bremer-buendnis.de\/pl\/#\/schema\/logo\/image\/\"}},{\"@type\":\"Person\",\"@id\":\"https:\/\/www.bremer-buendnis.de\/pl\/#\/schema\/person\/e4409591824d602543e26f5cd7db8356\",\"name\":\"Philipp Mangels\",\"image\":{\"@type\":\"ImageObject\",\"inLanguage\":\"pl-PL\",\"@id\":\"https:\/\/secure.gravatar.com\/avatar\/927e4e763dad8f387a528e5b9739ec56decc3b808346a5b987f0a77ac0134f05?s=96&d=mm&r=g\",\"url\":\"https:\/\/secure.gravatar.com\/avatar\/927e4e763dad8f387a528e5b9739ec56decc3b808346a5b987f0a77ac0134f05?s=96&d=mm&r=g\",\"contentUrl\":\"https:\/\/secure.gravatar.com\/avatar\/927e4e763dad8f387a528e5b9739ec56decc3b808346a5b987f0a77ac0134f05?s=96&d=mm&r=g\",\"caption\":\"Philipp Mangels\"},\"url\":\"https:\/\/www.bremer-buendnis.de\/pl\/author\/philipp-mangels\/\"}]}<\/script>\n<!-- \/ Yoast SEO plugin. -->","yoast_head_json":{"title":"Podsumowanie wideo: Swing-Exchange Bremen 2024 - Bremer B\u00fcndnis f\u00fcr deutsch-tschechische Zusammenarbeit","robots":{"index":"index","follow":"follow","max-snippet":"max-snippet:-1","max-image-preview":"max-image-preview:large","max-video-preview":"max-video-preview:-1"},"canonical":"https:\/\/www.bremer-buendnis.de\/pl\/2024\/10\/04\/podsumowanie-wideo-swing-exchange-bremen-2024\/","og_locale":"pl_PL","og_type":"article","og_title":"Podsumowanie wideo: Swing-Exchange Bremen 2024 - Bremer B\u00fcndnis f\u00fcr deutsch-tschechische Zusammenarbeit","og_description":"Podsumowanie wideo: Swing Exchange Bremen 2024 To by\u0142a \u015bwietna zabawa! Film podsumowuj\u0105cy nasz weekend Swing Exchange w sierpniu 2024 roku jest tutaj. Zobacz wra\u017cenia z tego wydarzenia w kr\u00f3tkim filmie. Dzi\u0119kujemy wszystkim uczestnikom z ca\u0142ej Europy. Bardzo mi\u0142o by\u0142o nawi\u0105za\u0107 kontakty, wsp\u00f3lnie ta\u0144czy\u0107, uczy\u0107 si\u0119 i upami\u0119tnia\u0107 m\u0142odych tancerzy swingowych, kt\u00f3rzy byli prze\u015bladowani przez nazistowski &hellip; Czytaj dalej \u201ePodsumowanie wideo: Swing-Exchange Bremen 2024\u201d","og_url":"https:\/\/www.bremer-buendnis.de\/pl\/2024\/10\/04\/podsumowanie-wideo-swing-exchange-bremen-2024\/","og_site_name":"Bremer B\u00fcndnis f\u00fcr deutsch-tschechische Zusammenarbeit","article_published_time":"2024-10-04T16:15:29+00:00","article_modified_time":"2025-03-04T16:16:10+00:00","og_image":[{"width":576,"height":1024,"url":"https:\/\/www.bremer-buendnis.de\/wp-content\/uploads\/2024\/10\/Recap-Video-Swing-Exchange-Snapshot-576x1024.png","type":"image\/png"}],"author":"Philipp Mangels","twitter_card":"summary_large_image","twitter_misc":{"Napisane przez":"Philipp Mangels","Szacowany czas czytania":"1 minuta"},"schema":{"@context":"https:\/\/schema.org","@graph":[{"@type":"Article","@id":"https:\/\/www.bremer-buendnis.de\/pl\/2024\/10\/04\/podsumowanie-wideo-swing-exchange-bremen-2024\/#article","isPartOf":{"@id":"https:\/\/www.bremer-buendnis.de\/pl\/2024\/10\/04\/podsumowanie-wideo-swing-exchange-bremen-2024\/"},"author":{"name":"Philipp Mangels","@id":"https:\/\/www.bremer-buendnis.de\/pl\/#\/schema\/person\/e4409591824d602543e26f5cd7db8356"},"headline":"Podsumowanie wideo: Swing-Exchange Bremen 2024","datePublished":"2024-10-04T16:15:29+00:00","dateModified":"2025-03-04T16:16:10+00:00","mainEntityOfPage":{"@id":"https:\/\/www.bremer-buendnis.de\/pl\/2024\/10\/04\/podsumowanie-wideo-swing-exchange-bremen-2024\/"},"wordCount":109,"publisher":{"@id":"https:\/\/www.bremer-buendnis.de\/pl\/#organization"},"image":{"@id":"https:\/\/www.bremer-buendnis.de\/pl\/2024\/10\/04\/podsumowanie-wideo-swing-exchange-bremen-2024\/#primaryimage"},"thumbnailUrl":"https:\/\/www.bremer-buendnis.de\/wp-content\/uploads\/2024\/10\/Recap-Video-Swing-Exchange-Snapshot.png","articleSection":["Aktualno\u015bci","Hu\u015btawka"],"inLanguage":"pl-PL"},{"@type":"WebPage","@id":"https:\/\/www.bremer-buendnis.de\/pl\/2024\/10\/04\/podsumowanie-wideo-swing-exchange-bremen-2024\/","url":"https:\/\/www.bremer-buendnis.de\/pl\/2024\/10\/04\/podsumowanie-wideo-swing-exchange-bremen-2024\/","name":"Podsumowanie wideo: Swing-Exchange Bremen 2024 - Bremer B\u00fcndnis f\u00fcr deutsch-tschechische Zusammenarbeit","isPartOf":{"@id":"https:\/\/www.bremer-buendnis.de\/pl\/#website"},"primaryImageOfPage":{"@id":"https:\/\/www.bremer-buendnis.de\/pl\/2024\/10\/04\/podsumowanie-wideo-swing-exchange-bremen-2024\/#primaryimage"},"image":{"@id":"https:\/\/www.bremer-buendnis.de\/pl\/2024\/10\/04\/podsumowanie-wideo-swing-exchange-bremen-2024\/#primaryimage"},"thumbnailUrl":"https:\/\/www.bremer-buendnis.de\/wp-content\/uploads\/2024\/10\/Recap-Video-Swing-Exchange-Snapshot.png","datePublished":"2024-10-04T16:15:29+00:00","dateModified":"2025-03-04T16:16:10+00:00","breadcrumb":{"@id":"https:\/\/www.bremer-buendnis.de\/pl\/2024\/10\/04\/podsumowanie-wideo-swing-exchange-bremen-2024\/#breadcrumb"},"inLanguage":"pl-PL","potentialAction":[{"@type":"ReadAction","target":["https:\/\/www.bremer-buendnis.de\/pl\/2024\/10\/04\/podsumowanie-wideo-swing-exchange-bremen-2024\/"]}]},{"@type":"ImageObject","inLanguage":"pl-PL","@id":"https:\/\/www.bremer-buendnis.de\/pl\/2024\/10\/04\/podsumowanie-wideo-swing-exchange-bremen-2024\/#primaryimage","url":"https:\/\/www.bremer-buendnis.de\/wp-content\/uploads\/2024\/10\/Recap-Video-Swing-Exchange-Snapshot.png","contentUrl":"https:\/\/www.bremer-buendnis.de\/wp-content\/uploads\/2024\/10\/Recap-Video-Swing-Exchange-Snapshot.png","width":1080,"height":1920},{"@type":"BreadcrumbList","@id":"https:\/\/www.bremer-buendnis.de\/pl\/2024\/10\/04\/podsumowanie-wideo-swing-exchange-bremen-2024\/#breadcrumb","itemListElement":[{"@type":"ListItem","position":1,"name":"Startseite","item":"https:\/\/www.bremer-buendnis.de\/pl\/"},{"@type":"ListItem","position":2,"name":"Podsumowanie wideo: Swing-Exchange Bremen 2024"}]},{"@type":"WebSite","@id":"https:\/\/www.bremer-buendnis.de\/pl\/#website","url":"https:\/\/www.bremer-buendnis.de\/pl\/","name":"Bremer B\u00fcndnis f\u00fcr deutsch-tschechische Zusammenarbeit","description":"Das Bremer B\u00fcndnis f\u00fcr deutsch-tschechische Zusammenarbeit e.V. b\u00fcndelt Ideen und Aktivit\u00e4ten mit dem Ziel, die deutsch-tschechische Zusammenarbeit zu f\u00f6rdern und deren Akteure zu vernetzen.","publisher":{"@id":"https:\/\/www.bremer-buendnis.de\/pl\/#organization"},"potentialAction":[{"@type":"SearchAction","target":{"@type":"EntryPoint","urlTemplate":"https:\/\/www.bremer-buendnis.de\/pl\/?s={search_term_string}"},"query-input":{"@type":"PropertyValueSpecification","valueRequired":true,"valueName":"search_term_string"}}],"inLanguage":"pl-PL"},{"@type":"Organization","@id":"https:\/\/www.bremer-buendnis.de\/pl\/#organization","name":"Bremer B\u00fcndnis f\u00fcr deutsch-tschechische Zusammenarbeit","url":"https:\/\/www.bremer-buendnis.de\/pl\/","logo":{"@type":"ImageObject","inLanguage":"pl-PL","@id":"https:\/\/www.bremer-buendnis.de\/pl\/#\/schema\/logo\/image\/","url":"https:\/\/www.bremer-buendnis.de\/wp-content\/uploads\/2019\/12\/cropped-BB_Logo-long_white-1.png","contentUrl":"https:\/\/www.bremer-buendnis.de\/wp-content\/uploads\/2019\/12\/cropped-BB_Logo-long_white-1.png","width":691,"height":250,"caption":"Bremer B\u00fcndnis f\u00fcr deutsch-tschechische Zusammenarbeit"},"image":{"@id":"https:\/\/www.bremer-buendnis.de\/pl\/#\/schema\/logo\/image\/"}},{"@type":"Person","@id":"https:\/\/www.bremer-buendnis.de\/pl\/#\/schema\/person\/e4409591824d602543e26f5cd7db8356","name":"Philipp Mangels","image":{"@type":"ImageObject","inLanguage":"pl-PL","@id":"https:\/\/secure.gravatar.com\/avatar\/927e4e763dad8f387a528e5b9739ec56decc3b808346a5b987f0a77ac0134f05?s=96&d=mm&r=g","url":"https:\/\/secure.gravatar.com\/avatar\/927e4e763dad8f387a528e5b9739ec56decc3b808346a5b987f0a77ac0134f05?s=96&d=mm&r=g","contentUrl":"https:\/\/secure.gravatar.com\/avatar\/927e4e763dad8f387a528e5b9739ec56decc3b808346a5b987f0a77ac0134f05?s=96&d=mm&r=g","caption":"Philipp Mangels"},"url":"https:\/\/www.bremer-buendnis.de\/pl\/author\/philipp-mangels\/"}]}},"_links":{"self":[{"href":"https:\/\/www.bremer-buendnis.de\/pl\/wp-json\/wp\/v2\/posts\/6078","targetHints":{"allow":["GET"]}}],"collection":[{"href":"https:\/\/www.bremer-buendnis.de\/pl\/wp-json\/wp\/v2\/posts"}],"about":[{"href":"https:\/\/www.bremer-buendnis.de\/pl\/wp-json\/wp\/v2\/types\/post"}],"author":[{"embeddable":true,"href":"https:\/\/www.bremer-buendnis.de\/pl\/wp-json\/wp\/v2\/users\/11"}],"replies":[{"embeddable":true,"href":"https:\/\/www.bremer-buendnis.de\/pl\/wp-json\/wp\/v2\/comments?post=6078"}],"version-history":[{"count":1,"href":"https:\/\/www.bremer-buendnis.de\/pl\/wp-json\/wp\/v2\/posts\/6078\/revisions"}],"predecessor-version":[{"id":6079,"href":"https:\/\/www.bremer-buendnis.de\/pl\/wp-json\/wp\/v2\/posts\/6078\/revisions\/6079"}],"wp:featuredmedia":[{"embeddable":true,"href":"https:\/\/www.bremer-buendnis.de\/pl\/wp-json\/wp\/v2\/media\/5503"}],"wp:attachment":[{"href":"https:\/\/www.bremer-buendnis.de\/pl\/wp-json\/wp\/v2\/media?parent=6078"}],"wp:term":[{"taxonomy":"category","embeddable":true,"href":"https:\/\/www.bremer-buendnis.de\/pl\/wp-json\/wp\/v2\/categories?post=6078"},{"taxonomy":"post_tag","embeddable":true,"href":"https:\/\/www.bremer-buendnis.de\/pl\/wp-json\/wp\/v2\/tags?post=6078"}],"curies":[{"name":"wp","href":"https:\/\/api.w.org\/{rel}","templated":true}]}}