{"id":6090,"date":"2024-04-26T13:04:04","date_gmt":"2024-04-26T11:04:04","guid":{"rendered":"https:\/\/www.bremer-buendnis.de\/2024\/04\/26\/zespol-projektu-ns-injustice-przedstawia-sie\/"},"modified":"2025-03-04T17:18:26","modified_gmt":"2025-03-04T16:18:26","slug":"zespol-projektu-ns-injustice-przedstawia-sie","status":"publish","type":"post","link":"https:\/\/www.bremer-buendnis.de\/pl\/2024\/04\/26\/zespol-projektu-ns-injustice-przedstawia-sie\/","title":{"rendered":"Zesp\u00f3\u0142 projektu &#8222;NS injustice&#8221; przedstawia si\u0119"},"content":{"rendered":"\t\t<div data-elementor-type=\"wp-post\" data-elementor-id=\"6090\" class=\"elementor elementor-6090 elementor-2949\" data-elementor-post-type=\"post\">\n\t\t\t\t<div data-particle_enable=\"false\" data-particle-mobile-disabled=\"false\" class=\"elementor-element elementor-element-6bbf37f e-flex e-con-boxed e-con e-parent\" data-id=\"6bbf37f\" data-element_type=\"container\" data-e-type=\"container\">\n\t\t\t\t\t<div class=\"e-con-inner\">\n\t\t\t\t<div class=\"elementor-element elementor-element-e74927f elementor-widget elementor-widget-heading\" data-id=\"e74927f\" data-element_type=\"widget\" data-e-type=\"widget\" data-widget_type=\"heading.default\">\n\t\t\t\t<div class=\"elementor-widget-container\">\n\t\t\t\t\t<h1 class=\"elementor-heading-title elementor-size-default\">Poznaj nas<\/h1>\t\t\t\t<\/div>\n\t\t\t\t<\/div>\n\t\t\t\t\t<\/div>\n\t\t\t\t<\/div>\n\t\t<div data-particle_enable=\"false\" data-particle-mobile-disabled=\"false\" class=\"elementor-element elementor-element-91395fa e-grid e-con-boxed e-con e-parent\" data-id=\"91395fa\" data-element_type=\"container\" data-e-type=\"container\" data-settings=\"{&quot;background_background&quot;:&quot;classic&quot;}\">\n\t\t\t\t\t<div class=\"e-con-inner\">\n\t\t\t\t<div class=\"elementor-element elementor-element-97c21c1 elementor-widget elementor-widget-image\" data-id=\"97c21c1\" data-element_type=\"widget\" data-e-type=\"widget\" data-widget_type=\"image.default\">\n\t\t\t\t<div class=\"elementor-widget-container\">\n\t\t\t\t\t\t\t\t\t\t\t\t<figure class=\"wp-caption\">\n\t\t\t\t\t\t\t\t\t\t<img fetchpriority=\"high\" decoding=\"async\" width=\"525\" height=\"364\" src=\"https:\/\/www.bremer-buendnis.de\/wp-content\/uploads\/2024\/04\/a-768x533.jpg\" class=\"attachment-medium_large size-medium_large wp-image-5437\" alt=\"\" srcset=\"https:\/\/www.bremer-buendnis.de\/wp-content\/uploads\/2024\/04\/a-768x533.jpg 768w, https:\/\/www.bremer-buendnis.de\/wp-content\/uploads\/2024\/04\/a-300x208.jpg 300w, https:\/\/www.bremer-buendnis.de\/wp-content\/uploads\/2024\/04\/a-1024x711.jpg 1024w, https:\/\/www.bremer-buendnis.de\/wp-content\/uploads\/2024\/04\/a-1536x1067.jpg 1536w, https:\/\/www.bremer-buendnis.de\/wp-content\/uploads\/2024\/04\/a-2048x1423.jpg 2048w\" sizes=\"100vw\" \/>\t\t\t\t\t\t\t\t\t\t\t<figcaption class=\"widget-image-caption wp-caption-text\"><\/figcaption>\n\t\t\t\t\t\t\t\t\t\t<\/figure>\n\t\t\t\t\t\t\t\t\t<\/div>\n\t\t\t\t<\/div>\n\t\t\t\t<div class=\"elementor-element elementor-element-48b2b99 elementor-widget elementor-widget-text-editor\" data-id=\"48b2b99\" data-element_type=\"widget\" data-e-type=\"widget\" data-widget_type=\"text-editor.default\">\n\t\t\t\t<div class=\"elementor-widget-container\">\n\t\t\t\t\t\t\t\t\t<p class=\"_ap3a _aaco _aacu _aacx _aad7 _aade\" dir=\"auto\">Cze\u015b\u0107, jeste\u015bmy niemieckim zespo\u0142em stoj\u0105cym za projektem &#8222;NS Injustice 'Degenerate Music'&#8221;. <\/p>\n<p class=\"_ap3a _aaco _aacu _aacx _aad7 _aade\" dir=\"auto\">Chcieliby\u015bmy przedstawi\u0107 si\u0119 w poni\u017cszym artykule.<\/p>\n<p class=\"_ap3a _aaco _aacu _aacx _aad7 _aade\" dir=\"auto\">Mamy siedzib\u0119 w Bremer B\u00fcndnis f\u00fcr deutsch-tschechische Zusammenarbeit e.V. i pracujemy w Bremie.<\/p>\n\t\t\t\t\t\t\t\t<\/div>\n\t\t\t\t<\/div>\n\t\t\t\t\t<\/div>\n\t\t\t\t<\/div>\n\t\t<div data-particle_enable=\"false\" data-particle-mobile-disabled=\"false\" class=\"elementor-element elementor-element-be80bb4 e-flex e-con-boxed e-con e-parent\" data-id=\"be80bb4\" data-element_type=\"container\" data-e-type=\"container\">\n\t\t\t\t\t<div class=\"e-con-inner\">\n\t\t\t\t<div class=\"elementor-element elementor-element-1a2310e elementor-widget elementor-widget-heading\" data-id=\"1a2310e\" data-element_type=\"widget\" data-e-type=\"widget\" data-widget_type=\"heading.default\">\n\t\t\t\t<div class=\"elementor-widget-container\">\n\t\t\t\t\t<h2 class=\"elementor-heading-title elementor-size-default\">Natalie Reinsch  <\/h2>\t\t\t\t<\/div>\n\t\t\t\t<\/div>\n\t\t\t\t\t<\/div>\n\t\t\t\t<\/div>\n\t\t<div data-particle_enable=\"false\" data-particle-mobile-disabled=\"false\" class=\"elementor-element elementor-element-ad60483 e-grid e-con-boxed e-con e-parent\" data-id=\"ad60483\" data-element_type=\"container\" data-e-type=\"container\" data-settings=\"{&quot;background_background&quot;:&quot;classic&quot;}\">\n\t\t\t\t\t<div class=\"e-con-inner\">\n\t\t\t\t<div class=\"elementor-element elementor-element-f14b2f0 elementor-widget elementor-widget-text-editor\" data-id=\"f14b2f0\" data-element_type=\"widget\" data-e-type=\"widget\" data-widget_type=\"text-editor.default\">\n\t\t\t\t<div class=\"elementor-widget-container\">\n\t\t\t\t\t\t\t\t\t<p>Cze\u015b\u0107, nazywam si\u0119 Natalie Reinsch i jestem dyrektork\u0105 projektu &#8222;Nazi Injustice 'Degenerate Music'&#8221;. Jestem historykiem i kuratorem specjalizuj\u0105cym si\u0119 w historii XX wieku. Poniewa\u017c jestem pasjonatk\u0105 ta\u0144ca swingowego, by\u0142am \u015bwiadoma prze\u015bladowa\u0144 m\u0142odzie\u017cy swingowej przez nazistowski re\u017cim, poniewa\u017c widzia\u0142am film &#8222;Swing Kids&#8221;. Wymy\u015bli\u0142em ten projekt, aby opracowa\u0107 nowe programy edukacyjne na temat historii narodowego socjalizmu i oporu wobec niego. Zajmowanie si\u0119 histori\u0105 Lindy Hop i prze\u015bladowaniami tancerzy swingowych w czasach narodowego socjalizmu otwiera mo\u017cliwo\u015b\u0107 poruszania r\u00f3\u017cnych temat\u00f3w, takich jak rasizm, antysemityzm i antycyganizm, ale tak\u017ce op\u00f3r i zakres jednostki w pa\u0144stwie totalitarnym.     <\/p>\n\t\t\t\t\t\t\t\t<\/div>\n\t\t\t\t<\/div>\n\t\t\t\t<div class=\"elementor-element elementor-element-ae15a16 elementor-widget elementor-widget-image\" data-id=\"ae15a16\" data-element_type=\"widget\" data-e-type=\"widget\" data-widget_type=\"image.default\">\n\t\t\t\t<div class=\"elementor-widget-container\">\n\t\t\t\t\t\t\t\t\t\t\t\t<figure class=\"wp-caption\">\n\t\t\t\t\t\t\t\t\t\t<img decoding=\"async\" width=\"525\" height=\"525\" src=\"https:\/\/www.bremer-buendnis.de\/wp-content\/uploads\/2024\/04\/DSC0641-1-1024x1024.jpg\" class=\"attachment-large size-large wp-image-5440\" alt=\"Natalie Reinsch\" srcset=\"https:\/\/www.bremer-buendnis.de\/wp-content\/uploads\/2024\/04\/DSC0641-1-1024x1024.jpg 1024w, https:\/\/www.bremer-buendnis.de\/wp-content\/uploads\/2024\/04\/DSC0641-1-300x300.jpg 300w, https:\/\/www.bremer-buendnis.de\/wp-content\/uploads\/2024\/04\/DSC0641-1-150x150.jpg 150w, https:\/\/www.bremer-buendnis.de\/wp-content\/uploads\/2024\/04\/DSC0641-1-768x768.jpg 768w, https:\/\/www.bremer-buendnis.de\/wp-content\/uploads\/2024\/04\/DSC0641-1-1536x1536.jpg 1536w, https:\/\/www.bremer-buendnis.de\/wp-content\/uploads\/2024\/04\/DSC0641-1-2048x2048.jpg 2048w, https:\/\/www.bremer-buendnis.de\/wp-content\/uploads\/2024\/04\/DSC0641-1-100x100.jpg 100w\" sizes=\"100vw\" \/>\t\t\t\t\t\t\t\t\t\t\t<figcaption class=\"widget-image-caption wp-caption-text\">Natalie Reinsch, zarz\u0105dzanie projektami<\/figcaption>\n\t\t\t\t\t\t\t\t\t\t<\/figure>\n\t\t\t\t\t\t\t\t\t<\/div>\n\t\t\t\t<\/div>\n\t\t\t\t\t<\/div>\n\t\t\t\t<\/div>\n\t\t<div data-particle_enable=\"false\" data-particle-mobile-disabled=\"false\" class=\"elementor-element elementor-element-e1f8fa6 e-flex e-con-boxed e-con e-parent\" data-id=\"e1f8fa6\" data-element_type=\"container\" data-e-type=\"container\">\n\t\t\t\t\t<div class=\"e-con-inner\">\n\t\t\t\t<div class=\"elementor-element elementor-element-8f7797e elementor-widget elementor-widget-heading\" data-id=\"8f7797e\" data-element_type=\"widget\" data-e-type=\"widget\" data-widget_type=\"heading.default\">\n\t\t\t\t<div class=\"elementor-widget-container\">\n\t\t\t\t\t<h2 class=\"elementor-heading-title elementor-size-default\">Philipp Mangels<\/h2>\t\t\t\t<\/div>\n\t\t\t\t<\/div>\n\t\t\t\t\t<\/div>\n\t\t\t\t<\/div>\n\t\t<div data-particle_enable=\"false\" data-particle-mobile-disabled=\"false\" class=\"elementor-element elementor-element-b1d0f5c e-grid e-con-boxed e-con e-parent\" data-id=\"b1d0f5c\" data-element_type=\"container\" data-e-type=\"container\">\n\t\t\t\t\t<div class=\"e-con-inner\">\n\t\t\t\t<div class=\"elementor-element elementor-element-b13b615 elementor-widget elementor-widget-image\" data-id=\"b13b615\" data-element_type=\"widget\" data-e-type=\"widget\" data-widget_type=\"image.default\">\n\t\t\t\t<div class=\"elementor-widget-container\">\n\t\t\t\t\t\t\t\t\t\t\t\t<figure class=\"wp-caption\">\n\t\t\t\t\t\t\t\t\t\t<img decoding=\"async\" width=\"525\" height=\"525\" src=\"https:\/\/www.bremer-buendnis.de\/wp-content\/uploads\/2024\/04\/DSC0581-1024x1024.jpg\" class=\"attachment-large size-large wp-image-5428\" alt=\"Philipp Mangels\" srcset=\"https:\/\/www.bremer-buendnis.de\/wp-content\/uploads\/2024\/04\/DSC0581-1024x1024.jpg 1024w, https:\/\/www.bremer-buendnis.de\/wp-content\/uploads\/2024\/04\/DSC0581-300x300.jpg 300w, https:\/\/www.bremer-buendnis.de\/wp-content\/uploads\/2024\/04\/DSC0581-150x150.jpg 150w, https:\/\/www.bremer-buendnis.de\/wp-content\/uploads\/2024\/04\/DSC0581-768x768.jpg 768w, https:\/\/www.bremer-buendnis.de\/wp-content\/uploads\/2024\/04\/DSC0581-1536x1536.jpg 1536w, https:\/\/www.bremer-buendnis.de\/wp-content\/uploads\/2024\/04\/DSC0581-2048x2048.jpg 2048w, https:\/\/www.bremer-buendnis.de\/wp-content\/uploads\/2024\/04\/DSC0581-100x100.jpg 100w\" sizes=\"100vw\" \/>\t\t\t\t\t\t\t\t\t\t\t<figcaption class=\"widget-image-caption wp-caption-text\">Philipp Mangels, asystent ds. bada\u0144<\/figcaption>\n\t\t\t\t\t\t\t\t\t\t<\/figure>\n\t\t\t\t\t\t\t\t\t<\/div>\n\t\t\t\t<\/div>\n\t\t\t\t<div class=\"elementor-element elementor-element-19b7a30 elementor-widget elementor-widget-text-editor\" data-id=\"19b7a30\" data-element_type=\"widget\" data-e-type=\"widget\" data-widget_type=\"text-editor.default\">\n\t\t\t\t<div class=\"elementor-widget-container\">\n\t\t\t\t\t\t\t\t\t<p>Nazywam si\u0119 Philipp Mangels, jestem historykiem kultury specjalizuj\u0105cym si\u0119 w Europie \u015arodkowo-Wschodniej i cz\u0142onkiem zespo\u0142u Bremen Alliance for German-Czech Cooperation. Ju\u017c podczas studi\u00f3w skupi\u0142em si\u0119 na subkulturach i kulturach m\u0142odzie\u017cowych i widz\u0119 wiele powi\u0105za\u0144 z tym tematem w swinguj\u0105cej m\u0142odzie\u017cy. Jestem szczeg\u00f3lnie zafascynowany samostanowieniem m\u0142odych ludzi, kt\u00f3rzy nie pozwalaj\u0105 doros\u0142ym lub re\u017cimom dyktowa\u0107, jak maj\u0105 \u017cy\u0107. W naszym projekcie szczeg\u00f3lnie ciesz\u0119 si\u0119 na prac\u0119 edukacyjn\u0105 z m\u0142odymi lud\u017ami, kt\u00f3rzy wci\u0105\u017c maj\u0105 jasne wyobra\u017cenia na temat w\u0142asnego stylu \u017cycia. Chc\u0119 nie tylko uczy\u0107 o historii, ale tak\u017ce wiele nauczy\u0107 si\u0119 od m\u0142odych ludzi.     <\/p>\n\t\t\t\t\t\t\t\t<\/div>\n\t\t\t\t<\/div>\n\t\t\t\t\t<\/div>\n\t\t\t\t<\/div>\n\t\t<div data-particle_enable=\"false\" data-particle-mobile-disabled=\"false\" class=\"elementor-element elementor-element-bbd08ec e-flex e-con-boxed e-con e-parent\" data-id=\"bbd08ec\" data-element_type=\"container\" data-e-type=\"container\">\n\t\t\t\t\t<div class=\"e-con-inner\">\n\t\t\t\t<div class=\"elementor-element elementor-element-3cefd0f elementor-widget elementor-widget-heading\" data-id=\"3cefd0f\" data-element_type=\"widget\" data-e-type=\"widget\" data-widget_type=\"heading.default\">\n\t\t\t\t<div class=\"elementor-widget-container\">\n\t\t\t\t\t<h2 class=\"elementor-heading-title elementor-size-default\">Ramona R\u00fccker<\/h2>\t\t\t\t<\/div>\n\t\t\t\t<\/div>\n\t\t\t\t\t<\/div>\n\t\t\t\t<\/div>\n\t\t<div data-particle_enable=\"false\" data-particle-mobile-disabled=\"false\" class=\"elementor-element elementor-element-dc2fd7d e-grid e-con-boxed e-con e-parent\" data-id=\"dc2fd7d\" data-element_type=\"container\" data-e-type=\"container\">\n\t\t\t\t\t<div class=\"e-con-inner\">\n\t\t\t\t<div class=\"elementor-element elementor-element-4a4558a elementor-widget elementor-widget-text-editor\" data-id=\"4a4558a\" data-element_type=\"widget\" data-e-type=\"widget\" data-widget_type=\"text-editor.default\">\n\t\t\t\t<div class=\"elementor-widget-container\">\n\t\t\t\t\t\t\t\t\t<p>Cze\u015b\u0107, nazywam si\u0119 Ramona. Razem z Melik\u0105 odpowiadam za media spo\u0142eczno\u015bciowe projektu. Studiowa\u0142am histori\u0119 publiczn\u0105 i medioznawstwo, koncentruj\u0105c si\u0119 na kulturach pami\u0119ci, a tak\u017ce komunikacji medialnej i pogodzeniu si\u0119 z narodowym socjalizmem.<br \/>Ta\u0144cz\u0119 od dziecka, g\u0142\u00f3wnie hip hop, dlatego uwa\u017cam, \u017ce prze\u015bladowania tancerzy swingowych s\u0105 tym bardziej niewyobra\u017calne, a ich zaanga\u017cowanie odwa\u017cne i zdeterminowane.<br \/>Nie mog\u0119 si\u0119 doczeka\u0107 tego projektu, poniewa\u017c uwielbiam poznawa\u0107 r\u00f3\u017cnych ludzi i uczy\u0107 si\u0119 z nimi i poprzez nich. Jestem r\u00f3wnie\u017c podekscytowany mo\u017cliwo\u015bci\u0105 podzielenia si\u0119 z wami historiami swingowej m\u0142odzie\u017cy.    <\/p>\n\t\t\t\t\t\t\t\t<\/div>\n\t\t\t\t<\/div>\n\t\t\t\t<div class=\"elementor-element elementor-element-f48cd7f elementor-widget elementor-widget-image\" data-id=\"f48cd7f\" data-element_type=\"widget\" data-e-type=\"widget\" data-widget_type=\"image.default\">\n\t\t\t\t<div class=\"elementor-widget-container\">\n\t\t\t\t\t\t\t\t\t\t\t\t<figure class=\"wp-caption\">\n\t\t\t\t\t\t\t\t\t\t<img loading=\"lazy\" decoding=\"async\" width=\"525\" height=\"525\" src=\"https:\/\/www.bremer-buendnis.de\/wp-content\/uploads\/2024\/04\/DSC0696-1024x1024.jpg\" class=\"attachment-large size-large wp-image-5431\" alt=\"Ramona R\u00fccker\" srcset=\"https:\/\/www.bremer-buendnis.de\/wp-content\/uploads\/2024\/04\/DSC0696-1024x1024.jpg 1024w, https:\/\/www.bremer-buendnis.de\/wp-content\/uploads\/2024\/04\/DSC0696-300x300.jpg 300w, https:\/\/www.bremer-buendnis.de\/wp-content\/uploads\/2024\/04\/DSC0696-150x150.jpg 150w, https:\/\/www.bremer-buendnis.de\/wp-content\/uploads\/2024\/04\/DSC0696-768x768.jpg 768w, https:\/\/www.bremer-buendnis.de\/wp-content\/uploads\/2024\/04\/DSC0696-1536x1536.jpg 1536w, https:\/\/www.bremer-buendnis.de\/wp-content\/uploads\/2024\/04\/DSC0696-2048x2048.jpg 2048w, https:\/\/www.bremer-buendnis.de\/wp-content\/uploads\/2024\/04\/DSC0696-100x100.jpg 100w\" sizes=\"100vw\" \/>\t\t\t\t\t\t\t\t\t\t\t<figcaption class=\"widget-image-caption wp-caption-text\">Ramona R\u00fccker, mened\u017cer ds. medi\u00f3w spo\u0142eczno\u015bciowych  <\/figcaption>\n\t\t\t\t\t\t\t\t\t\t<\/figure>\n\t\t\t\t\t\t\t\t\t<\/div>\n\t\t\t\t<\/div>\n\t\t\t\t\t<\/div>\n\t\t\t\t<\/div>\n\t\t<div data-particle_enable=\"false\" data-particle-mobile-disabled=\"false\" class=\"elementor-element elementor-element-b55bdc4 e-flex e-con-boxed e-con e-parent\" data-id=\"b55bdc4\" data-element_type=\"container\" data-e-type=\"container\">\n\t\t\t\t\t<div class=\"e-con-inner\">\n\t\t\t\t<div class=\"elementor-element elementor-element-0895bbd elementor-widget elementor-widget-heading\" data-id=\"0895bbd\" data-element_type=\"widget\" data-e-type=\"widget\" data-widget_type=\"heading.default\">\n\t\t\t\t<div class=\"elementor-widget-container\">\n\t\t\t\t\t<h2 class=\"elementor-heading-title elementor-size-default\">Melika Yildizov\u00e1<\/h2>\t\t\t\t<\/div>\n\t\t\t\t<\/div>\n\t\t\t\t\t<\/div>\n\t\t\t\t<\/div>\n\t\t<div data-particle_enable=\"false\" data-particle-mobile-disabled=\"false\" class=\"elementor-element elementor-element-cd5dad3 e-grid e-con-boxed e-con e-parent\" data-id=\"cd5dad3\" data-element_type=\"container\" data-e-type=\"container\">\n\t\t\t\t\t<div class=\"e-con-inner\">\n\t\t\t\t<div class=\"elementor-element elementor-element-689795b elementor-widget elementor-widget-image\" data-id=\"689795b\" data-element_type=\"widget\" data-e-type=\"widget\" data-widget_type=\"image.default\">\n\t\t\t\t<div class=\"elementor-widget-container\">\n\t\t\t\t\t\t\t\t\t\t\t\t<figure class=\"wp-caption\">\n\t\t\t\t\t\t\t\t\t\t<img loading=\"lazy\" decoding=\"async\" width=\"525\" height=\"525\" src=\"https:\/\/www.bremer-buendnis.de\/wp-content\/uploads\/2024\/04\/DSC0606-1024x1024.jpg\" class=\"attachment-large size-large wp-image-5434\" alt=\"Melika Yildizov\u00e1\" srcset=\"https:\/\/www.bremer-buendnis.de\/wp-content\/uploads\/2024\/04\/DSC0606-1024x1024.jpg 1024w, https:\/\/www.bremer-buendnis.de\/wp-content\/uploads\/2024\/04\/DSC0606-300x300.jpg 300w, https:\/\/www.bremer-buendnis.de\/wp-content\/uploads\/2024\/04\/DSC0606-150x150.jpg 150w, https:\/\/www.bremer-buendnis.de\/wp-content\/uploads\/2024\/04\/DSC0606-768x768.jpg 768w, https:\/\/www.bremer-buendnis.de\/wp-content\/uploads\/2024\/04\/DSC0606-1536x1536.jpg 1536w, https:\/\/www.bremer-buendnis.de\/wp-content\/uploads\/2024\/04\/DSC0606-2048x2048.jpg 2048w, https:\/\/www.bremer-buendnis.de\/wp-content\/uploads\/2024\/04\/DSC0606-100x100.jpg 100w\" sizes=\"100vw\" \/>\t\t\t\t\t\t\t\t\t\t\t<figcaption class=\"widget-image-caption wp-caption-text\">Melika Yildizov\u00e1, asystentka studentki<\/figcaption>\n\t\t\t\t\t\t\t\t\t\t<\/figure>\n\t\t\t\t\t\t\t\t\t<\/div>\n\t\t\t\t<\/div>\n\t\t\t\t<div class=\"elementor-element elementor-element-60ea6fb elementor-widget elementor-widget-text-editor\" data-id=\"60ea6fb\" data-element_type=\"widget\" data-e-type=\"widget\" data-widget_type=\"text-editor.default\">\n\t\t\t\t<div class=\"elementor-widget-container\">\n\t\t\t\t\t\t\t\t\t<p>Cze\u015b\u0107, jestem Melika Yildiz, studentka Uniwersytetu w Bremie.<br \/>Studiuj\u0119 politologi\u0119 i religioznawstwo i interesuj\u0119 si\u0119 histori\u0105 \u017cycia \u017cydowskiego, poniewa\u017c mam \u017cydowskie korzenie. Od trzech lat pracuj\u0119 w dziale PR \u0160TETL FEST, mi\u0119dzynarodowego festiwalu \u017cydowskiego w Brnie. Jestem r\u00f3wnie\u017c cz\u0142onkiem (jako Czech) Bremen Alliance for German-Czech Cooperation.<br \/>Temat projektu &#8222;NS-Injustice degenerated music&#8221; jest dla mnie niezwykle interesuj\u0105cy, poniewa\u017c zapewnia inne spojrzenie na er\u0119 nazistowsk\u0105. Dlatego bardzo si\u0119 ciesz\u0119, \u017ce mog\u0119 by\u0107 cz\u0119\u015bci\u0105 zespo\u0142u. Wraz z Ramon\u0105 jestem odpowiedzialny za sieci spo\u0142eczno\u015bciowe projektu.      <\/p>\n\t\t\t\t\t\t\t\t<\/div>\n\t\t\t\t<\/div>\n\t\t\t\t\t<\/div>\n\t\t\t\t<\/div>\n\t\t<div data-particle_enable=\"false\" data-particle-mobile-disabled=\"false\" class=\"elementor-element elementor-element-14e5fa6 e-flex e-con-boxed e-con e-parent\" data-id=\"14e5fa6\" data-element_type=\"container\" data-e-type=\"container\">\n\t\t\t\t\t<div class=\"e-con-inner\">\n\t\t\t\t\t<\/div>\n\t\t\t\t<\/div>\n\t\t<div data-particle_enable=\"false\" data-particle-mobile-disabled=\"false\" class=\"elementor-element elementor-element-5d961373 e-con-full e-flex e-con e-parent\" data-id=\"5d961373\" data-element_type=\"container\" data-e-type=\"container\" data-settings=\"{&quot;background_background&quot;:&quot;classic&quot;}\">\n\t\t<div data-particle_enable=\"false\" data-particle-mobile-disabled=\"false\" class=\"elementor-element elementor-element-7c47ce54 e-con-full e-flex e-con e-child\" data-id=\"7c47ce54\" data-element_type=\"container\" data-e-type=\"container\">\n\t\t\t\t<div class=\"elementor-element elementor-element-4682f21c elementor-widget elementor-widget-heading\" data-id=\"4682f21c\" data-element_type=\"widget\" data-e-type=\"widget\" data-widget_type=\"heading.default\">\n\t\t\t\t<div class=\"elementor-widget-container\">\n\t\t\t\t\t<h2 class=\"elementor-heading-title elementor-size-default\">Nazistowska niesprawiedliwo\u015b\u0107 \"Zdegenerowana muzyka\"<\/h2>\t\t\t\t<\/div>\n\t\t\t\t<\/div>\n\t\t\t\t<div class=\"elementor-element elementor-element-2dc17f8a elementor-widget elementor-widget-text-editor\" data-id=\"2dc17f8a\" data-element_type=\"widget\" data-e-type=\"widget\" data-widget_type=\"text-editor.default\">\n\t\t\t\t<div class=\"elementor-widget-container\">\n\t\t\t\t\t\t\t\t\t<p>Ten mi\u0119dzynarodowy projekt ma na celu por\u00f3wnawcze spojrzenie na nazistowskie praktyki prze\u015bladowa\u0144 p\u00f3\u0142nocno-zachodniej niemieckiej m\u0142odzie\u017cy swingowej, czeskich potapek oraz sceny muzyki swingowej i jazzowej w okupowanej Polsce, a tak\u017ce opracowanie wieloperspektywicznych, interdyscyplinarnych i partycypacyjnych form mediacji.<\/p>\n\t\t\t\t\t\t\t\t<\/div>\n\t\t\t\t<\/div>\n\t\t\t\t<div class=\"elementor-element elementor-element-39a986df elementor-align-left elementor-mobile-align-center elementor-tablet-align-center elementor-widget__width-inherit elementor-widget elementor-widget-button\" data-id=\"39a986df\" data-element_type=\"widget\" data-e-type=\"widget\" data-widget_type=\"button.default\">\n\t\t\t\t<div class=\"elementor-widget-container\">\n\t\t\t\t\t\t\t\t\t<div class=\"elementor-button-wrapper\">\n\t\t\t\t\t<a class=\"elementor-button elementor-button-link elementor-size-sm elementor-animation-grow\" href=\"https:\/\/www.bremer-buendnis.de\/?page_id=2441\">\n\t\t\t\t\t\t<span class=\"elementor-button-content-wrapper\">\n\t\t\t\t\t\t\t\t\t<span class=\"elementor-button-text\">Do strony projektu<\/span>\n\t\t\t\t\t<\/span>\n\t\t\t\t\t<\/a>\n\t\t\t\t<\/div>\n\t\t\t\t\t\t\t\t<\/div>\n\t\t\t\t<\/div>\n\t\t\t\t<\/div>\n\t\t<div data-particle_enable=\"false\" data-particle-mobile-disabled=\"false\" class=\"elementor-element elementor-element-47539b4f e-grid e-con-full e-con e-child\" data-id=\"47539b4f\" data-element_type=\"container\" data-e-type=\"container\">\n\t\t\t\t<div class=\"elementor-element elementor-element-413e614d elementor-widget elementor-widget-image\" data-id=\"413e614d\" data-element_type=\"widget\" data-e-type=\"widget\" data-widget_type=\"image.default\">\n\t\t\t\t<div class=\"elementor-widget-container\">\n\t\t\t\t\t\t\t\t\t\t\t\t\t\t\t<img loading=\"lazy\" decoding=\"async\" width=\"525\" height=\"656\" src=\"https:\/\/www.bremer-buendnis.de\/wp-content\/uploads\/2024\/04\/P1009329-2-819x1024.jpg\" class=\"attachment-large size-large wp-image-5371\" alt=\"\" srcset=\"https:\/\/www.bremer-buendnis.de\/wp-content\/uploads\/2024\/04\/P1009329-2-819x1024.jpg 819w, https:\/\/www.bremer-buendnis.de\/wp-content\/uploads\/2024\/04\/P1009329-2-240x300.jpg 240w, https:\/\/www.bremer-buendnis.de\/wp-content\/uploads\/2024\/04\/P1009329-2-768x960.jpg 768w, https:\/\/www.bremer-buendnis.de\/wp-content\/uploads\/2024\/04\/P1009329-2-1229x1536.jpg 1229w, https:\/\/www.bremer-buendnis.de\/wp-content\/uploads\/2024\/04\/P1009329-2.jpg 1638w\" sizes=\"100vw\" \/>\t\t\t\t\t\t\t\t\t\t\t\t\t\t\t<\/div>\n\t\t\t\t<\/div>\n\t\t\t\t<\/div>\n\t\t<div data-particle_enable=\"false\" data-particle-mobile-disabled=\"false\" class=\"elementor-element elementor-element-1deba1b3 e-grid e-con-full e-con e-child\" data-id=\"1deba1b3\" data-element_type=\"container\" data-e-type=\"container\">\n\t\t\t\t<div class=\"elementor-element elementor-element-161e7527 elementor-widget elementor-widget-image\" data-id=\"161e7527\" data-element_type=\"widget\" data-e-type=\"widget\" data-widget_type=\"image.default\">\n\t\t\t\t<div class=\"elementor-widget-container\">\n\t\t\t\t\t\t\t\t\t\t\t\t\t\t\t<img loading=\"lazy\" decoding=\"async\" width=\"500\" height=\"500\" src=\"https:\/\/www.bremer-buendnis.de\/wp-content\/uploads\/2024\/08\/IN.png\" class=\"attachment-large size-large wp-image-5491\" alt=\"Logo NS_injustice\" srcset=\"https:\/\/www.bremer-buendnis.de\/wp-content\/uploads\/2024\/08\/IN.png 500w, https:\/\/www.bremer-buendnis.de\/wp-content\/uploads\/2024\/08\/IN-300x300.png 300w, https:\/\/www.bremer-buendnis.de\/wp-content\/uploads\/2024\/08\/IN-150x150.png 150w, https:\/\/www.bremer-buendnis.de\/wp-content\/uploads\/2024\/08\/IN-100x100.png 100w\" sizes=\"100vw\" \/>\t\t\t\t\t\t\t\t\t\t\t\t\t\t\t<\/div>\n\t\t\t\t<\/div>\n\t\t\t\t<\/div>\n\t\t\t\t<\/div>\n\t\t\t\t<\/div>\n\t\t","protected":false},"excerpt":{"rendered":"<p>Poznaj nas Cze\u015b\u0107, jeste\u015bmy niemieckim zespo\u0142em stoj\u0105cym za projektem &#8222;NS Injustice 'Degenerate Music&#8217;&#8221;. Chcieliby\u015bmy przedstawi\u0107 si\u0119 w poni\u017cszym artykule. Mamy siedzib\u0119 w Bremer B\u00fcndnis f\u00fcr deutsch-tschechische Zusammenarbeit e.V. i pracujemy w Bremie. Natalie Reinsch Cze\u015b\u0107, nazywam si\u0119 Natalie Reinsch i jestem dyrektork\u0105 projektu &#8222;Nazi Injustice 'Degenerate Music&#8217;&#8221;. Jestem historykiem i kuratorem specjalizuj\u0105cym si\u0119 w historii &hellip; <\/p>\n<p class=\"link-more\"><a href=\"https:\/\/www.bremer-buendnis.de\/pl\/2024\/04\/26\/zespol-projektu-ns-injustice-przedstawia-sie\/\" class=\"more-link\">Czytaj dalej<span class=\"screen-reader-text\"> \u201eZesp\u00f3\u0142 projektu &#8222;NS injustice&#8221; przedstawia si\u0119\u201d<\/span><\/a><\/p>\n","protected":false},"author":9,"featured_media":5437,"comment_status":"closed","ping_status":"open","sticky":false,"template":"elementor_header_footer","format":"standard","meta":{"footnotes":"","_links_to":"","_links_to_target":""},"categories":[49,50],"tags":[],"class_list":["post-6090","post","type-post","status-publish","format-standard","has-post-thumbnail","hentry","category-aktualnosci","category-hustawka"],"yoast_head":"<!-- This site is optimized with the Yoast SEO plugin v27.2 - https:\/\/yoast.com\/product\/yoast-seo-wordpress\/ -->\n<title>Zesp\u00f3\u0142 projektu &quot;NS injustice&quot; przedstawia si\u0119 - Bremer B\u00fcndnis f\u00fcr deutsch-tschechische Zusammenarbeit<\/title>\n<meta name=\"robots\" content=\"index, follow, max-snippet:-1, max-image-preview:large, max-video-preview:-1\" \/>\n<link rel=\"canonical\" href=\"https:\/\/www.bremer-buendnis.de\/pl\/2024\/04\/26\/zespol-projektu-ns-injustice-przedstawia-sie\/\" \/>\n<meta property=\"og:locale\" content=\"pl_PL\" \/>\n<meta property=\"og:type\" content=\"article\" \/>\n<meta property=\"og:title\" content=\"Zesp\u00f3\u0142 projektu &quot;NS injustice&quot; przedstawia si\u0119 - Bremer B\u00fcndnis f\u00fcr deutsch-tschechische Zusammenarbeit\" \/>\n<meta property=\"og:description\" content=\"Poznaj nas Cze\u015b\u0107, jeste\u015bmy niemieckim zespo\u0142em stoj\u0105cym za projektem &#8222;NS Injustice &#039;Degenerate Music&#039;&#8221;. Chcieliby\u015bmy przedstawi\u0107 si\u0119 w poni\u017cszym artykule. Mamy siedzib\u0119 w Bremer B\u00fcndnis f\u00fcr deutsch-tschechische Zusammenarbeit e.V. i pracujemy w Bremie. Natalie Reinsch Cze\u015b\u0107, nazywam si\u0119 Natalie Reinsch i jestem dyrektork\u0105 projektu &#8222;Nazi Injustice &#039;Degenerate Music&#039;&#8221;. Jestem historykiem i kuratorem specjalizuj\u0105cym si\u0119 w historii &hellip; Czytaj dalej \u201eZesp\u00f3\u0142 projektu &#8222;NS injustice&#8221; przedstawia si\u0119\u201d\" \/>\n<meta property=\"og:url\" content=\"https:\/\/www.bremer-buendnis.de\/pl\/2024\/04\/26\/zespol-projektu-ns-injustice-przedstawia-sie\/\" \/>\n<meta property=\"og:site_name\" content=\"Bremer B\u00fcndnis f\u00fcr deutsch-tschechische Zusammenarbeit\" \/>\n<meta property=\"article:published_time\" content=\"2024-04-26T11:04:04+00:00\" \/>\n<meta property=\"article:modified_time\" content=\"2025-03-04T16:18:26+00:00\" \/>\n<meta property=\"og:image\" content=\"https:\/\/www.bremer-buendnis.de\/wp-content\/uploads\/2024\/04\/a-scaled.jpg\" \/>\n\t<meta property=\"og:image:width\" content=\"2560\" \/>\n\t<meta property=\"og:image:height\" content=\"1778\" \/>\n\t<meta property=\"og:image:type\" content=\"image\/jpeg\" \/>\n<meta name=\"author\" content=\"Klaas\" \/>\n<meta name=\"twitter:card\" content=\"summary_large_image\" \/>\n<meta name=\"twitter:label1\" content=\"Napisane przez\" \/>\n\t<meta name=\"twitter:data1\" content=\"Klaas\" \/>\n\t<meta name=\"twitter:label2\" content=\"Szacowany czas czytania\" \/>\n\t<meta name=\"twitter:data2\" content=\"3 minuty\" \/>\n<script type=\"application\/ld+json\" class=\"yoast-schema-graph\">{\"@context\":\"https:\/\/schema.org\",\"@graph\":[{\"@type\":\"Article\",\"@id\":\"https:\/\/www.bremer-buendnis.de\/pl\/2024\/04\/26\/zespol-projektu-ns-injustice-przedstawia-sie\/#article\",\"isPartOf\":{\"@id\":\"https:\/\/www.bremer-buendnis.de\/pl\/2024\/04\/26\/zespol-projektu-ns-injustice-przedstawia-sie\/\"},\"author\":{\"name\":\"Klaas\",\"@id\":\"https:\/\/www.bremer-buendnis.de\/pl\/#\/schema\/person\/3b90fd155032d5aebae7f2f8faf95c46\"},\"headline\":\"Zesp\u00f3\u0142 projektu &#8222;NS injustice&#8221; przedstawia si\u0119\",\"datePublished\":\"2024-04-26T11:04:04+00:00\",\"dateModified\":\"2025-03-04T16:18:26+00:00\",\"mainEntityOfPage\":{\"@id\":\"https:\/\/www.bremer-buendnis.de\/pl\/2024\/04\/26\/zespol-projektu-ns-injustice-przedstawia-sie\/\"},\"wordCount\":546,\"publisher\":{\"@id\":\"https:\/\/www.bremer-buendnis.de\/pl\/#organization\"},\"image\":{\"@id\":\"https:\/\/www.bremer-buendnis.de\/pl\/2024\/04\/26\/zespol-projektu-ns-injustice-przedstawia-sie\/#primaryimage\"},\"thumbnailUrl\":\"https:\/\/www.bremer-buendnis.de\/wp-content\/uploads\/2024\/04\/a-scaled.jpg\",\"articleSection\":[\"Aktualno\u015bci\",\"Hu\u015btawka\"],\"inLanguage\":\"pl-PL\"},{\"@type\":\"WebPage\",\"@id\":\"https:\/\/www.bremer-buendnis.de\/pl\/2024\/04\/26\/zespol-projektu-ns-injustice-przedstawia-sie\/\",\"url\":\"https:\/\/www.bremer-buendnis.de\/pl\/2024\/04\/26\/zespol-projektu-ns-injustice-przedstawia-sie\/\",\"name\":\"Zesp\u00f3\u0142 projektu \\\"NS injustice\\\" przedstawia si\u0119 - Bremer B\u00fcndnis f\u00fcr deutsch-tschechische Zusammenarbeit\",\"isPartOf\":{\"@id\":\"https:\/\/www.bremer-buendnis.de\/pl\/#website\"},\"primaryImageOfPage\":{\"@id\":\"https:\/\/www.bremer-buendnis.de\/pl\/2024\/04\/26\/zespol-projektu-ns-injustice-przedstawia-sie\/#primaryimage\"},\"image\":{\"@id\":\"https:\/\/www.bremer-buendnis.de\/pl\/2024\/04\/26\/zespol-projektu-ns-injustice-przedstawia-sie\/#primaryimage\"},\"thumbnailUrl\":\"https:\/\/www.bremer-buendnis.de\/wp-content\/uploads\/2024\/04\/a-scaled.jpg\",\"datePublished\":\"2024-04-26T11:04:04+00:00\",\"dateModified\":\"2025-03-04T16:18:26+00:00\",\"breadcrumb\":{\"@id\":\"https:\/\/www.bremer-buendnis.de\/pl\/2024\/04\/26\/zespol-projektu-ns-injustice-przedstawia-sie\/#breadcrumb\"},\"inLanguage\":\"pl-PL\",\"potentialAction\":[{\"@type\":\"ReadAction\",\"target\":[\"https:\/\/www.bremer-buendnis.de\/pl\/2024\/04\/26\/zespol-projektu-ns-injustice-przedstawia-sie\/\"]}]},{\"@type\":\"ImageObject\",\"inLanguage\":\"pl-PL\",\"@id\":\"https:\/\/www.bremer-buendnis.de\/pl\/2024\/04\/26\/zespol-projektu-ns-injustice-przedstawia-sie\/#primaryimage\",\"url\":\"https:\/\/www.bremer-buendnis.de\/wp-content\/uploads\/2024\/04\/a-scaled.jpg\",\"contentUrl\":\"https:\/\/www.bremer-buendnis.de\/wp-content\/uploads\/2024\/04\/a-scaled.jpg\",\"width\":2560,\"height\":1778},{\"@type\":\"BreadcrumbList\",\"@id\":\"https:\/\/www.bremer-buendnis.de\/pl\/2024\/04\/26\/zespol-projektu-ns-injustice-przedstawia-sie\/#breadcrumb\",\"itemListElement\":[{\"@type\":\"ListItem\",\"position\":1,\"name\":\"Startseite\",\"item\":\"https:\/\/www.bremer-buendnis.de\/pl\/\"},{\"@type\":\"ListItem\",\"position\":2,\"name\":\"Zesp\u00f3\u0142 projektu &#8222;NS injustice&#8221; przedstawia si\u0119\"}]},{\"@type\":\"WebSite\",\"@id\":\"https:\/\/www.bremer-buendnis.de\/pl\/#website\",\"url\":\"https:\/\/www.bremer-buendnis.de\/pl\/\",\"name\":\"Bremer B\u00fcndnis f\u00fcr deutsch-tschechische Zusammenarbeit\",\"description\":\"Das Bremer B\u00fcndnis f\u00fcr deutsch-tschechische Zusammenarbeit e.V. b\u00fcndelt Ideen und Aktivit\u00e4ten mit dem Ziel, die deutsch-tschechische Zusammenarbeit zu f\u00f6rdern und deren Akteure zu vernetzen.\",\"publisher\":{\"@id\":\"https:\/\/www.bremer-buendnis.de\/pl\/#organization\"},\"potentialAction\":[{\"@type\":\"SearchAction\",\"target\":{\"@type\":\"EntryPoint\",\"urlTemplate\":\"https:\/\/www.bremer-buendnis.de\/pl\/?s={search_term_string}\"},\"query-input\":{\"@type\":\"PropertyValueSpecification\",\"valueRequired\":true,\"valueName\":\"search_term_string\"}}],\"inLanguage\":\"pl-PL\"},{\"@type\":\"Organization\",\"@id\":\"https:\/\/www.bremer-buendnis.de\/pl\/#organization\",\"name\":\"Bremer B\u00fcndnis f\u00fcr deutsch-tschechische Zusammenarbeit\",\"url\":\"https:\/\/www.bremer-buendnis.de\/pl\/\",\"logo\":{\"@type\":\"ImageObject\",\"inLanguage\":\"pl-PL\",\"@id\":\"https:\/\/www.bremer-buendnis.de\/pl\/#\/schema\/logo\/image\/\",\"url\":\"https:\/\/www.bremer-buendnis.de\/wp-content\/uploads\/2019\/12\/cropped-BB_Logo-long_white-1.png\",\"contentUrl\":\"https:\/\/www.bremer-buendnis.de\/wp-content\/uploads\/2019\/12\/cropped-BB_Logo-long_white-1.png\",\"width\":691,\"height\":250,\"caption\":\"Bremer B\u00fcndnis f\u00fcr deutsch-tschechische Zusammenarbeit\"},\"image\":{\"@id\":\"https:\/\/www.bremer-buendnis.de\/pl\/#\/schema\/logo\/image\/\"}},{\"@type\":\"Person\",\"@id\":\"https:\/\/www.bremer-buendnis.de\/pl\/#\/schema\/person\/3b90fd155032d5aebae7f2f8faf95c46\",\"name\":\"Klaas\",\"image\":{\"@type\":\"ImageObject\",\"inLanguage\":\"pl-PL\",\"@id\":\"https:\/\/secure.gravatar.com\/avatar\/1010a8668ddc7fdffc62ef2ecb5764dea117aa05693e201d800ccf9ca334d08d?s=96&d=mm&r=g\",\"url\":\"https:\/\/secure.gravatar.com\/avatar\/1010a8668ddc7fdffc62ef2ecb5764dea117aa05693e201d800ccf9ca334d08d?s=96&d=mm&r=g\",\"contentUrl\":\"https:\/\/secure.gravatar.com\/avatar\/1010a8668ddc7fdffc62ef2ecb5764dea117aa05693e201d800ccf9ca334d08d?s=96&d=mm&r=g\",\"caption\":\"Klaas\"},\"url\":\"https:\/\/www.bremer-buendnis.de\/pl\/author\/klaas_bb\/\"}]}<\/script>\n<!-- \/ Yoast SEO plugin. -->","yoast_head_json":{"title":"Zesp\u00f3\u0142 projektu \"NS injustice\" przedstawia si\u0119 - Bremer B\u00fcndnis f\u00fcr deutsch-tschechische Zusammenarbeit","robots":{"index":"index","follow":"follow","max-snippet":"max-snippet:-1","max-image-preview":"max-image-preview:large","max-video-preview":"max-video-preview:-1"},"canonical":"https:\/\/www.bremer-buendnis.de\/pl\/2024\/04\/26\/zespol-projektu-ns-injustice-przedstawia-sie\/","og_locale":"pl_PL","og_type":"article","og_title":"Zesp\u00f3\u0142 projektu \"NS injustice\" przedstawia si\u0119 - Bremer B\u00fcndnis f\u00fcr deutsch-tschechische Zusammenarbeit","og_description":"Poznaj nas Cze\u015b\u0107, jeste\u015bmy niemieckim zespo\u0142em stoj\u0105cym za projektem &#8222;NS Injustice 'Degenerate Music'&#8221;. Chcieliby\u015bmy przedstawi\u0107 si\u0119 w poni\u017cszym artykule. Mamy siedzib\u0119 w Bremer B\u00fcndnis f\u00fcr deutsch-tschechische Zusammenarbeit e.V. i pracujemy w Bremie. Natalie Reinsch Cze\u015b\u0107, nazywam si\u0119 Natalie Reinsch i jestem dyrektork\u0105 projektu &#8222;Nazi Injustice 'Degenerate Music'&#8221;. Jestem historykiem i kuratorem specjalizuj\u0105cym si\u0119 w historii &hellip; Czytaj dalej \u201eZesp\u00f3\u0142 projektu &#8222;NS injustice&#8221; przedstawia si\u0119\u201d","og_url":"https:\/\/www.bremer-buendnis.de\/pl\/2024\/04\/26\/zespol-projektu-ns-injustice-przedstawia-sie\/","og_site_name":"Bremer B\u00fcndnis f\u00fcr deutsch-tschechische Zusammenarbeit","article_published_time":"2024-04-26T11:04:04+00:00","article_modified_time":"2025-03-04T16:18:26+00:00","og_image":[{"width":2560,"height":1778,"url":"https:\/\/www.bremer-buendnis.de\/wp-content\/uploads\/2024\/04\/a-scaled.jpg","type":"image\/jpeg"}],"author":"Klaas","twitter_card":"summary_large_image","twitter_misc":{"Napisane przez":"Klaas","Szacowany czas czytania":"3 minuty"},"schema":{"@context":"https:\/\/schema.org","@graph":[{"@type":"Article","@id":"https:\/\/www.bremer-buendnis.de\/pl\/2024\/04\/26\/zespol-projektu-ns-injustice-przedstawia-sie\/#article","isPartOf":{"@id":"https:\/\/www.bremer-buendnis.de\/pl\/2024\/04\/26\/zespol-projektu-ns-injustice-przedstawia-sie\/"},"author":{"name":"Klaas","@id":"https:\/\/www.bremer-buendnis.de\/pl\/#\/schema\/person\/3b90fd155032d5aebae7f2f8faf95c46"},"headline":"Zesp\u00f3\u0142 projektu &#8222;NS injustice&#8221; przedstawia si\u0119","datePublished":"2024-04-26T11:04:04+00:00","dateModified":"2025-03-04T16:18:26+00:00","mainEntityOfPage":{"@id":"https:\/\/www.bremer-buendnis.de\/pl\/2024\/04\/26\/zespol-projektu-ns-injustice-przedstawia-sie\/"},"wordCount":546,"publisher":{"@id":"https:\/\/www.bremer-buendnis.de\/pl\/#organization"},"image":{"@id":"https:\/\/www.bremer-buendnis.de\/pl\/2024\/04\/26\/zespol-projektu-ns-injustice-przedstawia-sie\/#primaryimage"},"thumbnailUrl":"https:\/\/www.bremer-buendnis.de\/wp-content\/uploads\/2024\/04\/a-scaled.jpg","articleSection":["Aktualno\u015bci","Hu\u015btawka"],"inLanguage":"pl-PL"},{"@type":"WebPage","@id":"https:\/\/www.bremer-buendnis.de\/pl\/2024\/04\/26\/zespol-projektu-ns-injustice-przedstawia-sie\/","url":"https:\/\/www.bremer-buendnis.de\/pl\/2024\/04\/26\/zespol-projektu-ns-injustice-przedstawia-sie\/","name":"Zesp\u00f3\u0142 projektu \"NS injustice\" przedstawia si\u0119 - Bremer B\u00fcndnis f\u00fcr deutsch-tschechische Zusammenarbeit","isPartOf":{"@id":"https:\/\/www.bremer-buendnis.de\/pl\/#website"},"primaryImageOfPage":{"@id":"https:\/\/www.bremer-buendnis.de\/pl\/2024\/04\/26\/zespol-projektu-ns-injustice-przedstawia-sie\/#primaryimage"},"image":{"@id":"https:\/\/www.bremer-buendnis.de\/pl\/2024\/04\/26\/zespol-projektu-ns-injustice-przedstawia-sie\/#primaryimage"},"thumbnailUrl":"https:\/\/www.bremer-buendnis.de\/wp-content\/uploads\/2024\/04\/a-scaled.jpg","datePublished":"2024-04-26T11:04:04+00:00","dateModified":"2025-03-04T16:18:26+00:00","breadcrumb":{"@id":"https:\/\/www.bremer-buendnis.de\/pl\/2024\/04\/26\/zespol-projektu-ns-injustice-przedstawia-sie\/#breadcrumb"},"inLanguage":"pl-PL","potentialAction":[{"@type":"ReadAction","target":["https:\/\/www.bremer-buendnis.de\/pl\/2024\/04\/26\/zespol-projektu-ns-injustice-przedstawia-sie\/"]}]},{"@type":"ImageObject","inLanguage":"pl-PL","@id":"https:\/\/www.bremer-buendnis.de\/pl\/2024\/04\/26\/zespol-projektu-ns-injustice-przedstawia-sie\/#primaryimage","url":"https:\/\/www.bremer-buendnis.de\/wp-content\/uploads\/2024\/04\/a-scaled.jpg","contentUrl":"https:\/\/www.bremer-buendnis.de\/wp-content\/uploads\/2024\/04\/a-scaled.jpg","width":2560,"height":1778},{"@type":"BreadcrumbList","@id":"https:\/\/www.bremer-buendnis.de\/pl\/2024\/04\/26\/zespol-projektu-ns-injustice-przedstawia-sie\/#breadcrumb","itemListElement":[{"@type":"ListItem","position":1,"name":"Startseite","item":"https:\/\/www.bremer-buendnis.de\/pl\/"},{"@type":"ListItem","position":2,"name":"Zesp\u00f3\u0142 projektu &#8222;NS injustice&#8221; przedstawia si\u0119"}]},{"@type":"WebSite","@id":"https:\/\/www.bremer-buendnis.de\/pl\/#website","url":"https:\/\/www.bremer-buendnis.de\/pl\/","name":"Bremer B\u00fcndnis f\u00fcr deutsch-tschechische Zusammenarbeit","description":"Das Bremer B\u00fcndnis f\u00fcr deutsch-tschechische Zusammenarbeit e.V. b\u00fcndelt Ideen und Aktivit\u00e4ten mit dem Ziel, die deutsch-tschechische Zusammenarbeit zu f\u00f6rdern und deren Akteure zu vernetzen.","publisher":{"@id":"https:\/\/www.bremer-buendnis.de\/pl\/#organization"},"potentialAction":[{"@type":"SearchAction","target":{"@type":"EntryPoint","urlTemplate":"https:\/\/www.bremer-buendnis.de\/pl\/?s={search_term_string}"},"query-input":{"@type":"PropertyValueSpecification","valueRequired":true,"valueName":"search_term_string"}}],"inLanguage":"pl-PL"},{"@type":"Organization","@id":"https:\/\/www.bremer-buendnis.de\/pl\/#organization","name":"Bremer B\u00fcndnis f\u00fcr deutsch-tschechische Zusammenarbeit","url":"https:\/\/www.bremer-buendnis.de\/pl\/","logo":{"@type":"ImageObject","inLanguage":"pl-PL","@id":"https:\/\/www.bremer-buendnis.de\/pl\/#\/schema\/logo\/image\/","url":"https:\/\/www.bremer-buendnis.de\/wp-content\/uploads\/2019\/12\/cropped-BB_Logo-long_white-1.png","contentUrl":"https:\/\/www.bremer-buendnis.de\/wp-content\/uploads\/2019\/12\/cropped-BB_Logo-long_white-1.png","width":691,"height":250,"caption":"Bremer B\u00fcndnis f\u00fcr deutsch-tschechische Zusammenarbeit"},"image":{"@id":"https:\/\/www.bremer-buendnis.de\/pl\/#\/schema\/logo\/image\/"}},{"@type":"Person","@id":"https:\/\/www.bremer-buendnis.de\/pl\/#\/schema\/person\/3b90fd155032d5aebae7f2f8faf95c46","name":"Klaas","image":{"@type":"ImageObject","inLanguage":"pl-PL","@id":"https:\/\/secure.gravatar.com\/avatar\/1010a8668ddc7fdffc62ef2ecb5764dea117aa05693e201d800ccf9ca334d08d?s=96&d=mm&r=g","url":"https:\/\/secure.gravatar.com\/avatar\/1010a8668ddc7fdffc62ef2ecb5764dea117aa05693e201d800ccf9ca334d08d?s=96&d=mm&r=g","contentUrl":"https:\/\/secure.gravatar.com\/avatar\/1010a8668ddc7fdffc62ef2ecb5764dea117aa05693e201d800ccf9ca334d08d?s=96&d=mm&r=g","caption":"Klaas"},"url":"https:\/\/www.bremer-buendnis.de\/pl\/author\/klaas_bb\/"}]}},"_links":{"self":[{"href":"https:\/\/www.bremer-buendnis.de\/pl\/wp-json\/wp\/v2\/posts\/6090","targetHints":{"allow":["GET"]}}],"collection":[{"href":"https:\/\/www.bremer-buendnis.de\/pl\/wp-json\/wp\/v2\/posts"}],"about":[{"href":"https:\/\/www.bremer-buendnis.de\/pl\/wp-json\/wp\/v2\/types\/post"}],"author":[{"embeddable":true,"href":"https:\/\/www.bremer-buendnis.de\/pl\/wp-json\/wp\/v2\/users\/9"}],"replies":[{"embeddable":true,"href":"https:\/\/www.bremer-buendnis.de\/pl\/wp-json\/wp\/v2\/comments?post=6090"}],"version-history":[{"count":1,"href":"https:\/\/www.bremer-buendnis.de\/pl\/wp-json\/wp\/v2\/posts\/6090\/revisions"}],"predecessor-version":[{"id":6091,"href":"https:\/\/www.bremer-buendnis.de\/pl\/wp-json\/wp\/v2\/posts\/6090\/revisions\/6091"}],"wp:featuredmedia":[{"embeddable":true,"href":"https:\/\/www.bremer-buendnis.de\/pl\/wp-json\/wp\/v2\/media\/5437"}],"wp:attachment":[{"href":"https:\/\/www.bremer-buendnis.de\/pl\/wp-json\/wp\/v2\/media?parent=6090"}],"wp:term":[{"taxonomy":"category","embeddable":true,"href":"https:\/\/www.bremer-buendnis.de\/pl\/wp-json\/wp\/v2\/categories?post=6090"},{"taxonomy":"post_tag","embeddable":true,"href":"https:\/\/www.bremer-buendnis.de\/pl\/wp-json\/wp\/v2\/tags?post=6090"}],"curies":[{"name":"wp","href":"https:\/\/api.w.org\/{rel}","templated":true}]}}