{"id":6098,"date":"2024-04-04T20:50:25","date_gmt":"2024-04-04T18:50:25","guid":{"rendered":"https:\/\/www.bremer-buendnis.de\/2024\/04\/04\/kick-off-nazistowskie-przesladowania-tancerzy-swingowych-i-muzykow-jazzowych-w-bremie-czechach-i-polsce\/"},"modified":"2025-03-04T17:19:19","modified_gmt":"2025-03-04T16:19:19","slug":"kick-off-nazistowskie-przesladowania-tancerzy-swingowych-i-muzykow-jazzowych-w-bremie-czechach-i-polsce","status":"publish","type":"post","link":"https:\/\/www.bremer-buendnis.de\/pl\/2024\/04\/04\/kick-off-nazistowskie-przesladowania-tancerzy-swingowych-i-muzykow-jazzowych-w-bremie-czechach-i-polsce\/","title":{"rendered":"Kick-Off: Nazistowskie prze\u015bladowania tancerzy swingowych i muzyk\u00f3w jazzowych w Bremie, Czechach i Polsce"},"content":{"rendered":"\t\t<div data-elementor-type=\"wp-post\" data-elementor-id=\"6098\" class=\"elementor elementor-6098 elementor-2588\" data-elementor-post-type=\"post\">\n\t\t\t\t<div data-particle_enable=\"false\" data-particle-mobile-disabled=\"false\" class=\"elementor-element elementor-element-6bbf37f e-flex e-con-boxed e-con e-parent\" data-id=\"6bbf37f\" data-element_type=\"container\" data-e-type=\"container\">\n\t\t\t\t\t<div class=\"e-con-inner\">\n\t\t\t\t<div class=\"elementor-element elementor-element-e74927f elementor-widget elementor-widget-heading\" data-id=\"e74927f\" data-element_type=\"widget\" data-e-type=\"widget\" data-widget_type=\"heading.default\">\n\t\t\t\t<div class=\"elementor-widget-container\">\n\t\t\t\t\t<h1 class=\"elementor-heading-title elementor-size-default\">Nazistowskie prze\u015bladowania tancerzy swingowych i muzyk\u00f3w jazzowych w Bremie, Czechach i Polsce\n<\/h1>\t\t\t\t<\/div>\n\t\t\t\t<\/div>\n\t\t\t\t\t<\/div>\n\t\t\t\t<\/div>\n\t\t<div data-particle_enable=\"false\" data-particle-mobile-disabled=\"false\" class=\"elementor-element elementor-element-91395fa e-grid e-con-boxed e-con e-parent\" data-id=\"91395fa\" data-element_type=\"container\" data-e-type=\"container\" data-settings=\"{&quot;background_background&quot;:&quot;classic&quot;}\">\n\t\t\t\t\t<div class=\"e-con-inner\">\n\t\t\t\t<div class=\"elementor-element elementor-element-97c21c1 elementor-widget elementor-widget-image\" data-id=\"97c21c1\" data-element_type=\"widget\" data-e-type=\"widget\" data-widget_type=\"image.default\">\n\t\t\t\t<div class=\"elementor-widget-container\">\n\t\t\t\t\t\t\t\t\t\t\t\t<figure class=\"wp-caption\">\n\t\t\t\t\t\t\t\t\t\t<img fetchpriority=\"high\" decoding=\"async\" width=\"525\" height=\"525\" src=\"https:\/\/www.bremer-buendnis.de\/wp-content\/uploads\/2024\/04\/test-768x768.jpg\" class=\"attachment-medium_large size-medium_large wp-image-5218\" alt=\"\" srcset=\"https:\/\/www.bremer-buendnis.de\/wp-content\/uploads\/2024\/04\/test-768x768.jpg 768w, https:\/\/www.bremer-buendnis.de\/wp-content\/uploads\/2024\/04\/test-300x300.jpg 300w, https:\/\/www.bremer-buendnis.de\/wp-content\/uploads\/2024\/04\/test-1024x1024.jpg 1024w, https:\/\/www.bremer-buendnis.de\/wp-content\/uploads\/2024\/04\/test-150x150.jpg 150w, https:\/\/www.bremer-buendnis.de\/wp-content\/uploads\/2024\/04\/test-100x100.jpg 100w, https:\/\/www.bremer-buendnis.de\/wp-content\/uploads\/2024\/04\/test.jpg 1080w\" sizes=\"100vw\" \/>\t\t\t\t\t\t\t\t\t\t\t<figcaption class=\"widget-image-caption wp-caption-text\"><\/figcaption>\n\t\t\t\t\t\t\t\t\t\t<\/figure>\n\t\t\t\t\t\t\t\t\t<\/div>\n\t\t\t\t<\/div>\n\t\t\t\t<div class=\"elementor-element elementor-element-48b2b99 elementor-widget elementor-widget-text-editor\" data-id=\"48b2b99\" data-element_type=\"widget\" data-e-type=\"widget\" data-widget_type=\"text-editor.default\">\n\t\t\t\t<div class=\"elementor-widget-container\">\n\t\t\t\t\t\t\t\t\t<p>Na otwarcie festiwalu i inauguracj\u0119 projektu &#8222;Nazistowska niesprawiedliwo\u015b\u0107 'Zwyrodnia\u0142a muzyka&#8217;. Prze\u015bladowani tancerze swingowi i muzycy jazzowi w p\u00f3\u0142nocno-zachodnich Niemczech, Czechach i Polsce&#8221; realizowanego przez BBfd-tZ, partnerzy projektu z Pragi, Warszawy i Gda\u0144ska om\u00f3wi\u0105 r\u00f3\u017cne metody prze\u015bladowa\u0144 stosowane przez re\u017cim nazistowski z breme\u0144sk\u0105 historyczk\u0105 Birgit Tillmann. Przedstawi\u0105 r\u00f3wnie\u017c dzia\u0142ania zaplanowane w czterech lokalizacjach do grudnia 2025 r. w celu zakotwiczenia tej dotychczas ma\u0142o znanej nazistowskiej niesprawiedliwo\u015bci w \u015bwiadomo\u015bci publicznej w trzech krajach, a tak\u017ce na arenie mi\u0119dzynarodowej. <\/p>\n<p>Nast\u0119pnie wyst\u0105pi czeski zesp\u00f3\u0142 swingowy <em>Jakub \u0160afr &amp; Swing Trio Avalon<\/em>. Koncert odb\u0119dzie si\u0119 w ramach pota\u0144c\u00f3wki towarzyskiej we wsp\u00f3\u0142pracy z breme\u0144skim klubem tanecznym Swing Man Tau. <\/p>\n<p>Powitanie: Michael Maj, Konsul Honorowy Republiki Czeskiej w Bremie<\/p><\/p>\n\t\t\t\t\t\t\t\t<\/div>\n\t\t\t\t<\/div>\n\t\t<div data-particle_enable=\"false\" data-particle-mobile-disabled=\"false\" class=\"elementor-element elementor-element-79bd3c4 e-con-full e-flex e-con e-child\" data-id=\"79bd3c4\" data-element_type=\"container\" data-e-type=\"container\">\n\t\t\t\t<div class=\"elementor-element elementor-element-bd558fc elementor-widget elementor-widget-text-editor\" data-id=\"bd558fc\" data-element_type=\"widget\" data-e-type=\"widget\" data-widget_type=\"text-editor.default\">\n\t\t\t\t<div class=\"elementor-widget-container\">\n\t\t\t\t\t\t\t\t\t<p><i><strong>Sat, 06.04.2024<\/strong><\/i><\/p>\n<p><em>Dyskusja, koncert i taniec<\/em><\/p>\n<p>Zjednoczony Ko\u015bci\u00f3\u0142 Ewangelicki Brema-Neustadt (Gro\u00dfe Krankenstra\u00dfe 11, 28199 Brema)<\/p>\n<p>19:00<\/p>\n<p><em>Wst\u0119p wolny  <br \/><\/em><\/p>\n<p><a href=\"https:\/\/docs.google.com\/forms\/d\/e\/1FAIpQLSff7t6UaJjtLMCbORV1QNDUrv91gxN9W9Oyx9PXp5TAcYa9qQ\/viewform\"><strong>Rejestracja (kliknij tutaj)<\/strong><\/a><\/p>\n\t\t\t\t\t\t\t\t<\/div>\n\t\t\t\t<\/div>\n\t\t\t\t<\/div>\n\t\t\t\t<div class=\"elementor-element elementor-element-a5e4141 elementor-widget elementor-widget-text-editor\" data-id=\"a5e4141\" data-element_type=\"widget\" data-e-type=\"widget\" data-widget_type=\"text-editor.default\">\n\t\t\t\t<div class=\"elementor-widget-container\">\n\t\t\t\t\t\t\t\t\t<p>Go\u015bcie: Birgit K\u00f6hler, Petr Koura, Andrzej Rumianowski, Justyna Gorgo\u0144<\/p>\n<p>Moderacja: Natalie Reinsch<\/p>\n<p><em>Projekt jest finansowany przez Fundacj\u0119 Pami\u0119\u0107, Odpowiedzialno\u015b\u0107 i Przysz\u0142o\u015b\u0107 (EVZ) oraz Federalne Ministerstwo Finans\u00f3w (BMF) w ramach programu edukacyjnego dotycz\u0105cego niesprawiedliwo\u015bci nazistowskiej.<\/em><\/p>\n<p>Jakub \u0160afr &amp; Swing Trio Avalon<\/p>\n<p>Fortepian: Jakub \u0160afr<\/p>\n<p>Klarnet: Martin Vo\u0159\u00ed\u0161ek<\/p>\n<p>Perkusja: Jan Kube\u0161<\/p>\n<p>Wokal: Petra Chlebn\u00ed\u010dkov\u00e1<\/p>\n\t\t\t\t\t\t\t\t<\/div>\n\t\t\t\t<\/div>\n\t\t\t\t\t<\/div>\n\t\t\t\t<\/div>\n\t\t<div data-particle_enable=\"false\" data-particle-mobile-disabled=\"false\" class=\"elementor-element elementor-element-aff2421 e-flex e-con-boxed e-con e-parent\" data-id=\"aff2421\" data-element_type=\"container\" data-e-type=\"container\">\n\t\t\t\t\t<div class=\"e-con-inner\">\n\t\t\t\t\t<\/div>\n\t\t\t\t<\/div>\n\t\t\t\t<\/div>\n\t\t","protected":false},"excerpt":{"rendered":"<p>Nazistowskie prze\u015bladowania tancerzy swingowych i muzyk\u00f3w jazzowych w Bremie, Czechach i Polsce Na otwarcie festiwalu i inauguracj\u0119 projektu &#8222;Nazistowska niesprawiedliwo\u015b\u0107 'Zwyrodnia\u0142a muzyka&#8217;. Prze\u015bladowani tancerze swingowi i muzycy jazzowi w p\u00f3\u0142nocno-zachodnich Niemczech, Czechach i Polsce&#8221; realizowanego przez BBfd-tZ, partnerzy projektu z Pragi, Warszawy i Gda\u0144ska om\u00f3wi\u0105 r\u00f3\u017cne metody prze\u015bladowa\u0144 stosowane przez re\u017cim nazistowski z breme\u0144sk\u0105 historyczk\u0105 &hellip; <\/p>\n<p class=\"link-more\"><a href=\"https:\/\/www.bremer-buendnis.de\/pl\/2024\/04\/04\/kick-off-nazistowskie-przesladowania-tancerzy-swingowych-i-muzykow-jazzowych-w-bremie-czechach-i-polsce\/\" class=\"more-link\">Czytaj dalej<span class=\"screen-reader-text\"> \u201eKick-Off: Nazistowskie prze\u015bladowania tancerzy swingowych i muzyk\u00f3w jazzowych w Bremie, Czechach i Polsce\u201d<\/span><\/a><\/p>\n","protected":false},"author":9,"featured_media":5221,"comment_status":"closed","ping_status":"open","sticky":false,"template":"elementor_header_footer","format":"standard","meta":{"footnotes":"","_links_to":"","_links_to_target":""},"categories":[49,50],"tags":[],"class_list":["post-6098","post","type-post","status-publish","format-standard","has-post-thumbnail","hentry","category-aktualnosci","category-hustawka"],"yoast_head":"<!-- This site is optimized with the Yoast SEO plugin v27.2 - https:\/\/yoast.com\/product\/yoast-seo-wordpress\/ -->\n<title>Kick-Off: Nazistowskie prze\u015bladowania tancerzy swingowych i muzyk\u00f3w jazzowych w Bremie, Czechach i Polsce - Bremer B\u00fcndnis f\u00fcr deutsch-tschechische Zusammenarbeit<\/title>\n<meta name=\"robots\" content=\"index, follow, max-snippet:-1, max-image-preview:large, max-video-preview:-1\" \/>\n<link rel=\"canonical\" href=\"https:\/\/www.bremer-buendnis.de\/pl\/2024\/04\/04\/kick-off-nazistowskie-przesladowania-tancerzy-swingowych-i-muzykow-jazzowych-w-bremie-czechach-i-polsce\/\" \/>\n<meta property=\"og:locale\" content=\"pl_PL\" \/>\n<meta property=\"og:type\" content=\"article\" \/>\n<meta property=\"og:title\" content=\"Kick-Off: Nazistowskie prze\u015bladowania tancerzy swingowych i muzyk\u00f3w jazzowych w Bremie, Czechach i Polsce - Bremer B\u00fcndnis f\u00fcr deutsch-tschechische Zusammenarbeit\" \/>\n<meta property=\"og:description\" content=\"Nazistowskie prze\u015bladowania tancerzy swingowych i muzyk\u00f3w jazzowych w Bremie, Czechach i Polsce Na otwarcie festiwalu i inauguracj\u0119 projektu &#8222;Nazistowska niesprawiedliwo\u015b\u0107 &#039;Zwyrodnia\u0142a muzyka&#8217;. Prze\u015bladowani tancerze swingowi i muzycy jazzowi w p\u00f3\u0142nocno-zachodnich Niemczech, Czechach i Polsce&#8221; realizowanego przez BBfd-tZ, partnerzy projektu z Pragi, Warszawy i Gda\u0144ska om\u00f3wi\u0105 r\u00f3\u017cne metody prze\u015bladowa\u0144 stosowane przez re\u017cim nazistowski z breme\u0144sk\u0105 historyczk\u0105 &hellip; Czytaj dalej \u201eKick-Off: Nazistowskie prze\u015bladowania tancerzy swingowych i muzyk\u00f3w jazzowych w Bremie, Czechach i Polsce\u201d\" \/>\n<meta property=\"og:url\" content=\"https:\/\/www.bremer-buendnis.de\/pl\/2024\/04\/04\/kick-off-nazistowskie-przesladowania-tancerzy-swingowych-i-muzykow-jazzowych-w-bremie-czechach-i-polsce\/\" \/>\n<meta property=\"og:site_name\" content=\"Bremer B\u00fcndnis f\u00fcr deutsch-tschechische Zusammenarbeit\" \/>\n<meta property=\"article:published_time\" content=\"2024-04-04T18:50:25+00:00\" \/>\n<meta property=\"article:modified_time\" content=\"2025-03-04T16:19:19+00:00\" \/>\n<meta property=\"og:image\" content=\"https:\/\/www.bremer-buendnis.de\/wp-content\/uploads\/2024\/04\/Bildschirm\u00adfoto-2024-04-04-um-21.01.22-853x1024.png\" \/>\n\t<meta property=\"og:image:width\" content=\"853\" \/>\n\t<meta property=\"og:image:height\" content=\"1024\" \/>\n\t<meta property=\"og:image:type\" content=\"image\/png\" \/>\n<meta name=\"author\" content=\"Klaas\" \/>\n<meta name=\"twitter:card\" content=\"summary_large_image\" \/>\n<meta name=\"twitter:label1\" content=\"Napisane przez\" \/>\n\t<meta name=\"twitter:data1\" content=\"Klaas\" \/>\n\t<meta name=\"twitter:label2\" content=\"Szacowany czas czytania\" \/>\n\t<meta name=\"twitter:data2\" content=\"1 minuta\" \/>\n<script type=\"application\/ld+json\" class=\"yoast-schema-graph\">{\"@context\":\"https:\/\/schema.org\",\"@graph\":[{\"@type\":\"Article\",\"@id\":\"https:\/\/www.bremer-buendnis.de\/pl\/2024\/04\/04\/kick-off-nazistowskie-przesladowania-tancerzy-swingowych-i-muzykow-jazzowych-w-bremie-czechach-i-polsce\/#article\",\"isPartOf\":{\"@id\":\"https:\/\/www.bremer-buendnis.de\/pl\/2024\/04\/04\/kick-off-nazistowskie-przesladowania-tancerzy-swingowych-i-muzykow-jazzowych-w-bremie-czechach-i-polsce\/\"},\"author\":{\"name\":\"Klaas\",\"@id\":\"https:\/\/www.bremer-buendnis.de\/pl\/#\/schema\/person\/3b90fd155032d5aebae7f2f8faf95c46\"},\"headline\":\"Kick-Off: Nazistowskie prze\u015bladowania tancerzy swingowych i muzyk\u00f3w jazzowych w Bremie, Czechach i Polsce\",\"datePublished\":\"2024-04-04T18:50:25+00:00\",\"dateModified\":\"2025-03-04T16:19:19+00:00\",\"mainEntityOfPage\":{\"@id\":\"https:\/\/www.bremer-buendnis.de\/pl\/2024\/04\/04\/kick-off-nazistowskie-przesladowania-tancerzy-swingowych-i-muzykow-jazzowych-w-bremie-czechach-i-polsce\/\"},\"wordCount\":244,\"publisher\":{\"@id\":\"https:\/\/www.bremer-buendnis.de\/pl\/#organization\"},\"image\":{\"@id\":\"https:\/\/www.bremer-buendnis.de\/pl\/2024\/04\/04\/kick-off-nazistowskie-przesladowania-tancerzy-swingowych-i-muzykow-jazzowych-w-bremie-czechach-i-polsce\/#primaryimage\"},\"thumbnailUrl\":\"https:\/\/www.bremer-buendnis.de\/wp-content\/uploads\/2024\/04\/Bildschirm\u00adfoto-2024-04-04-um-21.01.22.png\",\"articleSection\":[\"Aktualno\u015bci\",\"Hu\u015btawka\"],\"inLanguage\":\"pl-PL\"},{\"@type\":\"WebPage\",\"@id\":\"https:\/\/www.bremer-buendnis.de\/pl\/2024\/04\/04\/kick-off-nazistowskie-przesladowania-tancerzy-swingowych-i-muzykow-jazzowych-w-bremie-czechach-i-polsce\/\",\"url\":\"https:\/\/www.bremer-buendnis.de\/pl\/2024\/04\/04\/kick-off-nazistowskie-przesladowania-tancerzy-swingowych-i-muzykow-jazzowych-w-bremie-czechach-i-polsce\/\",\"name\":\"Kick-Off: Nazistowskie prze\u015bladowania tancerzy swingowych i muzyk\u00f3w jazzowych w Bremie, Czechach i Polsce - Bremer B\u00fcndnis f\u00fcr deutsch-tschechische Zusammenarbeit\",\"isPartOf\":{\"@id\":\"https:\/\/www.bremer-buendnis.de\/pl\/#website\"},\"primaryImageOfPage\":{\"@id\":\"https:\/\/www.bremer-buendnis.de\/pl\/2024\/04\/04\/kick-off-nazistowskie-przesladowania-tancerzy-swingowych-i-muzykow-jazzowych-w-bremie-czechach-i-polsce\/#primaryimage\"},\"image\":{\"@id\":\"https:\/\/www.bremer-buendnis.de\/pl\/2024\/04\/04\/kick-off-nazistowskie-przesladowania-tancerzy-swingowych-i-muzykow-jazzowych-w-bremie-czechach-i-polsce\/#primaryimage\"},\"thumbnailUrl\":\"https:\/\/www.bremer-buendnis.de\/wp-content\/uploads\/2024\/04\/Bildschirm\u00adfoto-2024-04-04-um-21.01.22.png\",\"datePublished\":\"2024-04-04T18:50:25+00:00\",\"dateModified\":\"2025-03-04T16:19:19+00:00\",\"breadcrumb\":{\"@id\":\"https:\/\/www.bremer-buendnis.de\/pl\/2024\/04\/04\/kick-off-nazistowskie-przesladowania-tancerzy-swingowych-i-muzykow-jazzowych-w-bremie-czechach-i-polsce\/#breadcrumb\"},\"inLanguage\":\"pl-PL\",\"potentialAction\":[{\"@type\":\"ReadAction\",\"target\":[\"https:\/\/www.bremer-buendnis.de\/pl\/2024\/04\/04\/kick-off-nazistowskie-przesladowania-tancerzy-swingowych-i-muzykow-jazzowych-w-bremie-czechach-i-polsce\/\"]}]},{\"@type\":\"ImageObject\",\"inLanguage\":\"pl-PL\",\"@id\":\"https:\/\/www.bremer-buendnis.de\/pl\/2024\/04\/04\/kick-off-nazistowskie-przesladowania-tancerzy-swingowych-i-muzykow-jazzowych-w-bremie-czechach-i-polsce\/#primaryimage\",\"url\":\"https:\/\/www.bremer-buendnis.de\/wp-content\/uploads\/2024\/04\/Bildschirm\u00adfoto-2024-04-04-um-21.01.22.png\",\"contentUrl\":\"https:\/\/www.bremer-buendnis.de\/wp-content\/uploads\/2024\/04\/Bildschirm\u00adfoto-2024-04-04-um-21.01.22.png\",\"width\":998,\"height\":1198},{\"@type\":\"BreadcrumbList\",\"@id\":\"https:\/\/www.bremer-buendnis.de\/pl\/2024\/04\/04\/kick-off-nazistowskie-przesladowania-tancerzy-swingowych-i-muzykow-jazzowych-w-bremie-czechach-i-polsce\/#breadcrumb\",\"itemListElement\":[{\"@type\":\"ListItem\",\"position\":1,\"name\":\"Startseite\",\"item\":\"https:\/\/www.bremer-buendnis.de\/pl\/\"},{\"@type\":\"ListItem\",\"position\":2,\"name\":\"Kick-Off: Nazistowskie prze\u015bladowania tancerzy swingowych i muzyk\u00f3w jazzowych w Bremie, Czechach i Polsce\"}]},{\"@type\":\"WebSite\",\"@id\":\"https:\/\/www.bremer-buendnis.de\/pl\/#website\",\"url\":\"https:\/\/www.bremer-buendnis.de\/pl\/\",\"name\":\"Bremer B\u00fcndnis f\u00fcr deutsch-tschechische Zusammenarbeit\",\"description\":\"Das Bremer B\u00fcndnis f\u00fcr deutsch-tschechische Zusammenarbeit e.V. b\u00fcndelt Ideen und Aktivit\u00e4ten mit dem Ziel, die deutsch-tschechische Zusammenarbeit zu f\u00f6rdern und deren Akteure zu vernetzen.\",\"publisher\":{\"@id\":\"https:\/\/www.bremer-buendnis.de\/pl\/#organization\"},\"potentialAction\":[{\"@type\":\"SearchAction\",\"target\":{\"@type\":\"EntryPoint\",\"urlTemplate\":\"https:\/\/www.bremer-buendnis.de\/pl\/?s={search_term_string}\"},\"query-input\":{\"@type\":\"PropertyValueSpecification\",\"valueRequired\":true,\"valueName\":\"search_term_string\"}}],\"inLanguage\":\"pl-PL\"},{\"@type\":\"Organization\",\"@id\":\"https:\/\/www.bremer-buendnis.de\/pl\/#organization\",\"name\":\"Bremer B\u00fcndnis f\u00fcr deutsch-tschechische Zusammenarbeit\",\"url\":\"https:\/\/www.bremer-buendnis.de\/pl\/\",\"logo\":{\"@type\":\"ImageObject\",\"inLanguage\":\"pl-PL\",\"@id\":\"https:\/\/www.bremer-buendnis.de\/pl\/#\/schema\/logo\/image\/\",\"url\":\"https:\/\/www.bremer-buendnis.de\/wp-content\/uploads\/2019\/12\/cropped-BB_Logo-long_white-1.png\",\"contentUrl\":\"https:\/\/www.bremer-buendnis.de\/wp-content\/uploads\/2019\/12\/cropped-BB_Logo-long_white-1.png\",\"width\":691,\"height\":250,\"caption\":\"Bremer B\u00fcndnis f\u00fcr deutsch-tschechische Zusammenarbeit\"},\"image\":{\"@id\":\"https:\/\/www.bremer-buendnis.de\/pl\/#\/schema\/logo\/image\/\"}},{\"@type\":\"Person\",\"@id\":\"https:\/\/www.bremer-buendnis.de\/pl\/#\/schema\/person\/3b90fd155032d5aebae7f2f8faf95c46\",\"name\":\"Klaas\",\"image\":{\"@type\":\"ImageObject\",\"inLanguage\":\"pl-PL\",\"@id\":\"https:\/\/secure.gravatar.com\/avatar\/1010a8668ddc7fdffc62ef2ecb5764dea117aa05693e201d800ccf9ca334d08d?s=96&d=mm&r=g\",\"url\":\"https:\/\/secure.gravatar.com\/avatar\/1010a8668ddc7fdffc62ef2ecb5764dea117aa05693e201d800ccf9ca334d08d?s=96&d=mm&r=g\",\"contentUrl\":\"https:\/\/secure.gravatar.com\/avatar\/1010a8668ddc7fdffc62ef2ecb5764dea117aa05693e201d800ccf9ca334d08d?s=96&d=mm&r=g\",\"caption\":\"Klaas\"},\"url\":\"https:\/\/www.bremer-buendnis.de\/pl\/author\/klaas_bb\/\"}]}<\/script>\n<!-- \/ Yoast SEO plugin. -->","yoast_head_json":{"title":"Kick-Off: Nazistowskie prze\u015bladowania tancerzy swingowych i muzyk\u00f3w jazzowych w Bremie, Czechach i Polsce - Bremer B\u00fcndnis f\u00fcr deutsch-tschechische Zusammenarbeit","robots":{"index":"index","follow":"follow","max-snippet":"max-snippet:-1","max-image-preview":"max-image-preview:large","max-video-preview":"max-video-preview:-1"},"canonical":"https:\/\/www.bremer-buendnis.de\/pl\/2024\/04\/04\/kick-off-nazistowskie-przesladowania-tancerzy-swingowych-i-muzykow-jazzowych-w-bremie-czechach-i-polsce\/","og_locale":"pl_PL","og_type":"article","og_title":"Kick-Off: Nazistowskie prze\u015bladowania tancerzy swingowych i muzyk\u00f3w jazzowych w Bremie, Czechach i Polsce - Bremer B\u00fcndnis f\u00fcr deutsch-tschechische Zusammenarbeit","og_description":"Nazistowskie prze\u015bladowania tancerzy swingowych i muzyk\u00f3w jazzowych w Bremie, Czechach i Polsce Na otwarcie festiwalu i inauguracj\u0119 projektu &#8222;Nazistowska niesprawiedliwo\u015b\u0107 'Zwyrodnia\u0142a muzyka&#8217;. Prze\u015bladowani tancerze swingowi i muzycy jazzowi w p\u00f3\u0142nocno-zachodnich Niemczech, Czechach i Polsce&#8221; realizowanego przez BBfd-tZ, partnerzy projektu z Pragi, Warszawy i Gda\u0144ska om\u00f3wi\u0105 r\u00f3\u017cne metody prze\u015bladowa\u0144 stosowane przez re\u017cim nazistowski z breme\u0144sk\u0105 historyczk\u0105 &hellip; Czytaj dalej \u201eKick-Off: Nazistowskie prze\u015bladowania tancerzy swingowych i muzyk\u00f3w jazzowych w Bremie, Czechach i Polsce\u201d","og_url":"https:\/\/www.bremer-buendnis.de\/pl\/2024\/04\/04\/kick-off-nazistowskie-przesladowania-tancerzy-swingowych-i-muzykow-jazzowych-w-bremie-czechach-i-polsce\/","og_site_name":"Bremer B\u00fcndnis f\u00fcr deutsch-tschechische Zusammenarbeit","article_published_time":"2024-04-04T18:50:25+00:00","article_modified_time":"2025-03-04T16:19:19+00:00","og_image":[{"width":853,"height":1024,"url":"https:\/\/www.bremer-buendnis.de\/wp-content\/uploads\/2024\/04\/Bildschirm\u00adfoto-2024-04-04-um-21.01.22-853x1024.png","type":"image\/png"}],"author":"Klaas","twitter_card":"summary_large_image","twitter_misc":{"Napisane przez":"Klaas","Szacowany czas czytania":"1 minuta"},"schema":{"@context":"https:\/\/schema.org","@graph":[{"@type":"Article","@id":"https:\/\/www.bremer-buendnis.de\/pl\/2024\/04\/04\/kick-off-nazistowskie-przesladowania-tancerzy-swingowych-i-muzykow-jazzowych-w-bremie-czechach-i-polsce\/#article","isPartOf":{"@id":"https:\/\/www.bremer-buendnis.de\/pl\/2024\/04\/04\/kick-off-nazistowskie-przesladowania-tancerzy-swingowych-i-muzykow-jazzowych-w-bremie-czechach-i-polsce\/"},"author":{"name":"Klaas","@id":"https:\/\/www.bremer-buendnis.de\/pl\/#\/schema\/person\/3b90fd155032d5aebae7f2f8faf95c46"},"headline":"Kick-Off: Nazistowskie prze\u015bladowania tancerzy swingowych i muzyk\u00f3w jazzowych w Bremie, Czechach i Polsce","datePublished":"2024-04-04T18:50:25+00:00","dateModified":"2025-03-04T16:19:19+00:00","mainEntityOfPage":{"@id":"https:\/\/www.bremer-buendnis.de\/pl\/2024\/04\/04\/kick-off-nazistowskie-przesladowania-tancerzy-swingowych-i-muzykow-jazzowych-w-bremie-czechach-i-polsce\/"},"wordCount":244,"publisher":{"@id":"https:\/\/www.bremer-buendnis.de\/pl\/#organization"},"image":{"@id":"https:\/\/www.bremer-buendnis.de\/pl\/2024\/04\/04\/kick-off-nazistowskie-przesladowania-tancerzy-swingowych-i-muzykow-jazzowych-w-bremie-czechach-i-polsce\/#primaryimage"},"thumbnailUrl":"https:\/\/www.bremer-buendnis.de\/wp-content\/uploads\/2024\/04\/Bildschirm\u00adfoto-2024-04-04-um-21.01.22.png","articleSection":["Aktualno\u015bci","Hu\u015btawka"],"inLanguage":"pl-PL"},{"@type":"WebPage","@id":"https:\/\/www.bremer-buendnis.de\/pl\/2024\/04\/04\/kick-off-nazistowskie-przesladowania-tancerzy-swingowych-i-muzykow-jazzowych-w-bremie-czechach-i-polsce\/","url":"https:\/\/www.bremer-buendnis.de\/pl\/2024\/04\/04\/kick-off-nazistowskie-przesladowania-tancerzy-swingowych-i-muzykow-jazzowych-w-bremie-czechach-i-polsce\/","name":"Kick-Off: Nazistowskie prze\u015bladowania tancerzy swingowych i muzyk\u00f3w jazzowych w Bremie, Czechach i Polsce - Bremer B\u00fcndnis f\u00fcr deutsch-tschechische Zusammenarbeit","isPartOf":{"@id":"https:\/\/www.bremer-buendnis.de\/pl\/#website"},"primaryImageOfPage":{"@id":"https:\/\/www.bremer-buendnis.de\/pl\/2024\/04\/04\/kick-off-nazistowskie-przesladowania-tancerzy-swingowych-i-muzykow-jazzowych-w-bremie-czechach-i-polsce\/#primaryimage"},"image":{"@id":"https:\/\/www.bremer-buendnis.de\/pl\/2024\/04\/04\/kick-off-nazistowskie-przesladowania-tancerzy-swingowych-i-muzykow-jazzowych-w-bremie-czechach-i-polsce\/#primaryimage"},"thumbnailUrl":"https:\/\/www.bremer-buendnis.de\/wp-content\/uploads\/2024\/04\/Bildschirm\u00adfoto-2024-04-04-um-21.01.22.png","datePublished":"2024-04-04T18:50:25+00:00","dateModified":"2025-03-04T16:19:19+00:00","breadcrumb":{"@id":"https:\/\/www.bremer-buendnis.de\/pl\/2024\/04\/04\/kick-off-nazistowskie-przesladowania-tancerzy-swingowych-i-muzykow-jazzowych-w-bremie-czechach-i-polsce\/#breadcrumb"},"inLanguage":"pl-PL","potentialAction":[{"@type":"ReadAction","target":["https:\/\/www.bremer-buendnis.de\/pl\/2024\/04\/04\/kick-off-nazistowskie-przesladowania-tancerzy-swingowych-i-muzykow-jazzowych-w-bremie-czechach-i-polsce\/"]}]},{"@type":"ImageObject","inLanguage":"pl-PL","@id":"https:\/\/www.bremer-buendnis.de\/pl\/2024\/04\/04\/kick-off-nazistowskie-przesladowania-tancerzy-swingowych-i-muzykow-jazzowych-w-bremie-czechach-i-polsce\/#primaryimage","url":"https:\/\/www.bremer-buendnis.de\/wp-content\/uploads\/2024\/04\/Bildschirm\u00adfoto-2024-04-04-um-21.01.22.png","contentUrl":"https:\/\/www.bremer-buendnis.de\/wp-content\/uploads\/2024\/04\/Bildschirm\u00adfoto-2024-04-04-um-21.01.22.png","width":998,"height":1198},{"@type":"BreadcrumbList","@id":"https:\/\/www.bremer-buendnis.de\/pl\/2024\/04\/04\/kick-off-nazistowskie-przesladowania-tancerzy-swingowych-i-muzykow-jazzowych-w-bremie-czechach-i-polsce\/#breadcrumb","itemListElement":[{"@type":"ListItem","position":1,"name":"Startseite","item":"https:\/\/www.bremer-buendnis.de\/pl\/"},{"@type":"ListItem","position":2,"name":"Kick-Off: Nazistowskie prze\u015bladowania tancerzy swingowych i muzyk\u00f3w jazzowych w Bremie, Czechach i Polsce"}]},{"@type":"WebSite","@id":"https:\/\/www.bremer-buendnis.de\/pl\/#website","url":"https:\/\/www.bremer-buendnis.de\/pl\/","name":"Bremer B\u00fcndnis f\u00fcr deutsch-tschechische Zusammenarbeit","description":"Das Bremer B\u00fcndnis f\u00fcr deutsch-tschechische Zusammenarbeit e.V. b\u00fcndelt Ideen und Aktivit\u00e4ten mit dem Ziel, die deutsch-tschechische Zusammenarbeit zu f\u00f6rdern und deren Akteure zu vernetzen.","publisher":{"@id":"https:\/\/www.bremer-buendnis.de\/pl\/#organization"},"potentialAction":[{"@type":"SearchAction","target":{"@type":"EntryPoint","urlTemplate":"https:\/\/www.bremer-buendnis.de\/pl\/?s={search_term_string}"},"query-input":{"@type":"PropertyValueSpecification","valueRequired":true,"valueName":"search_term_string"}}],"inLanguage":"pl-PL"},{"@type":"Organization","@id":"https:\/\/www.bremer-buendnis.de\/pl\/#organization","name":"Bremer B\u00fcndnis f\u00fcr deutsch-tschechische Zusammenarbeit","url":"https:\/\/www.bremer-buendnis.de\/pl\/","logo":{"@type":"ImageObject","inLanguage":"pl-PL","@id":"https:\/\/www.bremer-buendnis.de\/pl\/#\/schema\/logo\/image\/","url":"https:\/\/www.bremer-buendnis.de\/wp-content\/uploads\/2019\/12\/cropped-BB_Logo-long_white-1.png","contentUrl":"https:\/\/www.bremer-buendnis.de\/wp-content\/uploads\/2019\/12\/cropped-BB_Logo-long_white-1.png","width":691,"height":250,"caption":"Bremer B\u00fcndnis f\u00fcr deutsch-tschechische Zusammenarbeit"},"image":{"@id":"https:\/\/www.bremer-buendnis.de\/pl\/#\/schema\/logo\/image\/"}},{"@type":"Person","@id":"https:\/\/www.bremer-buendnis.de\/pl\/#\/schema\/person\/3b90fd155032d5aebae7f2f8faf95c46","name":"Klaas","image":{"@type":"ImageObject","inLanguage":"pl-PL","@id":"https:\/\/secure.gravatar.com\/avatar\/1010a8668ddc7fdffc62ef2ecb5764dea117aa05693e201d800ccf9ca334d08d?s=96&d=mm&r=g","url":"https:\/\/secure.gravatar.com\/avatar\/1010a8668ddc7fdffc62ef2ecb5764dea117aa05693e201d800ccf9ca334d08d?s=96&d=mm&r=g","contentUrl":"https:\/\/secure.gravatar.com\/avatar\/1010a8668ddc7fdffc62ef2ecb5764dea117aa05693e201d800ccf9ca334d08d?s=96&d=mm&r=g","caption":"Klaas"},"url":"https:\/\/www.bremer-buendnis.de\/pl\/author\/klaas_bb\/"}]}},"_links":{"self":[{"href":"https:\/\/www.bremer-buendnis.de\/pl\/wp-json\/wp\/v2\/posts\/6098","targetHints":{"allow":["GET"]}}],"collection":[{"href":"https:\/\/www.bremer-buendnis.de\/pl\/wp-json\/wp\/v2\/posts"}],"about":[{"href":"https:\/\/www.bremer-buendnis.de\/pl\/wp-json\/wp\/v2\/types\/post"}],"author":[{"embeddable":true,"href":"https:\/\/www.bremer-buendnis.de\/pl\/wp-json\/wp\/v2\/users\/9"}],"replies":[{"embeddable":true,"href":"https:\/\/www.bremer-buendnis.de\/pl\/wp-json\/wp\/v2\/comments?post=6098"}],"version-history":[{"count":1,"href":"https:\/\/www.bremer-buendnis.de\/pl\/wp-json\/wp\/v2\/posts\/6098\/revisions"}],"predecessor-version":[{"id":6099,"href":"https:\/\/www.bremer-buendnis.de\/pl\/wp-json\/wp\/v2\/posts\/6098\/revisions\/6099"}],"wp:featuredmedia":[{"embeddable":true,"href":"https:\/\/www.bremer-buendnis.de\/pl\/wp-json\/wp\/v2\/media\/5221"}],"wp:attachment":[{"href":"https:\/\/www.bremer-buendnis.de\/pl\/wp-json\/wp\/v2\/media?parent=6098"}],"wp:term":[{"taxonomy":"category","embeddable":true,"href":"https:\/\/www.bremer-buendnis.de\/pl\/wp-json\/wp\/v2\/categories?post=6098"},{"taxonomy":"post_tag","embeddable":true,"href":"https:\/\/www.bremer-buendnis.de\/pl\/wp-json\/wp\/v2\/tags?post=6098"}],"curies":[{"name":"wp","href":"https:\/\/api.w.org\/{rel}","templated":true}]}}